{"id":40845,"date":"2018-02-14T09:39:17","date_gmt":"2018-02-14T12:39:17","guid":{"rendered":"http:\/\/caririemacao.com\/1\/?p=40845"},"modified":"2018-02-14T09:39:17","modified_gmt":"2018-02-14T12:39:17","slug":"crianca-de-10-anos-fica-ferida-apos-sofrer-tiro-de-outro-menor","status":"publish","type":"post","link":"https:\/\/www.caririemacao.com\/1\/2018\/02\/14\/crianca-de-10-anos-fica-ferida-apos-sofrer-tiro-de-outro-menor\/","title":{"rendered":"Crian\u00e7a de 10 anos fica ferida ap\u00f3s sofrer tiro de outro menor"},"content":{"rendered":"<p>Nesta ter\u00e7a-feira (13) Policiais Civis das Delegacias de Serra Branca e S\u00e3o Jo\u00e3o do Cariri, receberam a den\u00fancia de que havia ocorrido disparos de arma de fogo na cidade de Parari e uma pessoa teria sido atingida, e socorrida ao Hospital de Geral de Serra Branca.<\/p>\n<p>Inicialmente as Equipes de Investigadores, foram at\u00e9 o Hospital e identificou vitima como sendo uma crian\u00e7a de 10 anos. Ela foi atingida com o disparo no seu t\u00f3rax a deixando em estado grave, mas ap\u00f3s trabalho da equipe m\u00e9dica, seu quadro foi estabilizado e posteriormente encaminhado para o Hospital de Emerg\u00eancia e Trauma na cidade de Campina Grande.<\/p>\n<p>Ap\u00f3s colher informa\u00e7\u00f5es os investigadores da Pol\u00edcia Civil se deslocaram a Parari e localizaram o autor do disparo, sendo outra crian\u00e7a de 12 anos. A crian\u00e7a confirmou que fez uso da arma de fogo, que segundo ele pertence ao seu padrasto.<\/p>\n<p>De acordo com informa\u00e7\u00f5es apuradas pelo Portal Para\u00edba Mix, Buscas foram realizadas pelos policiais que localizaram o respons\u00e1vel pela arma. O mesmo colaborou e entregou a arma utilizada pelo menor e outra que tinha em sua posse, mas que em virtude do corrido estavam escondidas em um terreno vizinho a sua resid\u00eancia.<\/p>\n<p>Todos os envolvidos no ocorrido foram encaminhados \u00e0 Delegacia de Pol\u00edcia Civil, onde foram lavrados os respectivos procedimentos policiais.<\/p>\n<p>O padrasto foi autuado em flagrante delito, sendo arbitrada a fian\u00e7a. Quanto ao menor que efetuou o disparo aguarda manifesta\u00e7\u00e3o da justi\u00e7a.<\/p>\n<p><strong>CARIRI EM A\u00c7\u00c3O<\/strong><\/p>\n<p><em>Com Para\u00edba Mix\/<\/em><em>Foto: Reprodu\u00e7\u00e3o<\/em><\/p>\n<p><strong>Leia mais not\u00edcias em\u00a0<\/strong><a href=\"http:\/\/www.caririemacao.com\/\"><strong>caririemacao.com<\/strong><\/a><strong>, siga nossa p\u00e1gina no\u00a0<\/strong><a href=\"https:\/\/www.facebook.com\/CaririEmAcao\/?ref=aymt_homepage_panel\"><strong>Facebook<\/strong><\/a>,<strong>\u00a0<\/strong><a href=\"https:\/\/www.instagram.com\/cariri_em_acao\/?hl=pt-br\"><strong>Instagram<\/strong><\/a><strong>\u00a0e <\/strong><a href=\"https:\/\/www.youtube.com\/channel\/UCAptA0jQuYQy8vMhLt2m4qg\"><strong>Youtube<\/strong><\/a><strong>\u00a0e veja nossas mat\u00e9rias, v\u00eddeos e fotos. Voc\u00ea tamb\u00e9m pode enviar informa\u00e7\u00f5es \u00e0 Reda\u00e7\u00e3o do Portal Cariri em A\u00e7\u00e3o pelo WhatsApp (83) 9 9634.5791, (83) 9 9601-1162.<\/strong><\/p>\n","protected":false},"excerpt":{"rendered":"<p>Nesta ter\u00e7a-feira (13) Policiais Civis das Delegacias de Serra Branca e S\u00e3o Jo\u00e3o do Cariri, receberam a den\u00fancia de que havia ocorrido disparos de arma&hellip; <\/p>\n","protected":false},"author":2,"featured_media":40846,"comment_status":"closed","ping_status":"closed","sticky":false,"template":"","format":"standard","meta":{"sfsi_plus_gutenberg_text_before_share":"","sfsi_plus_gutenberg_show_text_before_share":"","sfsi_plus_gutenberg_icon_type":"","sfsi_plus_gutenberg_icon_alignemt":"","sfsi_plus_gutenburg_max_per_row":"","footnotes":""},"categories":[12],"tags":[],"class_list":["post-40845","post","type-post","status-publish","format-standard","has-post-thumbnail","hentry","category-policia"],"_links":{"self":[{"href":"https:\/\/www.caririemacao.com\/1\/wp-json\/wp\/v2\/posts\/40845","targetHints":{"allow":["GET"]}}],"collection":[{"href":"https:\/\/www.caririemacao.com\/1\/wp-json\/wp\/v2\/posts"}],"about":[{"href":"https:\/\/www.caririemacao.com\/1\/wp-json\/wp\/v2\/types\/post"}],"author":[{"embeddable":true,"href":"https:\/\/www.caririemacao.com\/1\/wp-json\/wp\/v2\/users\/2"}],"replies":[{"embeddable":true,"href":"https:\/\/www.caririemacao.com\/1\/wp-json\/wp\/v2\/comments?post=40845"}],"version-history":[{"count":0,"href":"https:\/\/www.caririemacao.com\/1\/wp-json\/wp\/v2\/posts\/40845\/revisions"}],"wp:featuredmedia":[{"embeddable":true,"href":"https:\/\/www.caririemacao.com\/1\/wp-json\/wp\/v2\/media\/40846"}],"wp:attachment":[{"href":"https:\/\/www.caririemacao.com\/1\/wp-json\/wp\/v2\/media?parent=40845"}],"wp:term":[{"taxonomy":"category","embeddable":true,"href":"https:\/\/www.caririemacao.com\/1\/wp-json\/wp\/v2\/categories?post=40845"},{"taxonomy":"post_tag","embeddable":true,"href":"https:\/\/www.caririemacao.com\/1\/wp-json\/wp\/v2\/tags?post=40845"}],"curies":[{"name":"wp","href":"https:\/\/api.w.org\/{rel}","templated":true}]}}