{"id":40848,"date":"2018-02-14T08:39:46","date_gmt":"2018-02-14T11:39:46","guid":{"rendered":"http:\/\/caririemacao.com\/1\/?p=40848"},"modified":"2018-02-14T09:43:27","modified_gmt":"2018-02-14T12:43:27","slug":"briga-entre-presos-gera-tumulto-na-cadeia-publica-de-monteiro","status":"publish","type":"post","link":"https:\/\/www.caririemacao.com\/1\/2018\/02\/14\/briga-entre-presos-gera-tumulto-na-cadeia-publica-de-monteiro\/","title":{"rendered":"Briga entre presos gera tumulto na Cadeia P\u00fablica de Monteiro"},"content":{"rendered":"<p>Uma confus\u00e3o entre dois presos durante uma partida de futebol nesta ter\u00e7a-feira de Carnaval gerou um pequeno tumulto na Cadeia P\u00fablica do munic\u00edpio de Monteiro.<\/p>\n<p>O fato chamou aten\u00e7\u00e3o na frente da unidade prisional, j\u00e1 que familiares de presos se aglomeraram no local angustiados sem saber o que estava acontecendo.<\/p>\n<p>Em contato com o\u00a0diretor da Cadeia, Alexandre Macedo, informou que a confus\u00e3o foi contida rapidamente por agentes penitenci\u00e1rios, que em uma atitude en\u00e9rgica, controlaram os \u00e2nimos dos presos.<\/p>\n<p><strong>CARIRI EM A\u00c7\u00c3O<\/strong><\/p>\n<p><em>Com Cariri Ligado\/Foto: Reprodu\u00e7\u00e3o\u00a0<\/em><\/p>\n<p><strong>Leia mais not\u00edcias em\u00a0<\/strong><a href=\"http:\/\/www.caririemacao.com\/\"><strong>caririemacao.com<\/strong><\/a><strong>, siga nossa p\u00e1gina no\u00a0<\/strong><a href=\"https:\/\/www.facebook.com\/CaririEmAcao\/?ref=aymt_homepage_panel\"><strong>Facebook<\/strong><\/a>,<strong>\u00a0<\/strong><a href=\"https:\/\/www.instagram.com\/cariri_em_acao\/?hl=pt-br\"><strong>Instagram<\/strong><\/a><strong>\u00a0e <\/strong><a href=\"https:\/\/www.youtube.com\/channel\/UCAptA0jQuYQy8vMhLt2m4qg\"><strong>Youtube<\/strong><\/a><strong>\u00a0e veja nossas mat\u00e9rias, v\u00eddeos e fotos. Voc\u00ea tamb\u00e9m pode enviar informa\u00e7\u00f5es \u00e0 Reda\u00e7\u00e3o do Portal Cariri em A\u00e7\u00e3o pelo WhatsApp (83) 9 9634.5791, (83) 9 9601-1162.<\/strong><\/p>\n","protected":false},"excerpt":{"rendered":"<p>Uma confus\u00e3o entre dois presos durante uma partida de futebol nesta ter\u00e7a-feira de Carnaval gerou um pequeno tumulto na Cadeia P\u00fablica do munic\u00edpio de Monteiro.&hellip; <\/p>\n","protected":false},"author":2,"featured_media":40849,"comment_status":"closed","ping_status":"closed","sticky":false,"template":"","format":"standard","meta":{"sfsi_plus_gutenberg_text_before_share":"","sfsi_plus_gutenberg_show_text_before_share":"","sfsi_plus_gutenberg_icon_type":"","sfsi_plus_gutenberg_icon_alignemt":"","sfsi_plus_gutenburg_max_per_row":"","footnotes":""},"categories":[12],"tags":[],"class_list":["post-40848","post","type-post","status-publish","format-standard","has-post-thumbnail","hentry","category-policia"],"_links":{"self":[{"href":"https:\/\/www.caririemacao.com\/1\/wp-json\/wp\/v2\/posts\/40848","targetHints":{"allow":["GET"]}}],"collection":[{"href":"https:\/\/www.caririemacao.com\/1\/wp-json\/wp\/v2\/posts"}],"about":[{"href":"https:\/\/www.caririemacao.com\/1\/wp-json\/wp\/v2\/types\/post"}],"author":[{"embeddable":true,"href":"https:\/\/www.caririemacao.com\/1\/wp-json\/wp\/v2\/users\/2"}],"replies":[{"embeddable":true,"href":"https:\/\/www.caririemacao.com\/1\/wp-json\/wp\/v2\/comments?post=40848"}],"version-history":[{"count":0,"href":"https:\/\/www.caririemacao.com\/1\/wp-json\/wp\/v2\/posts\/40848\/revisions"}],"wp:featuredmedia":[{"embeddable":true,"href":"https:\/\/www.caririemacao.com\/1\/wp-json\/wp\/v2\/media\/40849"}],"wp:attachment":[{"href":"https:\/\/www.caririemacao.com\/1\/wp-json\/wp\/v2\/media?parent=40848"}],"wp:term":[{"taxonomy":"category","embeddable":true,"href":"https:\/\/www.caririemacao.com\/1\/wp-json\/wp\/v2\/categories?post=40848"},{"taxonomy":"post_tag","embeddable":true,"href":"https:\/\/www.caririemacao.com\/1\/wp-json\/wp\/v2\/tags?post=40848"}],"curies":[{"name":"wp","href":"https:\/\/api.w.org\/{rel}","templated":true}]}}