{"id":40851,"date":"2018-02-14T09:52:51","date_gmt":"2018-02-14T12:52:51","guid":{"rendered":"http:\/\/caririemacao.com\/1\/?p=40851"},"modified":"2018-02-14T09:52:51","modified_gmt":"2018-02-14T12:52:51","slug":"prouni-divulga-hoje-resultado-com-listas-de-aprovados","status":"publish","type":"post","link":"https:\/\/www.caririemacao.com\/1\/2018\/02\/14\/prouni-divulga-hoje-resultado-com-listas-de-aprovados\/","title":{"rendered":"Prouni divulga hoje resultado com listas de aprovados"},"content":{"rendered":"<div class=\"default\">\n<p>O resultado do Programa Universidade para Todos (Prouni) ser\u00e1 divulgado nesta quarta-feira (14), no site\u00a0<a href=\"http:\/\/siteprouni.mec.gov.br\/\">http:\/\/siteprouni.mec.gov.br<\/a>\/.<\/p>\n<p>Os candidatos pr\u00e9-aprovados devem comprovar os dados pessoais informados na inscri\u00e7\u00e3o entre os dias 15 e 23 de fevereiro, na universidade onde estudar\u00e3o. S\u00f3 assim ter\u00e3o suas vagas garantidas.<\/p>\n<p>O programa oferece 242.987 bolsas de estudo em 2.976 institui\u00e7\u00f5es de ensino particulares. Dessas, 113.863 s\u00e3o integrais e 129.124, parciais.<\/p>\n<p>Segunda chamada<br \/>\nHaver\u00e1 a divulga\u00e7\u00e3o de uma 2\u00aa lista de aprovados no dia 2 de mar\u00e7o. Caso o candidato n\u00e3o seja aprovado novamente, poder\u00e1 manifestar interesse em participar da lista de espera entre os dias 16 e 19 de mar\u00e7o, no site do Prouni.<\/p>\n<p>Poder\u00e3o concorrer \u00e0 primeira op\u00e7\u00e3o de curso aqueles que:<\/p>\n<p>N\u00e3o foram pr\u00e9-selecionados nas chamadas regulares;<br \/>\nForam pr\u00e9-selecionados s\u00f3 na segunda op\u00e7\u00e3o de curso, mas n\u00e3o houve forma\u00e7\u00e3o de turma.<br \/>\nPoder\u00e3o concorrer \u00e0 segunda op\u00e7\u00e3o de curso aqueles que:<\/p>\n<p>N\u00e3o foram pr\u00e9-selecionados nas chamadas regulares e n\u00e3o houve forma\u00e7\u00e3o de turma na primeira op\u00e7\u00e3o;<br \/>\nForam pr\u00e9-selecionados na primeira op\u00e7\u00e3o de curso, mas reprovados porque n\u00e3o houve forma\u00e7\u00e3o de turma.<br \/>\nO Prouni disponibilizar\u00e1 os boletins de desempenho de cada participante para as institui\u00e7\u00f5es de ensino que integram o programa. Caber\u00e1 a elas analisar quantas vagas n\u00e3o foram ocupadas para convocar novos candidatos. O resultado da lista de espera ser\u00e1 publicado pelas universidades no dia 20 de mar\u00e7o.<\/p>\n<p>Crit\u00e9rios de participa\u00e7\u00e3o<br \/>\nPara participar do Prouni, \u00e9 necess\u00e1rio ter tirado no m\u00ednimo 450 pontos no Exame Nacional do Ensino M\u00e9dio (Enem 2017) e n\u00e3o ter zerado a reda\u00e7\u00e3o. S\u00f3 podem integrar o programa aqueles estudantes que se encaixarem em pelo menos uma das seguintes situa\u00e7\u00f5es:<\/p>\n<p>ter cursado o ensino m\u00e9dio completo em escola da rede p\u00fablica;<br \/>\nter cursado o ensino m\u00e9dio completo em escola privada, mas como bolsista integral;<br \/>\nter cursado o ensino m\u00e9dio parcialmente em escola da rede p\u00fablica e parcialmente em escola privada, mas como bolsista integral;<br \/>\nter alguma defici\u00eancia;<br \/>\nser professor da rede p\u00fablica de ensino.<\/p>\n<p>Tipos de bolsa<br \/>\nAs bolsas integrais se destinam aos candidatos cuja renda familiar bruta mensal per capita n\u00e3o exceda 1,5 sal\u00e1rio m\u00ednimo. J\u00e1 as parciais, de 50% da mensalidade, s\u00e3o voltadas aos estudantes com renda familiar bruta mensal per capita inferior a tr\u00eas sal\u00e1rios m\u00ednimos.<\/p>\n<p>A inscri\u00e7\u00e3o inclui at\u00e9 duas op\u00e7\u00f5es de institui\u00e7\u00e3o, local de oferta, curso, turno e tipo de bolsa pretendida.<\/p>\n<p>Calend\u00e1rio Prouni 2018<br \/>\nPrimeira chamada: 14 de fevereiro<br \/>\nComprova\u00e7\u00e3o de informa\u00e7\u00f5es da primeira chamada: entre 15 e 23 de fevereiro<br \/>\nSegunda chamada: 2 de mar\u00e7o<br \/>\nComprova\u00e7\u00e3o de informa\u00e7\u00f5es da segunda chamada: entre 2 e 9 de mar\u00e7o<br \/>\nManifesta\u00e7\u00e3o de interesse na lista de espera: entre 16 e 19 de mar\u00e7o<br \/>\nResultado das listas de espera: 20 de mar\u00e7o<\/p>\n<p><strong>CARIRI EM A\u00c7\u00c3O<\/strong><\/p>\n<p><em>Com G1 \/Foto: Reprodu\u00e7\u00e3o Internet<\/em><\/p>\n<p><strong>Leia mais not\u00edcias em\u00a0<\/strong><a href=\"http:\/\/www.caririemacao.com\/\"><strong>caririemacao.com<\/strong><\/a><strong>, siga nossa p\u00e1gina no\u00a0<\/strong><a href=\"https:\/\/www.facebook.com\/CaririEmAcao\/?ref=aymt_homepage_panel\"><strong>Facebook<\/strong><\/a>,<strong>\u00a0<\/strong><a href=\"https:\/\/www.instagram.com\/cariri_em_acao\/?hl=pt-br\"><strong>Instagram<\/strong><\/a><strong>\u00a0e <\/strong><a href=\"https:\/\/www.youtube.com\/channel\/UCAptA0jQuYQy8vMhLt2m4qg\"><strong>Youtube<\/strong><\/a><strong>\u00a0e veja nossas mat\u00e9rias, v\u00eddeos e fotos. Voc\u00ea tamb\u00e9m pode enviar informa\u00e7\u00f5es \u00e0 Reda\u00e7\u00e3o do Portal Cariri em A\u00e7\u00e3o pelo WhatsApp (83) 9 9634.5791, (83) 9 9601-1162.<\/strong><\/p>\n<\/div>\n","protected":false},"excerpt":{"rendered":"<p>O resultado do Programa Universidade para Todos (Prouni) ser\u00e1 divulgado nesta quarta-feira (14), no site\u00a0http:\/\/siteprouni.mec.gov.br\/. Os candidatos pr\u00e9-aprovados devem comprovar os dados pessoais informados na&hellip; <\/p>\n","protected":false},"author":2,"featured_media":12997,"comment_status":"closed","ping_status":"closed","sticky":false,"template":"","format":"standard","meta":{"sfsi_plus_gutenberg_text_before_share":"","sfsi_plus_gutenberg_show_text_before_share":"","sfsi_plus_gutenberg_icon_type":"","sfsi_plus_gutenberg_icon_alignemt":"","sfsi_plus_gutenburg_max_per_row":"","footnotes":""},"categories":[14],"tags":[],"class_list":["post-40851","post","type-post","status-publish","format-standard","has-post-thumbnail","hentry","category-educacao"],"_links":{"self":[{"href":"https:\/\/www.caririemacao.com\/1\/wp-json\/wp\/v2\/posts\/40851","targetHints":{"allow":["GET"]}}],"collection":[{"href":"https:\/\/www.caririemacao.com\/1\/wp-json\/wp\/v2\/posts"}],"about":[{"href":"https:\/\/www.caririemacao.com\/1\/wp-json\/wp\/v2\/types\/post"}],"author":[{"embeddable":true,"href":"https:\/\/www.caririemacao.com\/1\/wp-json\/wp\/v2\/users\/2"}],"replies":[{"embeddable":true,"href":"https:\/\/www.caririemacao.com\/1\/wp-json\/wp\/v2\/comments?post=40851"}],"version-history":[{"count":0,"href":"https:\/\/www.caririemacao.com\/1\/wp-json\/wp\/v2\/posts\/40851\/revisions"}],"wp:featuredmedia":[{"embeddable":true,"href":"https:\/\/www.caririemacao.com\/1\/wp-json\/wp\/v2\/media\/12997"}],"wp:attachment":[{"href":"https:\/\/www.caririemacao.com\/1\/wp-json\/wp\/v2\/media?parent=40851"}],"wp:term":[{"taxonomy":"category","embeddable":true,"href":"https:\/\/www.caririemacao.com\/1\/wp-json\/wp\/v2\/categories?post=40851"},{"taxonomy":"post_tag","embeddable":true,"href":"https:\/\/www.caririemacao.com\/1\/wp-json\/wp\/v2\/tags?post=40851"}],"curies":[{"name":"wp","href":"https:\/\/api.w.org\/{rel}","templated":true}]}}