{"id":40853,"date":"2018-02-14T09:55:05","date_gmt":"2018-02-14T12:55:05","guid":{"rendered":"http:\/\/caririemacao.com\/1\/?p=40853"},"modified":"2018-02-14T09:55:05","modified_gmt":"2018-02-14T12:55:05","slug":"41-dos-81-senadores-se-afastaram-do-cargo-durante-o-mandato-atual","status":"publish","type":"post","link":"https:\/\/www.caririemacao.com\/1\/2018\/02\/14\/41-dos-81-senadores-se-afastaram-do-cargo-durante-o-mandato-atual\/","title":{"rendered":"41 dos 81 senadores se afastaram do cargo durante o mandato atual"},"content":{"rendered":"<section class=\"l-noticia\">Dos 81 senadores eleitos nas elei\u00e7\u00f5es de 2010 e 2014, cinco renunciaram, tr\u00eas morreram, dois foram cassados e outros 25 chegaram a se afastar do mandato. Desde ent\u00e3o, 41 suplentes assumiram o cargo em algum momento da legislatura. Os dados s\u00e3o de um levantamento feito pelo G1.O principal motivo para o afastamento foi a nomea\u00e7\u00e3o para cargos pol\u00edticos no Executivo, como um minist\u00e9rio ou uma secretaria. Pelo menos 15 senadores titulares sa\u00edram temporariamente do Legislativo por esse motivo. Neste ano, o eleitor votar\u00e1 duas vezes para senador. Como o mandato de senador \u00e9 de 8 anos, 2\/3 da Casa ser\u00e3o renovados nestas elei\u00e7\u00f5es.<\/p>\n<p>O professor da FGV Direito Rio Michael Mohallem diz que, em muitos casos, o eleitor n\u00e3o tem consci\u00eancia de quem s\u00e3o os suplentes em uma chapa para senador \u2013 o que pode trazer uma frustra\u00e7\u00e3o &#8220;porque eles n\u00e3o foram escolhidos diretamente&#8221;. &#8220;A verdade \u00e9 que as pessoas s\u00e3o mais focadas em saber quem \u00e9 o candidato que puxa a chapa, e n\u00e3o h\u00e1 essa cultura de fazer uma an\u00e1lise da supl\u00eancia&#8221;, afirma.<\/p>\n<p>Nomea\u00e7\u00f5es pol\u00edticas de senadores<\/p>\n<p>Titular Por que se afastou? Em qual governo?Aloysio Nunes Ferreira Nomeado ministro das Rela\u00e7\u00f5es Exteriores Michel TemerArmando Monteiro Nomeado ministro do Desenvolvimento, Ind\u00fastria e Com\u00e9rcio Exterior Dilma RousseffBlairo Maggi Nomeado ministro da Agricultura, Pecu\u00e1ria e Abastecimento Michel TemerEdison Lob\u00e3o Nomeado ministro de Minas e Energia Dilma RousseffEduardo Braga Nomeado ministro de Minas e Energia Dilma RousseffGaribaldi Alves Filho Nomeada ministra da Previd\u00eancia Social Dilma RousseffGleisi Hoffmann Nomeada ministra-chefe da Casa Civil Dilma RousseffJo\u00e3o Alberto Souza Nomeado secret\u00e1rio estadual de Programas Especiais da Casa Civil do Maranh\u00e3o Roseana SarneyJos\u00e9 Serra Nomeado ministro das Rela\u00e7\u00f5es Exteriores Michel TemerK\u00e1tia Abreu Nomeada ministra da Agricultura Dilma RousseffMarcelo Crivella Nomeado ministro da Pesca e Aquicultura Dilma RousseffMaria do Carmo Alves Nomeada secret\u00e1ria municipal da Fam\u00edlia e Assist\u00eancia Social de Aracaju Jo\u00e3o Alves FilhoMarta Suplicy Nomeada ministra da Cultura Dilma RousseffRomero Juc\u00e1 Nomeado ministro do Planejamento, Or\u00e7amento e Gest\u00e3o Michel TemerVicentinho Alves Nomeado secret\u00e1rio estadual de Assuntos Legislativos do Tocantins Siqueira Campos<\/p>\n<p>Doutor em ci\u00eancia pol\u00edtica, Paulo Magalh\u00e3es acrescenta que cargos no Executivo permitem a implementa\u00e7\u00e3o de pol\u00edticas p\u00fablicas, ou seja, de obras nos redutos eleitorais. Isso aproxima e refor\u00e7a o elo entre o pol\u00edtico e os eleitores.<\/p>\n<p>&#8220;Como isso n\u00e3o implica a perda de mandato, \u00e9 vantagem para os senadores dar voos fora da Casa para, depois, voltar e tentar a reelei\u00e7\u00e3o ao Senado. Ou tentar se eleger como governador, nas elei\u00e7\u00f5es intermedi\u00e1rias ao mandato de senador &#8220;, diz o coordenador do Grupo de Pesquisa Institui\u00e7\u00f5es Pol\u00edticas e Democracia.<\/p>\n<p>Outra justificativa comum para o afastamento foi a licen\u00e7a para tratamento de sa\u00fade e assuntos pessoais e a licen\u00e7a em per\u00edodo de campanha eleitoral.<\/p>\n<p>Os senadores Itamar Franco (MG), Jo\u00e3o Ribeiro (TO) e Luiz Henrique (SC) morreram durante o mandato e, por isso, o cargo foi assumido pelo suplente. Dem\u00f3stenes Torres (GO) e Delc\u00eddio do Amaral (MS) foram cassados. J\u00e1 o tucano A\u00e9cio Neves (MG) foi o \u00fanico caso de senador afastado do mandato por determina\u00e7\u00e3o do Supremo Tribunal Federal, mas o suplente da chapa n\u00e3o chegou a assumir porque o Senado derrubou a decis\u00e3o.<\/p>\n<p><strong>CARIRI EM A\u00c7\u00c3O<\/strong><\/p>\n<p><em>Com G1 \/Foto: Reprodu\u00e7\u00e3o Internet<\/em><\/p>\n<p><strong>Leia mais not\u00edcias em\u00a0<\/strong><a href=\"http:\/\/www.caririemacao.com\/\"><strong>caririemacao.com<\/strong><\/a><strong>, siga nossa p\u00e1gina no\u00a0<\/strong><a href=\"https:\/\/www.facebook.com\/CaririEmAcao\/?ref=aymt_homepage_panel\"><strong>Facebook<\/strong><\/a>,<strong>\u00a0<\/strong><a href=\"https:\/\/www.instagram.com\/cariri_em_acao\/?hl=pt-br\"><strong>Instagram<\/strong><\/a><strong>\u00a0e <\/strong><a href=\"https:\/\/www.youtube.com\/channel\/UCAptA0jQuYQy8vMhLt2m4qg\"><strong>Youtube<\/strong><\/a><strong>\u00a0e veja nossas mat\u00e9rias, v\u00eddeos e fotos. Voc\u00ea tamb\u00e9m pode enviar informa\u00e7\u00f5es \u00e0 Reda\u00e7\u00e3o do Portal Cariri em A\u00e7\u00e3o pelo WhatsApp (83) 9 9634.5791, (83) 9 9601-1162.<\/strong><\/p>\n<\/section>\n","protected":false},"excerpt":{"rendered":"<p>Dos 81 senadores eleitos nas elei\u00e7\u00f5es de 2010 e 2014, cinco renunciaram, tr\u00eas morreram, dois foram cassados e outros 25 chegaram a se afastar do&hellip; <\/p>\n","protected":false},"author":2,"featured_media":38291,"comment_status":"closed","ping_status":"closed","sticky":false,"template":"","format":"standard","meta":{"sfsi_plus_gutenberg_text_before_share":"","sfsi_plus_gutenberg_show_text_before_share":"","sfsi_plus_gutenberg_icon_type":"","sfsi_plus_gutenberg_icon_alignemt":"","sfsi_plus_gutenburg_max_per_row":"","footnotes":""},"categories":[11],"tags":[],"class_list":["post-40853","post","type-post","status-publish","format-standard","has-post-thumbnail","hentry","category-politica"],"_links":{"self":[{"href":"https:\/\/www.caririemacao.com\/1\/wp-json\/wp\/v2\/posts\/40853","targetHints":{"allow":["GET"]}}],"collection":[{"href":"https:\/\/www.caririemacao.com\/1\/wp-json\/wp\/v2\/posts"}],"about":[{"href":"https:\/\/www.caririemacao.com\/1\/wp-json\/wp\/v2\/types\/post"}],"author":[{"embeddable":true,"href":"https:\/\/www.caririemacao.com\/1\/wp-json\/wp\/v2\/users\/2"}],"replies":[{"embeddable":true,"href":"https:\/\/www.caririemacao.com\/1\/wp-json\/wp\/v2\/comments?post=40853"}],"version-history":[{"count":0,"href":"https:\/\/www.caririemacao.com\/1\/wp-json\/wp\/v2\/posts\/40853\/revisions"}],"wp:featuredmedia":[{"embeddable":true,"href":"https:\/\/www.caririemacao.com\/1\/wp-json\/wp\/v2\/media\/38291"}],"wp:attachment":[{"href":"https:\/\/www.caririemacao.com\/1\/wp-json\/wp\/v2\/media?parent=40853"}],"wp:term":[{"taxonomy":"category","embeddable":true,"href":"https:\/\/www.caririemacao.com\/1\/wp-json\/wp\/v2\/categories?post=40853"},{"taxonomy":"post_tag","embeddable":true,"href":"https:\/\/www.caririemacao.com\/1\/wp-json\/wp\/v2\/tags?post=40853"}],"curies":[{"name":"wp","href":"https:\/\/api.w.org\/{rel}","templated":true}]}}