{"id":40857,"date":"2018-02-14T10:00:18","date_gmt":"2018-02-14T13:00:18","guid":{"rendered":"http:\/\/caririemacao.com\/1\/?p=40857"},"modified":"2018-02-14T10:00:18","modified_gmt":"2018-02-14T13:00:18","slug":"dom-delson-abre-campanha-da-fraternidade-com-lema-contra-a-violencia","status":"publish","type":"post","link":"https:\/\/www.caririemacao.com\/1\/2018\/02\/14\/dom-delson-abre-campanha-da-fraternidade-com-lema-contra-a-violencia\/","title":{"rendered":"Dom Delson abre Campanha da Fraternidade com lema contra a viol\u00eancia"},"content":{"rendered":"<div class=\"default\">\n<p>O Arcebispo Metropolitano da Para\u00edba, Dom Manoel Delson, abre \u00e0s 19h desta quarta-feira (14), a Campanha da Fraternidade de 2018 durante missa a ser celebrada na Catedral Bas\u00edlica de Nossa Senhora das Neves em Jo\u00e3o Pessoa.<\/p>\n<p>O tema da Campanha este ano \u00e9 \u201cFraternidade e Supera\u00e7\u00e3o da Viol\u00eancia\u201d com o lema \u201cV\u00f3s sois todos irm\u00e3os\u201d, em refer\u00eancia a passagem b\u00edblica no livro de Mateus 23.8. Em virtude dos constantes casos de viol\u00eancia que assustam a popula\u00e7\u00e3o paraibana, o tema da Campanha buscar\u00e1 refletir sobre a import\u00e2ncia da uni\u00e3o e fraternidade, como explica o vig\u00e1rio da Arquidiocese da Para\u00edba, Geraldo Magela.<\/p>\n<p>O padre Magela afirmou que a Igreja, no tempo de Quaresma, exorta os crist\u00e3os a darem um passo mais na vida. \u201cDiante de uma situa\u00e7\u00e3o de viol\u00eancia, de dor, de sofrimento, a Igreja nos convida para superar essas situa\u00e7\u00f5es, por isso escolhemos o tema, tendo em vista que Jesus disse, no Evangelho, que somos todos irm\u00e3os. Buscamos superar a viol\u00eancia e criar um mundo de fraternidade e paz\u201d, frisou o sacerdote.<\/p>\n<p>O tema \u00e9 tanto mais atual diante dos registros de escalada de viol\u00eancia durante o rec\u00e9m-encerrado per\u00edodo de Carnaval, atingindo, inclusive, celebridades que participaram de desfiles em agremia\u00e7\u00f5es, a exemplo da atriz Juliana Paes, assaltada no Rio de Janeiro a caminho da Passarela do Frevo.<\/p>\n<p>A Campanha da Fraternidade ser\u00e1 realizada em todo o pa\u00eds dentro da programa\u00e7\u00e3o elaborada pela Confer\u00eancia Nacional dos Bispos do Brasil, que se articula com dioceses e par\u00f3quias para m\u00faltiplas atividades focadas na reflex\u00e3o dos temas contempor\u00e2neos enfocados.<\/p>\n<p>Na Para\u00edba, al\u00e9m da Catedral Bas\u00edlica, in\u00fameras Igrejas levar\u00e3o o tema da viol\u00eancia para discuss\u00e3o, reflex\u00e3o e celebra\u00e7\u00e3o. O padre Geraldo Magela recorda que a Quaresma simboliza os 40 dias de prepara\u00e7\u00e3o para a P\u00e1scoa e que a Campanha da Fraternidade \u00e9 uma oportunidade para mostrar a import\u00e2ncia do que pregou Jesus no Evangelho.<\/p>\n<\/div>\n<div>\n<p><strong>CARIRI EM A\u00c7\u00c3O<\/strong><\/p>\n<p><em>Com\u00a0<\/em>Blog Nonato Guedes<em>\/Foto: Reprodu\u00e7\u00e3o Internet<\/em><\/p>\n<p><strong>Leia mais not\u00edcias em\u00a0<\/strong><a href=\"http:\/\/www.caririemacao.com\/\"><strong>caririemacao.com<\/strong><\/a><strong>, siga nossa p\u00e1gina no\u00a0<\/strong><a href=\"https:\/\/www.facebook.com\/CaririEmAcao\/?ref=aymt_homepage_panel\"><strong>Facebook<\/strong><\/a>,<strong>\u00a0<\/strong><a href=\"https:\/\/www.instagram.com\/cariri_em_acao\/?hl=pt-br\"><strong>Instagram<\/strong><\/a><strong>\u00a0e <\/strong><a href=\"https:\/\/www.youtube.com\/channel\/UCAptA0jQuYQy8vMhLt2m4qg\"><strong>Youtube<\/strong><\/a><strong>\u00a0e veja nossas mat\u00e9rias, v\u00eddeos e fotos. Voc\u00ea tamb\u00e9m pode enviar informa\u00e7\u00f5es \u00e0 Reda\u00e7\u00e3o do Portal Cariri em A\u00e7\u00e3o pelo WhatsApp (83) 9 9634.5791, (83) 9 9601-1162.<\/strong><\/p>\n<\/div>\n","protected":false},"excerpt":{"rendered":"<p>O Arcebispo Metropolitano da Para\u00edba, Dom Manoel Delson, abre \u00e0s 19h desta quarta-feira (14), a Campanha da Fraternidade de 2018 durante missa a ser celebrada&hellip; <\/p>\n","protected":false},"author":2,"featured_media":14876,"comment_status":"closed","ping_status":"closed","sticky":false,"template":"","format":"standard","meta":{"sfsi_plus_gutenberg_text_before_share":"","sfsi_plus_gutenberg_show_text_before_share":"","sfsi_plus_gutenberg_icon_type":"","sfsi_plus_gutenberg_icon_alignemt":"","sfsi_plus_gutenburg_max_per_row":"","footnotes":""},"categories":[2],"tags":[],"class_list":["post-40857","post","type-post","status-publish","format-standard","has-post-thumbnail","hentry","category-geral"],"_links":{"self":[{"href":"https:\/\/www.caririemacao.com\/1\/wp-json\/wp\/v2\/posts\/40857","targetHints":{"allow":["GET"]}}],"collection":[{"href":"https:\/\/www.caririemacao.com\/1\/wp-json\/wp\/v2\/posts"}],"about":[{"href":"https:\/\/www.caririemacao.com\/1\/wp-json\/wp\/v2\/types\/post"}],"author":[{"embeddable":true,"href":"https:\/\/www.caririemacao.com\/1\/wp-json\/wp\/v2\/users\/2"}],"replies":[{"embeddable":true,"href":"https:\/\/www.caririemacao.com\/1\/wp-json\/wp\/v2\/comments?post=40857"}],"version-history":[{"count":0,"href":"https:\/\/www.caririemacao.com\/1\/wp-json\/wp\/v2\/posts\/40857\/revisions"}],"wp:featuredmedia":[{"embeddable":true,"href":"https:\/\/www.caririemacao.com\/1\/wp-json\/wp\/v2\/media\/14876"}],"wp:attachment":[{"href":"https:\/\/www.caririemacao.com\/1\/wp-json\/wp\/v2\/media?parent=40857"}],"wp:term":[{"taxonomy":"category","embeddable":true,"href":"https:\/\/www.caririemacao.com\/1\/wp-json\/wp\/v2\/categories?post=40857"},{"taxonomy":"post_tag","embeddable":true,"href":"https:\/\/www.caririemacao.com\/1\/wp-json\/wp\/v2\/tags?post=40857"}],"curies":[{"name":"wp","href":"https:\/\/api.w.org\/{rel}","templated":true}]}}