{"id":40859,"date":"2018-02-14T10:02:09","date_gmt":"2018-02-14T13:02:09","guid":{"rendered":"http:\/\/caririemacao.com\/1\/?p=40859"},"modified":"2018-02-14T10:02:09","modified_gmt":"2018-02-14T13:02:09","slug":"apos-carnaval-reparticoes-publicas-de-monteiro-retomam-atividades","status":"publish","type":"post","link":"https:\/\/www.caririemacao.com\/1\/2018\/02\/14\/apos-carnaval-reparticoes-publicas-de-monteiro-retomam-atividades\/","title":{"rendered":"Ap\u00f3s carnaval, reparti\u00e7\u00f5es p\u00fablicas de Monteiro retomam atividades"},"content":{"rendered":"<p>Durante o carnaval alguns servi\u00e7os sofreram altera\u00e7\u00f5es no hor\u00e1rio de funcionamento e outros n\u00e3o funcionaram em Monteiro. Nesta quarta-feira, 14, todas as reparti\u00e7\u00f5es p\u00fablicas retomam as atividades.<\/p>\n<p><strong>Prefeitura e Governo do Estado<\/strong><\/p>\n<p>As reparti\u00e7\u00f5es p\u00fablicas do munic\u00edpio voltam a funcionar a partir das 13 horas. J\u00e1 as reparti\u00e7\u00f5es do Estado, retomam as atividades a partir das 14 horas.<\/p>\n<p>As reparti\u00e7\u00f5es que prestam servi\u00e7os essenciais \u00e0 popula\u00e7\u00e3o, tais como: sa\u00fade, limpeza p\u00fablica, funer\u00e1rios, matadouro, vigil\u00e2ncia sanit\u00e1ria, seguran\u00e7a, entre outros servi\u00e7os prestados em regime de plant\u00e3o, n\u00e3o tiveram o funcionamento afetado.<\/p>\n<p><strong>Bancos e Correios<\/strong><\/p>\n<p>Os bancos retornam \u00e0s 12h. A Federa\u00e7\u00e3o Brasileira de Bancos (Febraban) disse que as contas de consumo (\u00e1gua, energia, telefone etc) e carn\u00eas que tiverem os dias 12 ou 13 de fevereiro como data de vencimento poder\u00e3o ser pagas sem juros na quarta-feira (14). J\u00e1 os Correios, come\u00e7aram a funcionar nesta manh\u00e3 em hor\u00e1rio normal.<\/p>\n<p><strong>CARIRI EM A\u00c7\u00c3O<\/strong><\/p>\n<p><em>Com Cariri ligado \/Foto: Reprodu\u00e7\u00e3o Internet<\/em><\/p>\n<p><strong>Leia mais not\u00edcias em\u00a0<\/strong><a href=\"http:\/\/www.caririemacao.com\/\"><strong>caririemacao.com<\/strong><\/a><strong>, siga nossa p\u00e1gina no\u00a0<\/strong><a href=\"https:\/\/www.facebook.com\/CaririEmAcao\/?ref=aymt_homepage_panel\"><strong>Facebook<\/strong><\/a>,<strong>\u00a0<\/strong><a href=\"https:\/\/www.instagram.com\/cariri_em_acao\/?hl=pt-br\"><strong>Instagram<\/strong><\/a><strong>\u00a0e <\/strong><a href=\"https:\/\/www.youtube.com\/channel\/UCAptA0jQuYQy8vMhLt2m4qg\"><strong>Youtube<\/strong><\/a><strong>\u00a0e veja nossas mat\u00e9rias, v\u00eddeos e fotos. Voc\u00ea tamb\u00e9m pode enviar informa\u00e7\u00f5es \u00e0 Reda\u00e7\u00e3o do Portal Cariri em A\u00e7\u00e3o pelo WhatsApp (83) 9 9634.5791, (83) 9 9601-1162.<\/strong><\/p>\n","protected":false},"excerpt":{"rendered":"<p>Durante o carnaval alguns servi\u00e7os sofreram altera\u00e7\u00f5es no hor\u00e1rio de funcionamento e outros n\u00e3o funcionaram em Monteiro. Nesta quarta-feira, 14, todas as reparti\u00e7\u00f5es p\u00fablicas retomam&hellip; <\/p>\n","protected":false},"author":2,"featured_media":39888,"comment_status":"closed","ping_status":"closed","sticky":false,"template":"","format":"standard","meta":{"sfsi_plus_gutenberg_text_before_share":"","sfsi_plus_gutenberg_show_text_before_share":"","sfsi_plus_gutenberg_icon_type":"","sfsi_plus_gutenberg_icon_alignemt":"","sfsi_plus_gutenburg_max_per_row":"","footnotes":""},"categories":[6],"tags":[],"class_list":["post-40859","post","type-post","status-publish","format-standard","has-post-thumbnail","hentry","category-cidades"],"_links":{"self":[{"href":"https:\/\/www.caririemacao.com\/1\/wp-json\/wp\/v2\/posts\/40859","targetHints":{"allow":["GET"]}}],"collection":[{"href":"https:\/\/www.caririemacao.com\/1\/wp-json\/wp\/v2\/posts"}],"about":[{"href":"https:\/\/www.caririemacao.com\/1\/wp-json\/wp\/v2\/types\/post"}],"author":[{"embeddable":true,"href":"https:\/\/www.caririemacao.com\/1\/wp-json\/wp\/v2\/users\/2"}],"replies":[{"embeddable":true,"href":"https:\/\/www.caririemacao.com\/1\/wp-json\/wp\/v2\/comments?post=40859"}],"version-history":[{"count":0,"href":"https:\/\/www.caririemacao.com\/1\/wp-json\/wp\/v2\/posts\/40859\/revisions"}],"wp:featuredmedia":[{"embeddable":true,"href":"https:\/\/www.caririemacao.com\/1\/wp-json\/wp\/v2\/media\/39888"}],"wp:attachment":[{"href":"https:\/\/www.caririemacao.com\/1\/wp-json\/wp\/v2\/media?parent=40859"}],"wp:term":[{"taxonomy":"category","embeddable":true,"href":"https:\/\/www.caririemacao.com\/1\/wp-json\/wp\/v2\/categories?post=40859"},{"taxonomy":"post_tag","embeddable":true,"href":"https:\/\/www.caririemacao.com\/1\/wp-json\/wp\/v2\/tags?post=40859"}],"curies":[{"name":"wp","href":"https:\/\/api.w.org\/{rel}","templated":true}]}}