{"id":40869,"date":"2018-02-14T10:17:09","date_gmt":"2018-02-14T13:17:09","guid":{"rendered":"http:\/\/caririemacao.com\/1\/?p=40869"},"modified":"2018-02-14T10:17:09","modified_gmt":"2018-02-14T13:17:09","slug":"tre-pb-mp-e-pf-vao-discutir-impacto-de-fake-news-na-campanha-eleitoral","status":"publish","type":"post","link":"https:\/\/www.caririemacao.com\/1\/2018\/02\/14\/tre-pb-mp-e-pf-vao-discutir-impacto-de-fake-news-na-campanha-eleitoral\/","title":{"rendered":"TRE-PB, MP e PF v\u00e3o discutir impacto de &#8216;fake news&#8217; na campanha eleitoral"},"content":{"rendered":"<p>No pr\u00f3ximo dia 27, a Escola Judici\u00e1ria Eleitoral da Para\u00edba (EJE-PB) vai promover na Sala de Sess\u00f5es do Tribunal Regional Eleitoral da Para\u00edba (TRE-PB), das 14h \u00e0s 18h, debate acerca do tema \u201cFake News \u2013 redes sociais e seu impacto nas campanhas eleitorais\u201d.\u00a0O evento \u00e9 voltado aos magistrados, promotores eleitorais, servidores, acad\u00eamicos, operadores do direito, representantes de partidos pol\u00edticos, profissionais de comunica\u00e7\u00e3o e marketing demais interessados.<\/p>\n<p>O juiz membro e diretor da EJE-PB, Ant\u00f4nio Carneiro de Paiva J\u00fanior, comentou que o evento tem por objetivo promover debate acerca do que seriam as not\u00edcias falsas que assolam as redes sociais, enfocando sua velocidade no per\u00edodo eleitoral com interfer\u00eancia no resultado das elei\u00e7\u00f5es.<\/p>\n<p>Consta da programa\u00e7\u00e3o a apresenta\u00e7\u00e3o do Grupo Teatral \u201cCen\u00e1rio Eleitoral\u201d, composto por servidores do TRE-PB, que promete levar ao p\u00fablico uma reflex\u00e3o sobre o tema.<\/p>\n<p>A mesa para o debate ser\u00e1 composta pelo juiz auxiliar da Propaganda Eleitoral, desembargador Oswaldo Trigueiro do Valle Filho; o procurador regional eleitoral, Victor Carvalho Veggi; o superintendente da Pol\u00edcia Federal, Andr\u00e9 Viana Andrade; o advogado eleitoralista, Marcelo Weick Pogliese; e representando a Imprensa, a jornalista D\u00e9bora Cristina Barbosa, da TV Cabo Branco.\u00a0A programa\u00e7\u00e3o do evento ser\u00e1 divulgada em breve.<\/p>\n<p><strong>CARIRI EM A\u00c7\u00c3O<\/strong><\/p>\n<p><em>Com Jornal da Para\u00edba\u00a0\/Foto: Divulga\u00e7\u00e3o \u00a0<\/em><\/p>\n<p><strong>Leia mais not\u00edcias em\u00a0<\/strong><a href=\"http:\/\/www.caririemacao.com\/\"><strong>caririemacao.com<\/strong><\/a><strong>, siga nossa p\u00e1gina no\u00a0<\/strong><a href=\"https:\/\/www.facebook.com\/CaririEmAcao\/?ref=aymt_homepage_panel\"><strong>Facebook<\/strong><\/a>,<strong>\u00a0<\/strong><a href=\"https:\/\/www.instagram.com\/cariri_em_acao\/?hl=pt-br\"><strong>Instagram<\/strong><\/a><strong>\u00a0e <\/strong><a href=\"https:\/\/www.youtube.com\/channel\/UCAptA0jQuYQy8vMhLt2m4qg\"><strong>Youtube<\/strong><\/a><strong>\u00a0e veja nossas mat\u00e9rias, v\u00eddeos e fotos. Voc\u00ea tamb\u00e9m pode enviar informa\u00e7\u00f5es \u00e0 Reda\u00e7\u00e3o do Portal Cariri em A\u00e7\u00e3o pelo WhatsApp (83) 9 9634.5791, (83) 9 9601-1162.<\/strong><\/p>\n","protected":false},"excerpt":{"rendered":"<p>No pr\u00f3ximo dia 27, a Escola Judici\u00e1ria Eleitoral da Para\u00edba (EJE-PB) vai promover na Sala de Sess\u00f5es do Tribunal Regional Eleitoral da Para\u00edba (TRE-PB), das&hellip; <\/p>\n","protected":false},"author":2,"featured_media":40870,"comment_status":"closed","ping_status":"closed","sticky":false,"template":"","format":"standard","meta":{"sfsi_plus_gutenberg_text_before_share":"","sfsi_plus_gutenberg_show_text_before_share":"","sfsi_plus_gutenberg_icon_type":"","sfsi_plus_gutenberg_icon_alignemt":"","sfsi_plus_gutenburg_max_per_row":"","footnotes":""},"categories":[1],"tags":[],"class_list":["post-40869","post","type-post","status-publish","format-standard","has-post-thumbnail","hentry","category-o-site"],"_links":{"self":[{"href":"https:\/\/www.caririemacao.com\/1\/wp-json\/wp\/v2\/posts\/40869","targetHints":{"allow":["GET"]}}],"collection":[{"href":"https:\/\/www.caririemacao.com\/1\/wp-json\/wp\/v2\/posts"}],"about":[{"href":"https:\/\/www.caririemacao.com\/1\/wp-json\/wp\/v2\/types\/post"}],"author":[{"embeddable":true,"href":"https:\/\/www.caririemacao.com\/1\/wp-json\/wp\/v2\/users\/2"}],"replies":[{"embeddable":true,"href":"https:\/\/www.caririemacao.com\/1\/wp-json\/wp\/v2\/comments?post=40869"}],"version-history":[{"count":0,"href":"https:\/\/www.caririemacao.com\/1\/wp-json\/wp\/v2\/posts\/40869\/revisions"}],"wp:featuredmedia":[{"embeddable":true,"href":"https:\/\/www.caririemacao.com\/1\/wp-json\/wp\/v2\/media\/40870"}],"wp:attachment":[{"href":"https:\/\/www.caririemacao.com\/1\/wp-json\/wp\/v2\/media?parent=40869"}],"wp:term":[{"taxonomy":"category","embeddable":true,"href":"https:\/\/www.caririemacao.com\/1\/wp-json\/wp\/v2\/categories?post=40869"},{"taxonomy":"post_tag","embeddable":true,"href":"https:\/\/www.caririemacao.com\/1\/wp-json\/wp\/v2\/tags?post=40869"}],"curies":[{"name":"wp","href":"https:\/\/api.w.org\/{rel}","templated":true}]}}