{"id":40899,"date":"2018-02-14T21:44:52","date_gmt":"2018-02-15T00:44:52","guid":{"rendered":"http:\/\/caririemacao.com\/1\/?p=40899"},"modified":"2018-02-14T21:44:52","modified_gmt":"2018-02-15T00:44:52","slug":"aesa-alerta-populacao-para-risco-de-banho-no-rio-paraiba-na-regiao-do-cariri","status":"publish","type":"post","link":"https:\/\/www.caririemacao.com\/1\/2018\/02\/14\/aesa-alerta-populacao-para-risco-de-banho-no-rio-paraiba-na-regiao-do-cariri\/","title":{"rendered":"Aesa alerta popula\u00e7\u00e3o para risco de banho no Rio Para\u00edba na regi\u00e3o do Cariri"},"content":{"rendered":"<p>Ag\u00eancia Executiva de Gest\u00e3o das \u00c1guas da Para\u00edba (Aesa) divulgou um documento de alerta a popula\u00e7\u00e3o e aos \u00f3rg\u00e3o fiscalizadores no estado para o cuidado com banhos no Rio Para\u00edba, entre os munic\u00edpios de Monteiro e Boqueir\u00e3o, no Cariri do estado. O alerta foi emitido por causa de um aumento na vaz\u00e3o de \u00e1gua do rio.<\/p>\n<p>De acordo com o documento da Aesa, desde a \u00faltima sexta-feira (9), a vaz\u00e3o de chegada de \u00e1gua em Monteiro atrav\u00e9s da transposi\u00e7\u00e3o do Rio S\u00e3o Francisco foi ampliada, conforme informa\u00e7\u00e3o do Minist\u00e9rio da Integra\u00e7\u00e3o Nacional \u00e0 Aesa. Isso come\u00e7ou a ocorrer porque duas bombas das duas \u00faltimas esta\u00e7\u00f5es elevat\u00f3rias do eixo leste passaram a operar em pot\u00eancia efetiva.<\/p>\n<p>\u201cPor causa do aumento na vaz\u00e3o e tamb\u00e9m das chuvas que est\u00e3o sendo registradas, a quantidade de \u00e1gua passando pelo rio aumenta. Preocupados com a seguran\u00e7a das pessoas que usam o rio para banho e lazer, emitimos este alerta, como uma orienta\u00e7\u00e3o. Este documento foi encaminhado para prefeituras, defesa civil e outros\u201d, disse o presidente da Aesa, Jo\u00e3o Fernandes.<\/p>\n<p><strong>Vaz\u00e3o<\/strong><\/p>\n<p>Ainda de acordo com o presidente da Aesa, nos \u00faltimos dias a vaz\u00e3o de chegada de \u00e1gua em Monteiro, atrav\u00e9s da transposi\u00e7\u00e3o do Rio S\u00e3o Francisco tem variado entre 4,2 m\u00b3 e 4,5 m\u00b3 de \u00e1gua por segundo.<\/p>\n<p><strong>Transposi\u00e7\u00e3o<\/strong><\/p>\n<p>A Para\u00edba recebe \u00e1guas da transposi\u00e7\u00e3o do Rio S\u00e3o Francisco, atrav\u00e9s do eixo leste. Depois de chegar a Monteiro, a \u00e1gua segue pelo caminho natural do Rio Para\u00edba, passando pelas barragens de S\u00e3o Jos\u00e9, Po\u00e7\u00f5es, Camala\u00fa, chegando ao a\u00e7ude Epit\u00e1cio Pessoa, conhecido como a\u00e7ude de Boqueir\u00e3o.<\/p>\n<p>Segundo projeto, quando volume do a\u00e7ude de Boqueir\u00e3o atingir 40%, as comportas ser\u00e3o abertas para que a \u00e1gua continue a passagem pelo rio Para\u00edba beneficiando outras cidades. Depois de Boqueir\u00e3o a \u00e1gua vai seguir para as barragens de Acau\u00e3, Ara\u00e7agi, chegando at\u00e9 um per\u00edmetro irrigado na regi\u00e3o de Sap\u00e9.<\/p>\n<p><strong>Boqueir\u00e3o<\/strong><\/p>\n<p>Ainda segundo a Aesa, nesta quarta-feira, o a\u00e7ude de Boqueir\u00e3o est\u00e1 com 42,7 milh\u00f5es de metros c\u00fabicos de \u00e1gua, o que corresponde a 10,4% da capacidade total do a\u00e7ude que \u00e9 de 411,686 milh\u00f5es de metros c\u00fabicos de \u00e1gua. Entre a sexta-feira (9) e esta quarta-feira (14) o a\u00e7ude recebeu mais de 150 mil m\u00b3 de \u00e1gua de recarga. Boqueir\u00e3o abastece a Campina Grande e outras 18 cidades do Agreste da Para\u00edba.<\/p>\n<p><strong>CARIRI EM A\u00c7\u00c3O<\/strong><\/p>\n<p><em>Com Vitrine do Cariri\/Foto: Vitrine do Cariri<\/em><\/p>\n<p><strong>Leia mais not\u00edcias em\u00a0<\/strong><a href=\"http:\/\/www.caririemacao.com\/\"><strong>caririemacao.com<\/strong><\/a><strong>, siga nossa p\u00e1gina no\u00a0<\/strong><a href=\"https:\/\/www.facebook.com\/CaririEmAcao\/?ref=aymt_homepage_panel\"><strong>Facebook<\/strong><\/a>,<strong>\u00a0<\/strong><a href=\"https:\/\/www.instagram.com\/cariri_em_acao\/?hl=pt-br\"><strong>Instagram<\/strong><\/a><strong>\u00a0e\u00a0<\/strong><a href=\"https:\/\/www.youtube.com\/channel\/UCAptA0jQuYQy8vMhLt2m4qg\"><strong>Youtube<\/strong><\/a><strong>\u00a0e veja nossas mat\u00e9rias, v\u00eddeos e fotos. Voc\u00ea tamb\u00e9m pode enviar informa\u00e7\u00f5es \u00e0 Reda\u00e7\u00e3o do Portal Cariri em A\u00e7\u00e3o pelo WhatsApp (83) 9 9634.5791, (83) 9 9601-1162.<\/strong><\/p>\n","protected":false},"excerpt":{"rendered":"<p>Ag\u00eancia Executiva de Gest\u00e3o das \u00c1guas da Para\u00edba (Aesa) divulgou um documento de alerta a popula\u00e7\u00e3o e aos \u00f3rg\u00e3o fiscalizadores no estado para o cuidado&hellip; <\/p>\n","protected":false},"author":2,"featured_media":40900,"comment_status":"closed","ping_status":"closed","sticky":false,"template":"","format":"standard","meta":{"sfsi_plus_gutenberg_text_before_share":"","sfsi_plus_gutenberg_show_text_before_share":"","sfsi_plus_gutenberg_icon_type":"","sfsi_plus_gutenberg_icon_alignemt":"","sfsi_plus_gutenburg_max_per_row":"","footnotes":""},"categories":[2],"tags":[],"class_list":["post-40899","post","type-post","status-publish","format-standard","has-post-thumbnail","hentry","category-geral"],"_links":{"self":[{"href":"https:\/\/www.caririemacao.com\/1\/wp-json\/wp\/v2\/posts\/40899","targetHints":{"allow":["GET"]}}],"collection":[{"href":"https:\/\/www.caririemacao.com\/1\/wp-json\/wp\/v2\/posts"}],"about":[{"href":"https:\/\/www.caririemacao.com\/1\/wp-json\/wp\/v2\/types\/post"}],"author":[{"embeddable":true,"href":"https:\/\/www.caririemacao.com\/1\/wp-json\/wp\/v2\/users\/2"}],"replies":[{"embeddable":true,"href":"https:\/\/www.caririemacao.com\/1\/wp-json\/wp\/v2\/comments?post=40899"}],"version-history":[{"count":0,"href":"https:\/\/www.caririemacao.com\/1\/wp-json\/wp\/v2\/posts\/40899\/revisions"}],"wp:featuredmedia":[{"embeddable":true,"href":"https:\/\/www.caririemacao.com\/1\/wp-json\/wp\/v2\/media\/40900"}],"wp:attachment":[{"href":"https:\/\/www.caririemacao.com\/1\/wp-json\/wp\/v2\/media?parent=40899"}],"wp:term":[{"taxonomy":"category","embeddable":true,"href":"https:\/\/www.caririemacao.com\/1\/wp-json\/wp\/v2\/categories?post=40899"},{"taxonomy":"post_tag","embeddable":true,"href":"https:\/\/www.caririemacao.com\/1\/wp-json\/wp\/v2\/tags?post=40899"}],"curies":[{"name":"wp","href":"https:\/\/api.w.org\/{rel}","templated":true}]}}