{"id":40902,"date":"2018-02-14T21:48:52","date_gmt":"2018-02-15T00:48:52","guid":{"rendered":"http:\/\/caririemacao.com\/1\/?p=40902"},"modified":"2018-02-15T08:19:48","modified_gmt":"2018-02-15T11:19:48","slug":"prefeitura-de-caraubas-realiza-com-sucesso-o-carnaval-folia-2018","status":"publish","type":"post","link":"https:\/\/www.caririemacao.com\/1\/2018\/02\/14\/prefeitura-de-caraubas-realiza-com-sucesso-o-carnaval-folia-2018\/","title":{"rendered":"PREFEITURA DE CARA\u00daBAS REALIZA COM SUCESSO O CARNAVAL FOLIA 2018"},"content":{"rendered":"<div>A Prefeitura Municipal de Cara\u00fabas realizou no per\u00edodo de 10 a 13 de Fevereiro do corrente o tradicional CARNAVAL FOLIA\u20192018. Diferente de anos anteriores quando centenas de pessoas vinham tomar banho no cangati em virtude das grandes cheias do Rio Para\u00edba, ocorrido por causa de chuvas esparsas, esse ano o foi \u00e0 primeira vez que a cidade recebeu milhares de pessoas ap\u00f3s a chegada das \u00e1guas da transposi\u00e7\u00e3o do velho Chico.<\/div>\n<div>Para garantir a festa de todos os foli\u00f5es e turistas a Prefeitura atrav\u00e9s das Secretarias do Turismo, de Obras P\u00fablicas e Servi\u00e7os Urbanos, da Sa\u00fade e do Planejamento elaboraram uma programa\u00e7\u00e3o bastante diversificada. Durante todo o dia os turistas e foli\u00f5es se divertiam tomando banho nas cachoeiras do rio e no fim da tarde e noite, todos se concentravam na pra\u00e7a da saudade para curtir as atra\u00e7\u00f5es contratadas pela Prefeitura.<\/div>\n<div>Segundo o secret\u00e1rio de Obras e Servi\u00e7os Urbanos, Jos\u00e9 Marcelo foi disponibilizado banheiros qu\u00edmicos, cont\u00eaineres para coloca\u00e7\u00e3o de lixo, limpeza dos locais de concentra\u00e7\u00e3o de pessoas, bem como, a sinaliza\u00e7\u00e3o com orienta\u00e7\u00e3o aos turistas e visitantes de como se comportar para n\u00e3o prejudicar o meio ambiente.<\/div>\n<div>J\u00e1 a secret\u00e1ria do turismo, Silvana Myllena e o adjunto Valzinho se concentraram na programa\u00e7\u00e3o festiva garantindo as atra\u00e7\u00f5es da festa. Subiram ao palco no dia 10, Franklin Dias e J\u00fanior Bar\u00e3o, dia 11 Bhira e Divertere e a banda Forr\u00f3 Levado, dia 12 a anima\u00e7\u00e3o foi garantida com Franklin Dias, DJ Tony, DJ Karllos Boy &amp; Matheus. O encerramento aconteceu nesta ter\u00e7a-feira, dia 13 com a participa\u00e7\u00e3o do Forr\u00f3 da Galega e J\u00fanior Brand\u00e3o.<\/div>\n<div>V\u00e1rios profissionais da sa\u00fade do munic\u00edpio tamb\u00e9m realizaram plant\u00f5es durante os quatro dias, para garantir a assist\u00eancia aos foli\u00f5es. De acordo com a secret\u00e1ria da sa\u00fade Raissa Fernandes, m\u00e9dicos, enfermeiros, t\u00e9cnicos e auxiliares se desdobraram nesse per\u00edodo de momo e a unidade da sa\u00fade esteve aberta garantindo o atendimento de quem precisasse.<\/div>\n<div>O prefeito Silvano Dudu estava satisfeito com o resultado da festa e garantiu que as pr\u00f3ximas edi\u00e7\u00f5es do carnaval folia de Cara\u00fabas contar\u00e1 com mais infraestrutura tur\u00edstica para receber mais pessoas e turistas. Tanto assim, que j\u00e1 autorizou o setor de engenharia da Prefeitura elaborar projeto neste sentido. O prefeito anunciou que estar\u00e1 viajando semana que vem a Bras\u00edlia, na companhia do Secret\u00e1rio do Planejamento, jornalista Eduardo Belo, com o objetivo de pleitear recursos para essa e outras \u00e1reas do munic\u00edpio.<\/div>\n<div>Vamos \u00e0 busca de apoio financeiro atrav\u00e9s dos nossos parlamentares federais para que possamos garantir recursos para realizar obras importantes para nossa popula\u00e7\u00e3o, afirmou o prefeito Silvano Dudu.<\/div>\n<div>\n<p><strong>CARIRI EM A\u00c7\u00c3O<\/strong><\/p>\n<p><em>Com Seplacom<\/em><\/p>\n<p><strong>Leia mais not\u00edcias em\u00a0<\/strong><a href=\"http:\/\/www.caririemacao.com\/\"><strong>caririemacao.com<\/strong><\/a><strong>, siga nossa p\u00e1gina no\u00a0<\/strong><a href=\"https:\/\/www.facebook.com\/CaririEmAcao\/?ref=aymt_homepage_panel\"><strong>Facebook<\/strong><\/a>,<strong>\u00a0<\/strong><a href=\"https:\/\/www.instagram.com\/cariri_em_acao\/?hl=pt-br\"><strong>Instagram<\/strong><\/a><strong>\u00a0e\u00a0<\/strong><a href=\"https:\/\/www.youtube.com\/channel\/UCAptA0jQuYQy8vMhLt2m4qg\"><strong>Youtube<\/strong><\/a><strong>\u00a0e veja nossas mat\u00e9rias, v\u00eddeos e fotos. Voc\u00ea tamb\u00e9m pode enviar informa\u00e7\u00f5es \u00e0 Reda\u00e7\u00e3o do Portal Cariri em A\u00e7\u00e3o pelo WhatsApp (83) 9 9634.5791, (83) 9 9601-1162.<\/strong><\/p>\n<\/div>\n","protected":false},"excerpt":{"rendered":"<p>A Prefeitura Municipal de Cara\u00fabas realizou no per\u00edodo de 10 a 13 de Fevereiro do corrente o tradicional CARNAVAL FOLIA\u20192018. Diferente de anos anteriores quando&hellip; <\/p>\n","protected":false},"author":2,"featured_media":40903,"comment_status":"closed","ping_status":"closed","sticky":false,"template":"","format":"standard","meta":{"sfsi_plus_gutenberg_text_before_share":"","sfsi_plus_gutenberg_show_text_before_share":"","sfsi_plus_gutenberg_icon_type":"","sfsi_plus_gutenberg_icon_alignemt":"","sfsi_plus_gutenburg_max_per_row":"","footnotes":""},"categories":[2],"tags":[],"class_list":["post-40902","post","type-post","status-publish","format-standard","has-post-thumbnail","hentry","category-geral"],"_links":{"self":[{"href":"https:\/\/www.caririemacao.com\/1\/wp-json\/wp\/v2\/posts\/40902","targetHints":{"allow":["GET"]}}],"collection":[{"href":"https:\/\/www.caririemacao.com\/1\/wp-json\/wp\/v2\/posts"}],"about":[{"href":"https:\/\/www.caririemacao.com\/1\/wp-json\/wp\/v2\/types\/post"}],"author":[{"embeddable":true,"href":"https:\/\/www.caririemacao.com\/1\/wp-json\/wp\/v2\/users\/2"}],"replies":[{"embeddable":true,"href":"https:\/\/www.caririemacao.com\/1\/wp-json\/wp\/v2\/comments?post=40902"}],"version-history":[{"count":0,"href":"https:\/\/www.caririemacao.com\/1\/wp-json\/wp\/v2\/posts\/40902\/revisions"}],"wp:featuredmedia":[{"embeddable":true,"href":"https:\/\/www.caririemacao.com\/1\/wp-json\/wp\/v2\/media\/40903"}],"wp:attachment":[{"href":"https:\/\/www.caririemacao.com\/1\/wp-json\/wp\/v2\/media?parent=40902"}],"wp:term":[{"taxonomy":"category","embeddable":true,"href":"https:\/\/www.caririemacao.com\/1\/wp-json\/wp\/v2\/categories?post=40902"},{"taxonomy":"post_tag","embeddable":true,"href":"https:\/\/www.caririemacao.com\/1\/wp-json\/wp\/v2\/tags?post=40902"}],"curies":[{"name":"wp","href":"https:\/\/api.w.org\/{rel}","templated":true}]}}