{"id":40908,"date":"2018-02-14T21:55:12","date_gmt":"2018-02-15T00:55:12","guid":{"rendered":"http:\/\/caririemacao.com\/1\/?p=40908"},"modified":"2018-02-14T21:55:12","modified_gmt":"2018-02-15T00:55:12","slug":"beija-flor-e-a-campea-do-carnaval-2018-no-rio-de-janeiro","status":"publish","type":"post","link":"https:\/\/www.caririemacao.com\/1\/2018\/02\/14\/beija-flor-e-a-campea-do-carnaval-2018-no-rio-de-janeiro\/","title":{"rendered":"Beija-Flor \u00e9 a campe\u00e3 do Carnaval 2018 no Rio de Janeiro"},"content":{"rendered":"<p>A Beija-Flor se consagrou campe\u00e3 do Carnaval do Rio de Janeiro 2018. A apura\u00e7\u00e3o aconteceu na Pra\u00e7a da Apoteose e ganhou transmiss\u00e3o na televis\u00e3o pela TV Globo. As seis primeiras classificadas desfilar\u00e3o novamente na Sapuca\u00ed no S\u00e1bado das Campe\u00e3s, no dia 17.<\/p>\n<p>O \u00faltimo quesito foi Samba-Enredo, que avalia a letra e a melodia do samba. Confira o resultado final:<\/p>\n<p>1\u00ba Beija-Flor \u2013 269,6<\/p>\n<p>2\u00ba Para\u00edso do Tuiuti \u2013 269,5<\/p>\n<p>3\u00ba Salgueiro \u2013 269,5<\/p>\n<p>4\u00ba Portela \u2013 269,4<\/p>\n<p>5\u00ba Mangueira \u2013 269,3<\/p>\n<p>6\u00ba Mocidade Independente de Padre Miguel \u2013 269,3<\/p>\n<p>7\u00ba Unidos da Tijuca \u2013 269,1<\/p>\n<p>8\u00ba Imperatriz \u2013 268,8<\/p>\n<p>9\u00ba Vila Isabel \u2013 268,1<\/p>\n<p>10\u00ba Uni\u00e3o da Ilha \u2013 267,3<\/p>\n<p>11\u00ba S\u00e3o Clemente \u2013 266,9<\/p>\n<p>12\u00ba Grande Rio \u2013 266,8<\/p>\n<p>13\u00ba Imp\u00e9rio Serrano \u2013 265,6<\/p>\n<p><strong>CARIRI EM A\u00c7\u00c3O<\/strong><\/p>\n<p><em>Com Vitrine do Cariri\/Foto: Vitrine do Cariri<\/em><\/p>\n<p><strong>Leia mais not\u00edcias em\u00a0<\/strong><a href=\"http:\/\/www.caririemacao.com\/\"><strong>caririemacao.com<\/strong><\/a><strong>, siga nossa p\u00e1gina no\u00a0<\/strong><a href=\"https:\/\/www.facebook.com\/CaririEmAcao\/?ref=aymt_homepage_panel\"><strong>Facebook<\/strong><\/a>,<strong>\u00a0<\/strong><a href=\"https:\/\/www.instagram.com\/cariri_em_acao\/?hl=pt-br\"><strong>Instagram<\/strong><\/a><strong>\u00a0e\u00a0<\/strong><a href=\"https:\/\/www.youtube.com\/channel\/UCAptA0jQuYQy8vMhLt2m4qg\"><strong>Youtube<\/strong><\/a><strong>\u00a0e veja nossas mat\u00e9rias, v\u00eddeos e fotos. Voc\u00ea tamb\u00e9m pode enviar informa\u00e7\u00f5es \u00e0 Reda\u00e7\u00e3o do Portal Cariri em A\u00e7\u00e3o pelo WhatsApp (83) 9 9634.5791, (83) 9 9601-1162.<\/strong><\/p>\n","protected":false},"excerpt":{"rendered":"<p>A Beija-Flor se consagrou campe\u00e3 do Carnaval do Rio de Janeiro 2018. A apura\u00e7\u00e3o aconteceu na Pra\u00e7a da Apoteose e ganhou transmiss\u00e3o na televis\u00e3o pela&hellip; <\/p>\n","protected":false},"author":2,"featured_media":40909,"comment_status":"closed","ping_status":"closed","sticky":false,"template":"","format":"standard","meta":{"sfsi_plus_gutenberg_text_before_share":"","sfsi_plus_gutenberg_show_text_before_share":"","sfsi_plus_gutenberg_icon_type":"","sfsi_plus_gutenberg_icon_alignemt":"","sfsi_plus_gutenburg_max_per_row":"","footnotes":""},"categories":[2],"tags":[],"class_list":["post-40908","post","type-post","status-publish","format-standard","has-post-thumbnail","hentry","category-geral"],"_links":{"self":[{"href":"https:\/\/www.caririemacao.com\/1\/wp-json\/wp\/v2\/posts\/40908","targetHints":{"allow":["GET"]}}],"collection":[{"href":"https:\/\/www.caririemacao.com\/1\/wp-json\/wp\/v2\/posts"}],"about":[{"href":"https:\/\/www.caririemacao.com\/1\/wp-json\/wp\/v2\/types\/post"}],"author":[{"embeddable":true,"href":"https:\/\/www.caririemacao.com\/1\/wp-json\/wp\/v2\/users\/2"}],"replies":[{"embeddable":true,"href":"https:\/\/www.caririemacao.com\/1\/wp-json\/wp\/v2\/comments?post=40908"}],"version-history":[{"count":0,"href":"https:\/\/www.caririemacao.com\/1\/wp-json\/wp\/v2\/posts\/40908\/revisions"}],"wp:featuredmedia":[{"embeddable":true,"href":"https:\/\/www.caririemacao.com\/1\/wp-json\/wp\/v2\/media\/40909"}],"wp:attachment":[{"href":"https:\/\/www.caririemacao.com\/1\/wp-json\/wp\/v2\/media?parent=40908"}],"wp:term":[{"taxonomy":"category","embeddable":true,"href":"https:\/\/www.caririemacao.com\/1\/wp-json\/wp\/v2\/categories?post=40908"},{"taxonomy":"post_tag","embeddable":true,"href":"https:\/\/www.caririemacao.com\/1\/wp-json\/wp\/v2\/tags?post=40908"}],"curies":[{"name":"wp","href":"https:\/\/api.w.org\/{rel}","templated":true}]}}