{"id":40911,"date":"2018-02-14T21:56:51","date_gmt":"2018-02-15T00:56:51","guid":{"rendered":"http:\/\/caririemacao.com\/1\/?p=40911"},"modified":"2018-02-14T21:56:51","modified_gmt":"2018-02-15T00:56:51","slug":"tce-vai-julgar-nesta-quinta-feira-contas-de-prefeitura-e-camara-de-vereadores-do-cariri","status":"publish","type":"post","link":"https:\/\/www.caririemacao.com\/1\/2018\/02\/14\/tce-vai-julgar-nesta-quinta-feira-contas-de-prefeitura-e-camara-de-vereadores-do-cariri\/","title":{"rendered":"TCE vai julgar nesta quinta-feira contas de Prefeitura e C\u00e2mara de Vereadores do Cariri"},"content":{"rendered":"<p>O Tribunal de Contas da Para\u00edba vai se reunir, nesta quinta-feira (15), para a verifica\u00e7\u00e3o das contas anuais de nove Prefeituras e quatro C\u00e2maras de Vereadores.<\/p>\n<p>Comp\u00f5em, ainda, a pauta de julgamentos um processo decorrente de inspe\u00e7\u00e3o especial realizada em 2017 na Companhia de \u00c1gua e Esgotos do Estado (Cagepa) e as contas de 2015 de A Uni\u00e3o \u2013 Superintend\u00eancia de Imprensa e Editora.<\/p>\n<p>O TCE analisar\u00e1 contas oriundas das Prefeituras de Patos (exerc\u00edcio de 2013) Nazarezinho (2014), V\u00e1rzea, Logradouro, Guarabira, M\u00e3e d\u2019\u00c1gua Malta, Ba\u00eda da Trai\u00e7\u00e3o e\u00a0Boa Vista (2015). A de Ara\u00e7agi aparece na pauta com os exerc\u00edcios de 2015 e 2016.<\/p>\n<p>As C\u00e2maras Municipais com presta\u00e7\u00f5es de contas a serem examinadas na mesma sess\u00e3o plen\u00e1ria s\u00e3o as de Pocinhos (2013),\u00a0Juazeirinho (2014), Umbuzeiro e Fagundes (2016).<\/p>\n<p>Presidido pelo conselheiro Andr\u00e9 Carlo Torres Pontes, o TCE re\u00fane-se \u00e0s quartas-feiras (a exce\u00e7\u00e3o decorre do fim do per\u00edodo carnavalesco e do primeiro dia da Quaresma), com acesso permitido ao p\u00fablico e transmiss\u00f5es ao vivo pela TV TCE-PB (Canal no Youtube).<\/p>\n<p><strong>CARIRI EM A\u00c7\u00c3O<\/strong><\/p>\n<p><em>Com Vitrine do Cariri\/Foto: Reprodu\u00e7\u00e3o Internet<\/em><\/p>\n<p><strong>Leia mais not\u00edcias em\u00a0<\/strong><a href=\"http:\/\/www.caririemacao.com\/\"><strong>caririemacao.com<\/strong><\/a><strong>, siga nossa p\u00e1gina no\u00a0<\/strong><a href=\"https:\/\/www.facebook.com\/CaririEmAcao\/?ref=aymt_homepage_panel\"><strong>Facebook<\/strong><\/a>,<strong>\u00a0<\/strong><a href=\"https:\/\/www.instagram.com\/cariri_em_acao\/?hl=pt-br\"><strong>Instagram<\/strong><\/a><strong>\u00a0e\u00a0<\/strong><a href=\"https:\/\/www.youtube.com\/channel\/UCAptA0jQuYQy8vMhLt2m4qg\"><strong>Youtube<\/strong><\/a><strong>\u00a0e veja nossas mat\u00e9rias, v\u00eddeos e fotos. Voc\u00ea tamb\u00e9m pode enviar informa\u00e7\u00f5es \u00e0 Reda\u00e7\u00e3o do Portal Cariri em A\u00e7\u00e3o pelo WhatsApp (83) 9 9634.5791, (83) 9 9601-1162.<\/strong><\/p>\n","protected":false},"excerpt":{"rendered":"<p>O Tribunal de Contas da Para\u00edba vai se reunir, nesta quinta-feira (15), para a verifica\u00e7\u00e3o das contas anuais de nove Prefeituras e quatro C\u00e2maras de&hellip; <\/p>\n","protected":false},"author":2,"featured_media":39246,"comment_status":"closed","ping_status":"closed","sticky":false,"template":"","format":"standard","meta":{"sfsi_plus_gutenberg_text_before_share":"","sfsi_plus_gutenberg_show_text_before_share":"","sfsi_plus_gutenberg_icon_type":"","sfsi_plus_gutenberg_icon_alignemt":"","sfsi_plus_gutenburg_max_per_row":"","footnotes":""},"categories":[2],"tags":[],"class_list":["post-40911","post","type-post","status-publish","format-standard","has-post-thumbnail","hentry","category-geral"],"_links":{"self":[{"href":"https:\/\/www.caririemacao.com\/1\/wp-json\/wp\/v2\/posts\/40911","targetHints":{"allow":["GET"]}}],"collection":[{"href":"https:\/\/www.caririemacao.com\/1\/wp-json\/wp\/v2\/posts"}],"about":[{"href":"https:\/\/www.caririemacao.com\/1\/wp-json\/wp\/v2\/types\/post"}],"author":[{"embeddable":true,"href":"https:\/\/www.caririemacao.com\/1\/wp-json\/wp\/v2\/users\/2"}],"replies":[{"embeddable":true,"href":"https:\/\/www.caririemacao.com\/1\/wp-json\/wp\/v2\/comments?post=40911"}],"version-history":[{"count":0,"href":"https:\/\/www.caririemacao.com\/1\/wp-json\/wp\/v2\/posts\/40911\/revisions"}],"wp:featuredmedia":[{"embeddable":true,"href":"https:\/\/www.caririemacao.com\/1\/wp-json\/wp\/v2\/media\/39246"}],"wp:attachment":[{"href":"https:\/\/www.caririemacao.com\/1\/wp-json\/wp\/v2\/media?parent=40911"}],"wp:term":[{"taxonomy":"category","embeddable":true,"href":"https:\/\/www.caririemacao.com\/1\/wp-json\/wp\/v2\/categories?post=40911"},{"taxonomy":"post_tag","embeddable":true,"href":"https:\/\/www.caririemacao.com\/1\/wp-json\/wp\/v2\/tags?post=40911"}],"curies":[{"name":"wp","href":"https:\/\/api.w.org\/{rel}","templated":true}]}}