{"id":40921,"date":"2018-02-15T08:04:03","date_gmt":"2018-02-15T11:04:03","guid":{"rendered":"http:\/\/caririemacao.com\/1\/?p=40921"},"modified":"2018-02-15T08:04:03","modified_gmt":"2018-02-15T11:04:03","slug":"inscricoes-para-vestibular-educacao-no-campo-prosseguem-ate-sexta-feira-no-campus-da-ufcg-de-sume","status":"publish","type":"post","link":"https:\/\/www.caririemacao.com\/1\/2018\/02\/15\/inscricoes-para-vestibular-educacao-no-campo-prosseguem-ate-sexta-feira-no-campus-da-ufcg-de-sume\/","title":{"rendered":"Inscri\u00e7\u00f5es para vestibular Educa\u00e7\u00e3o no Campo prosseguem at\u00e9 sexta-feira no Campus da UFCG de Sum\u00e9"},"content":{"rendered":"<p>Encerram nesta sexta-feira, 16 de fevereiro, as inscri\u00e7\u00f5es para o Vestibular Especial 2018.1 para o Curso de Licenciatura Interdisciplinar em Educa\u00e7\u00e3o do Campo, do Centro de Desenvolvimento Sustent\u00e1vel do Semi\u00e1rido da Universidade Federal de Campina, Campus de Sum\u00e9.<\/p>\n<p>Podem se inscrever no Concurso Vestibular Especial 2018.1 exclusivamente o candidato que tenha realizado o Exame Nacional de Cursos do Ensino M\u00e9dio (ENEM) em qualquer dos anos 2013, 2014, 2015, 2016 ou 2017.<\/p>\n<p>Os candidatos tamb\u00e9m devem atender aos seguintes crit\u00e9rios: atuar na agricultura familiar, ou que seja, dependente de fam\u00edlia que realize essa forma de produ\u00e7\u00e3o; seja empregado rural ou seu dependente; seja assentado da Reforma Agr\u00e1ria ou seu dependente; seja professor em exerc\u00edcio do magist\u00e9rio do ensino fundamental e m\u00e9dio da rede p\u00fablica ou rede privada de ensino; seja quilombola, cigano ou pescador artesanal; seja integrante de movimento social do campo.<\/p>\n<p>Para efetuar a inscri\u00e7\u00e3o, o candidato dever\u00e1 acessar o s\u00edtio<strong>\u00a0<\/strong>http:\/\/www.ufcg.edu.br\/comprov\/, preencher integralmente o formul\u00e1rio de inscri\u00e7\u00e3o, informando os dados dos documentos de identidade, CPF, T\u00edtulo de Eleitor, Certificado de Alistamento Militar ou equivalente (para pessoas do sexo masculino); assinalar, ap\u00f3s ler atenta e integralmente o edital, sua op\u00e7\u00e3o para concorrer ou n\u00e3o \u00e0s vagas reservadas aos candidatos surdos, observando o atendimento aos requisitos correspondentes a essa op\u00e7\u00e3o; enviar, no ato da inscri\u00e7\u00e3o, uma fotografia 3\u00d74 recente em arquivo JPG com no m\u00ednimo 10kb e no m\u00e1ximo 50kb; e criar uma senha de acesso ao sistema com as caracter\u00edsticas descritas no item; imprimir a GRU (Guia de Recolhimento da Uni\u00e3o), com o valor total do documento, correspondente \u00e0 taxa de inscri\u00e7\u00e3o; confirmar a Declara\u00e7\u00e3o de Car\u00eancia Socioecon\u00f4mica, quando for o caso; informar um e-mail v\u00e1lido e o consultar com periodicidade (inclusive a pasta de SPAM ou mecanismos de bloqueio de e-mails), visto que informa\u00e7\u00f5es importantes durante o per\u00edodo de inscri\u00e7\u00e3o ser\u00e3o enviadas para o e-mail informado; e por fim, verificar se a inscri\u00e7\u00e3o foi conclu\u00edda com sucesso.<\/p>\n<p>Todas as informa\u00e7\u00f5es a respeito do Vestibular est\u00e3o dispon\u00edveis no s\u00edtio eletr\u00f4nico da Comprov\/UFCG<\/p>\n<p><strong>CARIRI EM A\u00c7\u00c3O<\/strong><\/p>\n<p><em>Com Vitrine do Cariri\/Foto: Reprodu\u00e7\u00e3o Internet<\/em><\/p>\n<p><strong>Leia mais not\u00edcias em\u00a0<\/strong><a href=\"http:\/\/www.caririemacao.com\/\"><strong>caririemacao.com<\/strong><\/a><strong>, siga nossa p\u00e1gina no\u00a0<\/strong><a href=\"https:\/\/www.facebook.com\/CaririEmAcao\/?ref=aymt_homepage_panel\"><strong>Facebook<\/strong><\/a>,<strong>\u00a0<\/strong><a href=\"https:\/\/www.instagram.com\/cariri_em_acao\/?hl=pt-br\"><strong>Instagram<\/strong><\/a><strong>\u00a0e\u00a0<\/strong><a href=\"https:\/\/www.youtube.com\/channel\/UCAptA0jQuYQy8vMhLt2m4qg\"><strong>Youtube<\/strong><\/a><strong>\u00a0e veja nossas mat\u00e9rias, v\u00eddeos e fotos. Voc\u00ea tamb\u00e9m pode enviar informa\u00e7\u00f5es \u00e0 Reda\u00e7\u00e3o do Portal Cariri em A\u00e7\u00e3o pelo WhatsApp (83) 9 9634.5791, (83) 9 9601-1162.<\/strong><\/p>\n","protected":false},"excerpt":{"rendered":"<p>Encerram nesta sexta-feira, 16 de fevereiro, as inscri\u00e7\u00f5es para o Vestibular Especial 2018.1 para o Curso de Licenciatura Interdisciplinar em Educa\u00e7\u00e3o do Campo, do Centro&hellip; <\/p>\n","protected":false},"author":2,"featured_media":704,"comment_status":"closed","ping_status":"closed","sticky":false,"template":"","format":"standard","meta":{"sfsi_plus_gutenberg_text_before_share":"","sfsi_plus_gutenberg_show_text_before_share":"","sfsi_plus_gutenberg_icon_type":"","sfsi_plus_gutenberg_icon_alignemt":"","sfsi_plus_gutenburg_max_per_row":"","footnotes":""},"categories":[14],"tags":[],"class_list":["post-40921","post","type-post","status-publish","format-standard","has-post-thumbnail","hentry","category-educacao"],"_links":{"self":[{"href":"https:\/\/www.caririemacao.com\/1\/wp-json\/wp\/v2\/posts\/40921","targetHints":{"allow":["GET"]}}],"collection":[{"href":"https:\/\/www.caririemacao.com\/1\/wp-json\/wp\/v2\/posts"}],"about":[{"href":"https:\/\/www.caririemacao.com\/1\/wp-json\/wp\/v2\/types\/post"}],"author":[{"embeddable":true,"href":"https:\/\/www.caririemacao.com\/1\/wp-json\/wp\/v2\/users\/2"}],"replies":[{"embeddable":true,"href":"https:\/\/www.caririemacao.com\/1\/wp-json\/wp\/v2\/comments?post=40921"}],"version-history":[{"count":0,"href":"https:\/\/www.caririemacao.com\/1\/wp-json\/wp\/v2\/posts\/40921\/revisions"}],"wp:featuredmedia":[{"embeddable":true,"href":"https:\/\/www.caririemacao.com\/1\/wp-json\/wp\/v2\/media\/704"}],"wp:attachment":[{"href":"https:\/\/www.caririemacao.com\/1\/wp-json\/wp\/v2\/media?parent=40921"}],"wp:term":[{"taxonomy":"category","embeddable":true,"href":"https:\/\/www.caririemacao.com\/1\/wp-json\/wp\/v2\/categories?post=40921"},{"taxonomy":"post_tag","embeddable":true,"href":"https:\/\/www.caririemacao.com\/1\/wp-json\/wp\/v2\/tags?post=40921"}],"curies":[{"name":"wp","href":"https:\/\/api.w.org\/{rel}","templated":true}]}}