{"id":40933,"date":"2018-02-15T08:22:52","date_gmt":"2018-02-15T11:22:52","guid":{"rendered":"http:\/\/caririemacao.com\/1\/?p=40933"},"modified":"2018-02-15T08:22:52","modified_gmt":"2018-02-15T11:22:52","slug":"tentativa-de-homicidio-no-congo-deixa-um-ferido","status":"publish","type":"post","link":"https:\/\/www.caririemacao.com\/1\/2018\/02\/15\/tentativa-de-homicidio-no-congo-deixa-um-ferido\/","title":{"rendered":"Tentativa de homic\u00eddio no Congo deixa um ferido"},"content":{"rendered":"<p>Na madrugada do domingo (11 ) para a segunda feira \u00a0por volta de uma hora da manh\u00e3 na cidade do Congo \u00a0v\u00e1rios tiros foram disparados \u00a0e um jovem da cidade F\u00e1bio Luiz, conhecido como Porco, ficou ferido com tr\u00eas tiros \u00a0no t\u00f3rax.<\/p>\n<p>Os acusados s\u00e3o dois homens que estavam em uma moto que ainda \u00a0n\u00e3o foram identificados.<\/p>\n<p>Porco tentou correu na hora para se livrar dos seus algozes para que mais disparos n\u00e3o o atingissem.<\/p>\n<p>F\u00e1bio Luiz quando era menor teve atos infracionais registrados pela pol\u00edcia. Porco foi encaminhado para o Hospital de Trauma e passou por cirurgia.<\/p>\n<p>Informa\u00e7\u00f5es extra oficiais que ele pode fica parapl\u00e9gico.<\/p>\n<p><a href=\"http:\/\/caririemacao.com\/1\/wp-content\/uploads\/2018\/02\/fabioporco-720x445.jpeg\"><img fetchpriority=\"high\" decoding=\"async\" class=\"aligncenter size-full wp-image-40934\" src=\"http:\/\/caririemacao.com\/1\/wp-content\/uploads\/2018\/02\/fabioporco-720x445.jpeg\" alt=\"\" width=\"300\" height=\"185\" \/><\/a><\/p>\n<p><strong>CARIRI EM A\u00c7\u00c3O<\/strong><\/p>\n<p><em>Jacqueline Oliveira com O Pipoco\/Foto: Reprodu\u00e7\u00e3o google<\/em><\/p>\n<p><strong>Leia mais not\u00edcias em\u00a0<\/strong><a href=\"http:\/\/www.caririemacao.com\/\"><strong>caririemacao.com<\/strong><\/a><strong>, siga nossa p\u00e1gina no\u00a0<\/strong><a href=\"https:\/\/www.facebook.com\/CaririEmAcao\/?ref=aymt_homepage_panel\"><strong>Facebook<\/strong><\/a>,<strong>\u00a0<\/strong><a href=\"https:\/\/www.instagram.com\/cariri_em_acao\/?hl=pt-br\"><strong>Instagram<\/strong><\/a><strong>\u00a0e\u00a0<\/strong><a href=\"https:\/\/www.youtube.com\/channel\/UCAptA0jQuYQy8vMhLt2m4qg\"><strong>Youtube<\/strong><\/a><strong>\u00a0e veja nossas mat\u00e9rias, v\u00eddeos e fotos. Voc\u00ea tamb\u00e9m pode enviar informa\u00e7\u00f5es \u00e0 Reda\u00e7\u00e3o do Portal Cariri em A\u00e7\u00e3o pelo WhatsApp (83) 9 9634.5791, (83) 9 9601-1162.<\/strong><\/p>\n","protected":false},"excerpt":{"rendered":"<p>Na madrugada do domingo (11 ) para a segunda feira \u00a0por volta de uma hora da manh\u00e3 na cidade do Congo \u00a0v\u00e1rios tiros foram disparados&hellip; <\/p>\n","protected":false},"author":2,"featured_media":40935,"comment_status":"closed","ping_status":"closed","sticky":false,"template":"","format":"standard","meta":{"sfsi_plus_gutenberg_text_before_share":"","sfsi_plus_gutenberg_show_text_before_share":"","sfsi_plus_gutenberg_icon_type":"","sfsi_plus_gutenberg_icon_alignemt":"","sfsi_plus_gutenburg_max_per_row":"","footnotes":""},"categories":[12],"tags":[],"class_list":["post-40933","post","type-post","status-publish","format-standard","has-post-thumbnail","hentry","category-policia"],"_links":{"self":[{"href":"https:\/\/www.caririemacao.com\/1\/wp-json\/wp\/v2\/posts\/40933","targetHints":{"allow":["GET"]}}],"collection":[{"href":"https:\/\/www.caririemacao.com\/1\/wp-json\/wp\/v2\/posts"}],"about":[{"href":"https:\/\/www.caririemacao.com\/1\/wp-json\/wp\/v2\/types\/post"}],"author":[{"embeddable":true,"href":"https:\/\/www.caririemacao.com\/1\/wp-json\/wp\/v2\/users\/2"}],"replies":[{"embeddable":true,"href":"https:\/\/www.caririemacao.com\/1\/wp-json\/wp\/v2\/comments?post=40933"}],"version-history":[{"count":0,"href":"https:\/\/www.caririemacao.com\/1\/wp-json\/wp\/v2\/posts\/40933\/revisions"}],"wp:featuredmedia":[{"embeddable":true,"href":"https:\/\/www.caririemacao.com\/1\/wp-json\/wp\/v2\/media\/40935"}],"wp:attachment":[{"href":"https:\/\/www.caririemacao.com\/1\/wp-json\/wp\/v2\/media?parent=40933"}],"wp:term":[{"taxonomy":"category","embeddable":true,"href":"https:\/\/www.caririemacao.com\/1\/wp-json\/wp\/v2\/categories?post=40933"},{"taxonomy":"post_tag","embeddable":true,"href":"https:\/\/www.caririemacao.com\/1\/wp-json\/wp\/v2\/tags?post=40933"}],"curies":[{"name":"wp","href":"https:\/\/api.w.org\/{rel}","templated":true}]}}