{"id":40954,"date":"2018-02-15T08:45:06","date_gmt":"2018-02-15T11:45:06","guid":{"rendered":"http:\/\/caririemacao.com\/1\/?p=40954"},"modified":"2018-02-15T08:45:06","modified_gmt":"2018-02-15T11:45:06","slug":"tribunal-de-justica-suspende-taxa-de-r-150-cobrada-pelo-detran-pb","status":"publish","type":"post","link":"https:\/\/www.caririemacao.com\/1\/2018\/02\/15\/tribunal-de-justica-suspende-taxa-de-r-150-cobrada-pelo-detran-pb\/","title":{"rendered":"Tribunal de Justi\u00e7a suspende taxa de R$ 150 cobrada pelo Detran-PB"},"content":{"rendered":"<p>O deferimento de medida cautelar em A\u00e7\u00e3o Direta de Inconstitucionalidade, pelo Pleno do Tribunal de Justi\u00e7a da Para\u00edba, suspendeu o artigo 2\u00ba da Portaria n\u00ba 150, de 7 de agosto de 2017, expedida pelo Departamento Estadual de Tr\u00e2nsito da Para\u00edba (Detran-PB). Esta estabeleceu a cobran\u00e7a de um valor de R$ 150,00, para operacionalizar a comunica\u00e7\u00e3o de vendas de ve\u00edculos de forma eletr\u00f4nica. A decis\u00e3o foi tomada, na tarde desta quarta-feira (14), e teve como relator o desembargador Saulo Henriques de S\u00e1 e Benevides.<\/p>\n<p>A ADI n\u00ba 0806540-47.2017.815.0000, com pedido de medida cautelar, foi proposta pelo Minist\u00e9rio P\u00fablico da Para\u00edba, que alegou que a referida cobran\u00e7a institui exa\u00e7\u00e3o tribut\u00e1ria inconstitucional como presta\u00e7\u00e3o de servi\u00e7o p\u00fablico. Asseverou, ainda, que a obriga\u00e7\u00e3o pecuni\u00e1ria cuida-se, na verdade, de taxa criada sem a necess\u00e1ria observ\u00e2ncia dos par\u00e2metros legais (arts. 150, I, 156, II e art. 157, I, II, b, da Constitui\u00e7\u00e3o Federal), que atribuem \u00e0 Uni\u00e3o, Estados ou Munic\u00edpios a institui\u00e7\u00e3o de impostos.<\/p>\n<p>Por fim, o Minist\u00e9rio P\u00fablico requereu a suspens\u00e3o dos efeitos do artigo 2\u00ba da Portaria n\u00ba 150, do Detran, com efeito ex nunc, com consequente suspens\u00e3o da exigibilidade do pagamento denominado \u201cpre\u00e7o p\u00fablico\u201d, por se tratar de taxa.<\/p>\n<p>O artigo 2\u00ba da Portaria n\u00ba 150 regulamenta os procedimentos para comunica\u00e7\u00e3o de vendas de ve\u00edculos automotores, o credenciamento de pessoas jur\u00eddicas interessadas na operacionaliza\u00e7\u00e3o de sistema integrado de comunica\u00e7\u00e3o de vendas de ve\u00edculos automotores e atividades inerentes no \u00e2mbito do Estado da Para\u00edba. Disp\u00f5e que: \u201cFica a pessoa jur\u00eddica credenciada autorizada a realizar a operacionaliza\u00e7\u00e3o de comunica\u00e7\u00e3o de vendas de ve\u00edculos de forma eletr\u00f4nica atrav\u00e9s de sistema integrado, mediante pre\u00e7o p\u00fablico de R$ 150,00(cento e cinquenta reais)\u201d.<\/p>\n<p>Ao votar, o relator da ADI observou que a concess\u00e3o de liminar em A\u00e7\u00e3o Direta de Inconstitucionalidade requer a apresenta\u00e7\u00e3o de relevante fundamenta\u00e7\u00e3o por parte do requerente, associada \u00e0 possibilidade de lhe sobrevir les\u00e3o grave ou de dif\u00edcil repara\u00e7\u00e3o. E que o Tribunal s\u00f3 poder\u00e1 conced\u00ea-la por decis\u00e3o da maioria absoluta dos seus membros, quando presentes os requisitos autorizadores: a apar\u00eancia do bom direito e o perigo da demora.<\/p>\n<p>O relator afirmou que realizando um ju\u00edzo pr\u00e9vio, por\u00e9m n\u00e3o exauriente sobre a mat\u00e9ria, verifica-se que \u201ca aludida cobran\u00e7a tem aut\u00eantica natureza de taxa, haja vista seu car\u00e1ter compuls\u00f3rio e a sua vincula\u00e7\u00e3o a finalidade espec\u00edfica, sendo decorrente da atua\u00e7\u00e3o do Estado\u201d.<\/p>\n<p>Nesse contexto, o relator observou que as revendedoras de ve\u00edculos n\u00e3o ter\u00e3o a op\u00e7\u00e3o de pagar ou n\u00e3o a taxa referente a comunica\u00e7\u00e3o de vendas de ve\u00edculos de forma eletr\u00f4nica, pois uma vez cadastrada no sistema integrado de comunica\u00e7\u00e3o de vendas de ve\u00edculos, as lojas de autom\u00f3veis ter\u00e3o que recolher o valor da taxa no momento da comunica\u00e7\u00e3o da venda.<\/p>\n<p>\u201cA cobran\u00e7a da referida exa\u00e7\u00e3o para comunica\u00e7\u00e3o de venda de ve\u00edculos n\u00e3o se encontra abarcada por instrumento jur\u00eddico adequado, havendo a possibilidade de empresas realizarem o pagamento da referida exa\u00e7\u00e3o, sem no entanto, haver base legal para tanto\u201d, afirmou o desembargador Saulo Benevides.<\/p>\n<p><strong>CARIRI EM A\u00c7\u00c3O<\/strong><\/p>\n<p><em>Com Mais PB\/ Foto:\u00a0Mais PB<\/em><\/p>\n<p><strong>Leia mais not\u00edcias em\u00a0<\/strong><a href=\"http:\/\/www.caririemacao.com\/\"><strong>caririemacao.com<\/strong><\/a><strong>, siga nossa p\u00e1gina no\u00a0<\/strong><a href=\"https:\/\/www.facebook.com\/CaririEmAcao\/?ref=aymt_homepage_panel\"><strong>Facebook<\/strong><\/a>,<strong>\u00a0<\/strong><a href=\"https:\/\/www.instagram.com\/cariri_em_acao\/?hl=pt-br\"><strong>Instagram<\/strong><\/a><strong>\u00a0e\u00a0<\/strong><a href=\"https:\/\/www.youtube.com\/channel\/UCAptA0jQuYQy8vMhLt2m4qg\"><strong>Youtube<\/strong><\/a><strong>\u00a0e veja nossas mat\u00e9rias, v\u00eddeos e fotos. Voc\u00ea tamb\u00e9m pode enviar informa\u00e7\u00f5es \u00e0 Reda\u00e7\u00e3o do Portal Cariri em A\u00e7\u00e3o pelo WhatsApp (83) 9 9634.5791, (83) 9 9601-1162.<\/strong><\/p>\n","protected":false},"excerpt":{"rendered":"<p>O deferimento de medida cautelar em A\u00e7\u00e3o Direta de Inconstitucionalidade, pelo Pleno do Tribunal de Justi\u00e7a da Para\u00edba, suspendeu o artigo 2\u00ba da Portaria n\u00ba&hellip; <\/p>\n","protected":false},"author":2,"featured_media":40955,"comment_status":"closed","ping_status":"closed","sticky":false,"template":"","format":"standard","meta":{"sfsi_plus_gutenberg_text_before_share":"","sfsi_plus_gutenberg_show_text_before_share":"","sfsi_plus_gutenberg_icon_type":"","sfsi_plus_gutenberg_icon_alignemt":"","sfsi_plus_gutenburg_max_per_row":"","footnotes":""},"categories":[2],"tags":[],"class_list":["post-40954","post","type-post","status-publish","format-standard","has-post-thumbnail","hentry","category-geral"],"_links":{"self":[{"href":"https:\/\/www.caririemacao.com\/1\/wp-json\/wp\/v2\/posts\/40954","targetHints":{"allow":["GET"]}}],"collection":[{"href":"https:\/\/www.caririemacao.com\/1\/wp-json\/wp\/v2\/posts"}],"about":[{"href":"https:\/\/www.caririemacao.com\/1\/wp-json\/wp\/v2\/types\/post"}],"author":[{"embeddable":true,"href":"https:\/\/www.caririemacao.com\/1\/wp-json\/wp\/v2\/users\/2"}],"replies":[{"embeddable":true,"href":"https:\/\/www.caririemacao.com\/1\/wp-json\/wp\/v2\/comments?post=40954"}],"version-history":[{"count":0,"href":"https:\/\/www.caririemacao.com\/1\/wp-json\/wp\/v2\/posts\/40954\/revisions"}],"wp:featuredmedia":[{"embeddable":true,"href":"https:\/\/www.caririemacao.com\/1\/wp-json\/wp\/v2\/media\/40955"}],"wp:attachment":[{"href":"https:\/\/www.caririemacao.com\/1\/wp-json\/wp\/v2\/media?parent=40954"}],"wp:term":[{"taxonomy":"category","embeddable":true,"href":"https:\/\/www.caririemacao.com\/1\/wp-json\/wp\/v2\/categories?post=40954"},{"taxonomy":"post_tag","embeddable":true,"href":"https:\/\/www.caririemacao.com\/1\/wp-json\/wp\/v2\/tags?post=40954"}],"curies":[{"name":"wp","href":"https:\/\/api.w.org\/{rel}","templated":true}]}}