{"id":40957,"date":"2018-02-15T08:54:27","date_gmt":"2018-02-15T11:54:27","guid":{"rendered":"http:\/\/caririemacao.com\/1\/?p=40957"},"modified":"2018-02-15T08:54:27","modified_gmt":"2018-02-15T11:54:27","slug":"tres-pessoas-morreram-em-acidentes-durante-o-carnaval","status":"publish","type":"post","link":"https:\/\/www.caririemacao.com\/1\/2018\/02\/15\/tres-pessoas-morreram-em-acidentes-durante-o-carnaval\/","title":{"rendered":"Tr\u00eas pessoas morreram em acidentes durante o Carnaval"},"content":{"rendered":"<p>Na Para\u00edba, durante a Opera\u00e7\u00e3o Carnaval, que come\u00e7ou na sexta-feira (9), foram registradas nas rodovias federais, 41 ocorr\u00eancias de acidentes, com 39 pessoas feridas e tr\u00eas \u00f3bitos. Os acidentes com mortes, todos envolvendo motocicletas, aconteceram nas Regi\u00f5es do Sert\u00e3o e Metropolitana de Campina Grande.<\/p>\n<p>Na Opera\u00e7\u00e3o Carnaval de 2017, que aconteceu entre os dias 24\/02 e 01\/03, foram registrados nas rodovias federais da Para\u00edba, 37 acidentes, com 37 feridos e um morto.<\/p>\n<p>A primeira ocorr\u00eancia com v\u00edtima fatal aconteceu \u00e0s 04h50, do s\u00e1bado (10), no km 172,0 da rodovia BR-230, no munic\u00edpio de Campina Grande, ap\u00f3s o motociclista, um jovem de 23 anos de idade, colidir com a moto de frente com um caminh\u00e3o, que se evadiu do local sem ser identificado. A causa presum\u00edvel do acidente foi a ultrapassagem indevida.<\/p>\n<p>A segunda ocorr\u00eancia tamb\u00e9m aconteceu no s\u00e1bado (10), \u00e0s 19h, no km 16,9 da rodovia BR-361, no munic\u00edpio de Santa Terezinha, onde outro motociclista, um homem de 32 anos de idade, colidiu na traseira de um ve\u00edculo que tamb\u00e9m se evadiu do local sem ser identificado. Com o impacto, o motociclista foi lan\u00e7ado para pista contr\u00e1ria e, na ocasi\u00e3o, foi atropelado por outro ve\u00edculo que transitava no momento do sinistro. A causa presum\u00edvel foi a restri\u00e7\u00e3o a visibilidade.<\/p>\n<p>O \u00faltimo acidente com morte aconteceu \u00e0s 00h45, da segunda-feira (12), no km 368,2 da rodovia BR-230, no munic\u00edpio de Malta, onde, tamb\u00e9m, um motociclista colidiu com a moto frontalmente contra uma carreta. A v\u00edtima tinha 31 anos de idade e a causa presum\u00edvel do acidente foi a ingest\u00e3o de bebida alco\u00f3lica.<\/p>\n<p><strong>FISCALIZA\u00c7\u00c3O<\/strong><\/p>\n<p>Na Opera\u00e7\u00e3o Carnaval de 2018, a PRF na Para\u00edba fiscalizou 1.095 ve\u00edculos, lavrou 1.275 autos de infra\u00e7\u00e3o de tr\u00e2nsito, 712 ve\u00edculos foram detectados pelo radar transitando com excesso de velocidade, 91 ve\u00edculos foram recolhidos para regulariza\u00e7\u00e3o e 25 animais (bovinos e equinos) retirados das rodovias.<\/p>\n<p>Ainda, 1.136 pessoas foram fiscalizadas e outras 873 abordadas em a\u00e7\u00f5es de educa\u00e7\u00e3o para o tr\u00e2nsito.<\/p>\n<p>A PRF tamb\u00e9m realizou 831 testes de alcoolemia, que resultou em 32 motoristas reprovados e oito foram conduzidos para Delegacia de Pol\u00edcia por estarem com a quantidade superior a 0,34 miligramas de \u00e1lcool por litro de ar nos pulm\u00f5es.<\/p>\n<p><strong>CRIMINALIDADE<\/strong><\/p>\n<p>Durante o per\u00edodo da Opera\u00e7\u00e3o a PRF se deparou com 17 ocorr\u00eancias policiais, onde 17 pessoas foram presas e conduzidas para Delegacia de Pol\u00edcia, sendo, oito por dirigir embriagadas, tr\u00eas por outros crimes de tr\u00e2nsito e seis por outros tipos de crimes.<\/p>\n<p>A PRF ainda aprendeu dois revolveres, com tr\u00eas muni\u00e7\u00f5es, 12g de haxixi, 5g de maconha, um documento falso e oito ve\u00edculos com queixa de roubo\/furto foram recuperados.<\/p>\n<p><strong>CARIRI EM A\u00c7\u00c3O<\/strong><\/p>\n<p><em>Com Mais PB\/ Foto: Mais PB<\/em><\/p>\n<p><strong>Leia mais not\u00edcias em\u00a0<\/strong><a href=\"http:\/\/www.caririemacao.com\/\"><strong>caririemacao.com<\/strong><\/a><strong>, siga nossa p\u00e1gina no\u00a0<\/strong><a href=\"https:\/\/www.facebook.com\/CaririEmAcao\/?ref=aymt_homepage_panel\"><strong>Facebook<\/strong><\/a>,<strong>\u00a0<\/strong><a href=\"https:\/\/www.instagram.com\/cariri_em_acao\/?hl=pt-br\"><strong>Instagram<\/strong><\/a><strong>\u00a0e\u00a0<\/strong><a href=\"https:\/\/www.youtube.com\/channel\/UCAptA0jQuYQy8vMhLt2m4qg\"><strong>Youtube<\/strong><\/a><strong>\u00a0e veja nossas mat\u00e9rias, v\u00eddeos e fotos. Voc\u00ea tamb\u00e9m pode enviar informa\u00e7\u00f5es \u00e0 Reda\u00e7\u00e3o do Portal Cariri em A\u00e7\u00e3o pelo WhatsApp (83) 9 9634.5791, (83) 9 9601-1162.<\/strong><\/p>\n","protected":false},"excerpt":{"rendered":"<p>Na Para\u00edba, durante a Opera\u00e7\u00e3o Carnaval, que come\u00e7ou na sexta-feira (9), foram registradas nas rodovias federais, 41 ocorr\u00eancias de acidentes, com 39 pessoas feridas e&hellip; <\/p>\n","protected":false},"author":2,"featured_media":40958,"comment_status":"closed","ping_status":"closed","sticky":false,"template":"","format":"standard","meta":{"sfsi_plus_gutenberg_text_before_share":"","sfsi_plus_gutenberg_show_text_before_share":"","sfsi_plus_gutenberg_icon_type":"","sfsi_plus_gutenberg_icon_alignemt":"","sfsi_plus_gutenburg_max_per_row":"","footnotes":""},"categories":[12],"tags":[],"class_list":["post-40957","post","type-post","status-publish","format-standard","has-post-thumbnail","hentry","category-policia"],"_links":{"self":[{"href":"https:\/\/www.caririemacao.com\/1\/wp-json\/wp\/v2\/posts\/40957","targetHints":{"allow":["GET"]}}],"collection":[{"href":"https:\/\/www.caririemacao.com\/1\/wp-json\/wp\/v2\/posts"}],"about":[{"href":"https:\/\/www.caririemacao.com\/1\/wp-json\/wp\/v2\/types\/post"}],"author":[{"embeddable":true,"href":"https:\/\/www.caririemacao.com\/1\/wp-json\/wp\/v2\/users\/2"}],"replies":[{"embeddable":true,"href":"https:\/\/www.caririemacao.com\/1\/wp-json\/wp\/v2\/comments?post=40957"}],"version-history":[{"count":0,"href":"https:\/\/www.caririemacao.com\/1\/wp-json\/wp\/v2\/posts\/40957\/revisions"}],"wp:featuredmedia":[{"embeddable":true,"href":"https:\/\/www.caririemacao.com\/1\/wp-json\/wp\/v2\/media\/40958"}],"wp:attachment":[{"href":"https:\/\/www.caririemacao.com\/1\/wp-json\/wp\/v2\/media?parent=40957"}],"wp:term":[{"taxonomy":"category","embeddable":true,"href":"https:\/\/www.caririemacao.com\/1\/wp-json\/wp\/v2\/categories?post=40957"},{"taxonomy":"post_tag","embeddable":true,"href":"https:\/\/www.caririemacao.com\/1\/wp-json\/wp\/v2\/tags?post=40957"}],"curies":[{"name":"wp","href":"https:\/\/api.w.org\/{rel}","templated":true}]}}