{"id":40962,"date":"2018-02-15T09:13:06","date_gmt":"2018-02-15T12:13:06","guid":{"rendered":"http:\/\/caririemacao.com\/1\/?p=40962"},"modified":"2018-02-15T09:14:42","modified_gmt":"2018-02-15T12:14:42","slug":"ufpb-oferece-seis-vagas-para-professor-adjunto-e-assistente","status":"publish","type":"post","link":"https:\/\/www.caririemacao.com\/1\/2018\/02\/15\/ufpb-oferece-seis-vagas-para-professor-adjunto-e-assistente\/","title":{"rendered":"UFPB oferece seis vagas para professor adjunto e assistente"},"content":{"rendered":"<div class=\"mc-column content-text active-extra-styles active-capital-letter\" data-block-type=\"unstyled\" data-block-weight=\"40\" data-block-id=\"2\">\n<p class=\"content-text__container theme-color-primary-first-letter\" data-track-category=\"Link no Texto\" data-track-links=\"\">A Universidade Federal da Para\u00edba (UFPB) est\u00e1 com sele\u00e7\u00e3o aberta para os cargos de professor adjunto e professor assistente. S\u00e3o seis vagas que abrangem os campi de Jo\u00e3o Pessoa e Areia.\u00a0Confira o edital publicado no Di\u00e1rio Oficial da Uni\u00e3o.<\/p>\n<\/div>\n<div class=\"mc-column content-text active-extra-styles \" data-block-type=\"unstyled\" data-block-weight=\"57\" data-block-id=\"3\">\n<p class=\"content-text__container \" data-track-category=\"Link no Texto\" data-track-links=\"\">As vagas s\u00e3o para as \u00e1reas de Cirurgias de Cabe\u00e7a e Pesco\u00e7o, Doen\u00e7as Prevalentes do Sistema End\u00f3crino\/Internato, do Centro de Ci\u00eancias M\u00e9dicas, Express\u00e3o e Representa\u00e7\u00e3o Gr\u00e1fica, do Departamento de Arquitetura e Urbanismo, Fisioterapia no Aparelho Locomotor, do Departamento de Fisioterapia, Hist\u00f3ria da Arte, do Departamento de Artes Visuais e Etologia e Animais Silvestres, do Departamento de Zootecnia.<\/p>\n<\/div>\n<div class=\"mc-column content-text active-extra-styles \" data-block-type=\"unstyled\" data-block-weight=\"52\" data-block-id=\"4\">\n<p class=\"content-text__container \" data-track-category=\"Link no Texto\" data-track-links=\"\">O edital foi publicado na \u00faltima sexta-feira (9) e as inscri\u00e7\u00f5es podem ser feitas at\u00e9 trinta dias ap\u00f3s a publica\u00e7\u00e3o do edital, nos departamentos espec\u00edficos de cada \u00e1rea. O valor da taxa de inscri\u00e7\u00e3o varia de acordo com a titula\u00e7\u00e3o exigida para o cargo, podendo variar entre R$ 57,00 e R$ 197,00.<\/p>\n<\/div>\n<div class=\"mc-column content-text active-extra-styles \" data-block-type=\"unstyled\" data-block-weight=\"21\" data-block-id=\"5\">\n<p class=\"content-text__container \" data-track-category=\"Link no Texto\" data-track-links=\"\">A remunera\u00e7\u00e3o para o cargo varia entre R$ 2.304,66 e R$ 9.878,28, dependendo da carga hor\u00e1ria e da titula\u00e7\u00e3o do candidato.<\/p>\n<\/div>\n<div data-track-category=\"fim do conteudo\" data-track-action=\"ultimo chunk conteudo\" data-track-noninteraction=\"false\" data-track-scroll=\"entrada completa viewport\">\n<div class=\"mc-column content-text active-extra-styles \" data-block-type=\"unstyled\" data-block-weight=\"50\" data-block-id=\"6\">\n<p class=\"content-text__container \" data-track-category=\"Link no Texto\" data-track-links=\"\">O concurso consistir\u00e1 de prova escrita, com car\u00e1ter eliminat\u00f3rio, prova did\u00e1tica, com car\u00e1ter eliminat\u00f3rio, prova de plano de trabalho, com car\u00e1ter eliminat\u00f3rio e exclusiva para a classe Adjunto, e exame de t\u00edtulos, com car\u00e1ter classificat\u00f3rio. As provas ser\u00e3o aplicadas em dia, hora e local a serem ainda divulgados pela universidade.<\/p>\n<p><strong>CARIRI EM A\u00c7\u00c3O<\/strong><\/p>\n<p><em>Com G1\/ Foto: Reprodu\u00e7\u00e3o google<\/em><\/p>\n<p><strong>Leia mais not\u00edcias em\u00a0<\/strong><a href=\"http:\/\/www.caririemacao.com\/\"><strong>caririemacao.com<\/strong><\/a><strong>, siga nossa p\u00e1gina no\u00a0<\/strong><a href=\"https:\/\/www.facebook.com\/CaririEmAcao\/?ref=aymt_homepage_panel\"><strong>Facebook<\/strong><\/a>,<strong>\u00a0<\/strong><a href=\"https:\/\/www.instagram.com\/cariri_em_acao\/?hl=pt-br\"><strong>Instagram<\/strong><\/a><strong>\u00a0e\u00a0<\/strong><a href=\"https:\/\/www.youtube.com\/channel\/UCAptA0jQuYQy8vMhLt2m4qg\"><strong>Youtube<\/strong><\/a><strong>\u00a0e veja nossas mat\u00e9rias, v\u00eddeos e fotos. Voc\u00ea tamb\u00e9m pode enviar informa\u00e7\u00f5es \u00e0 Reda\u00e7\u00e3o do Portal Cariri em A\u00e7\u00e3o pelo WhatsApp (83) 9 9634.5791, (83) 9 9601-1162.<\/strong><\/p>\n<\/div>\n<\/div>\n","protected":false},"excerpt":{"rendered":"<p>A Universidade Federal da Para\u00edba (UFPB) est\u00e1 com sele\u00e7\u00e3o aberta para os cargos de professor adjunto e professor assistente. S\u00e3o seis vagas que abrangem os&hellip; <\/p>\n","protected":false},"author":2,"featured_media":40963,"comment_status":"closed","ping_status":"closed","sticky":false,"template":"","format":"standard","meta":{"sfsi_plus_gutenberg_text_before_share":"","sfsi_plus_gutenberg_show_text_before_share":"","sfsi_plus_gutenberg_icon_type":"","sfsi_plus_gutenberg_icon_alignemt":"","sfsi_plus_gutenburg_max_per_row":"","footnotes":""},"categories":[2],"tags":[],"class_list":["post-40962","post","type-post","status-publish","format-standard","has-post-thumbnail","hentry","category-geral"],"_links":{"self":[{"href":"https:\/\/www.caririemacao.com\/1\/wp-json\/wp\/v2\/posts\/40962","targetHints":{"allow":["GET"]}}],"collection":[{"href":"https:\/\/www.caririemacao.com\/1\/wp-json\/wp\/v2\/posts"}],"about":[{"href":"https:\/\/www.caririemacao.com\/1\/wp-json\/wp\/v2\/types\/post"}],"author":[{"embeddable":true,"href":"https:\/\/www.caririemacao.com\/1\/wp-json\/wp\/v2\/users\/2"}],"replies":[{"embeddable":true,"href":"https:\/\/www.caririemacao.com\/1\/wp-json\/wp\/v2\/comments?post=40962"}],"version-history":[{"count":0,"href":"https:\/\/www.caririemacao.com\/1\/wp-json\/wp\/v2\/posts\/40962\/revisions"}],"wp:featuredmedia":[{"embeddable":true,"href":"https:\/\/www.caririemacao.com\/1\/wp-json\/wp\/v2\/media\/40963"}],"wp:attachment":[{"href":"https:\/\/www.caririemacao.com\/1\/wp-json\/wp\/v2\/media?parent=40962"}],"wp:term":[{"taxonomy":"category","embeddable":true,"href":"https:\/\/www.caririemacao.com\/1\/wp-json\/wp\/v2\/categories?post=40962"},{"taxonomy":"post_tag","embeddable":true,"href":"https:\/\/www.caririemacao.com\/1\/wp-json\/wp\/v2\/tags?post=40962"}],"curies":[{"name":"wp","href":"https:\/\/api.w.org\/{rel}","templated":true}]}}