{"id":40965,"date":"2018-02-15T09:22:23","date_gmt":"2018-02-15T12:22:23","guid":{"rendered":"http:\/\/caririemacao.com\/1\/?p=40965"},"modified":"2018-02-15T09:22:23","modified_gmt":"2018-02-15T12:22:23","slug":"banco-e-governo-realizam-consulta-sobre-financiamento-para-recursos-hidricos","status":"publish","type":"post","link":"https:\/\/www.caririemacao.com\/1\/2018\/02\/15\/banco-e-governo-realizam-consulta-sobre-financiamento-para-recursos-hidricos\/","title":{"rendered":"Banco e Governo realizam consulta sobre financiamento para recursos hidricos"},"content":{"rendered":"<p>O Governo do Estado, juntamente com o Banco Mundial, realiza, nesta quinta-feira (15), a primeira consulta p\u00fablica para prepara\u00e7\u00e3o do projeto de financiamento no valor de U$ 138 milh\u00f5es que ser\u00e3o destinados ao aumento da seguran\u00e7a h\u00eddrica no Estado, adotando uma vis\u00e3o integrada das diversas quest\u00f5es relacionadas \u00e0 gest\u00e3o dos recursos h\u00eddricos. A consulta acontecer\u00e1 \u00e0s 9h, no audit\u00f3rio da Cooperativa de Assist\u00eancia M\u00e9dica dos Servidores da Suplan e do DER Ltda (Comseder), no pr\u00e9dio sede da Secretaria de Infraestrutura, Recursos H\u00eddricos, Meio Ambiente e Ci\u00eancia e Tecnologia (Seirhmact) e do Departamento de Estradas de Rodagem (DER), em Jo\u00e3o Pessoa.<\/p>\n<p>A consulta p\u00fablica \u00e9 uma exig\u00eancia do Banco Mundial e tem como principal objetivo apresentar as Pol\u00edticas de Salvaguardas Sociais e Ambientais do Banco Mundial identificadas para o projeto, que buscam assegurar a integridade e sustentabilidade social e ambiental. A consulta ainda tem como finalidade garantir a participa\u00e7\u00e3o social, na fase de contrata\u00e7\u00e3o dos estudos ambientais para que sejam incorporadas sugest\u00f5es e coment\u00e1rios relevantes para a an\u00e1lise. Com a aprova\u00e7\u00e3o do termo de refer\u00eancia, haver\u00e1 a contrata\u00e7\u00e3o de um especialista para analisar os poss\u00edveis impactos ambientais a fim de reduzi-los.<\/p>\n<p>Estar\u00e3o presentes durante a primeira consulta p\u00fablica, representantes do Tribunal de Contas do Estado, do F\u00f3rum de Combate \u00e0 Corrup\u00e7\u00e3o, da Procuradoria Geral do Estado, dos \u00f3rg\u00e3os ambientais e reguladores, Conselhos Estaduais de Recursos H\u00eddricos, entre outros.<\/p>\n<p>Na pr\u00f3xima semana, um grupo de consultores do Banco Mundial estar\u00e1 novamente na Para\u00edba para dar continuidade ao processo de elabora\u00e7\u00e3o do projeto de financiamento. A melhoria da avalia\u00e7\u00e3o fiscal do Estado pelo Tesouro Nacional permitiu que a Para\u00edba tivesse capacidade de endividamento e pagamento e, assim, ter aprovada a opera\u00e7\u00e3o de cr\u00e9dito.<\/p>\n<p><strong>CARIRI EM A\u00c7\u00c3O<\/strong><\/p>\n<p><em>Com Wscom\/Foto: Wscom<\/em><\/p>\n<p><strong>Leia mais not\u00edcias em\u00a0<\/strong><a href=\"http:\/\/www.caririemacao.com\/\"><strong>caririemacao.com<\/strong><\/a><strong>, siga nossa p\u00e1gina no\u00a0<\/strong><a href=\"https:\/\/www.facebook.com\/CaririEmAcao\/?ref=aymt_homepage_panel\"><strong>Facebook<\/strong><\/a>,<strong>\u00a0<\/strong><a href=\"https:\/\/www.instagram.com\/cariri_em_acao\/?hl=pt-br\"><strong>Instagram<\/strong><\/a><strong>\u00a0e\u00a0<\/strong><a href=\"https:\/\/www.youtube.com\/channel\/UCAptA0jQuYQy8vMhLt2m4qg\"><strong>Youtube<\/strong><\/a><strong>\u00a0e veja nossas mat\u00e9rias, v\u00eddeos e fotos. Voc\u00ea tamb\u00e9m pode enviar informa\u00e7\u00f5es \u00e0 Reda\u00e7\u00e3o do Portal Cariri em A\u00e7\u00e3o pelo WhatsApp (83) 9 9634.5791, (83) 9 9601-1162.<\/strong><\/p>\n","protected":false},"excerpt":{"rendered":"<p>O Governo do Estado, juntamente com o Banco Mundial, realiza, nesta quinta-feira (15), a primeira consulta p\u00fablica para prepara\u00e7\u00e3o do projeto de financiamento no valor&hellip; <\/p>\n","protected":false},"author":2,"featured_media":40966,"comment_status":"closed","ping_status":"closed","sticky":false,"template":"","format":"standard","meta":{"sfsi_plus_gutenberg_text_before_share":"","sfsi_plus_gutenberg_show_text_before_share":"","sfsi_plus_gutenberg_icon_type":"","sfsi_plus_gutenberg_icon_alignemt":"","sfsi_plus_gutenburg_max_per_row":"","footnotes":""},"categories":[11],"tags":[],"class_list":["post-40965","post","type-post","status-publish","format-standard","has-post-thumbnail","hentry","category-politica"],"_links":{"self":[{"href":"https:\/\/www.caririemacao.com\/1\/wp-json\/wp\/v2\/posts\/40965","targetHints":{"allow":["GET"]}}],"collection":[{"href":"https:\/\/www.caririemacao.com\/1\/wp-json\/wp\/v2\/posts"}],"about":[{"href":"https:\/\/www.caririemacao.com\/1\/wp-json\/wp\/v2\/types\/post"}],"author":[{"embeddable":true,"href":"https:\/\/www.caririemacao.com\/1\/wp-json\/wp\/v2\/users\/2"}],"replies":[{"embeddable":true,"href":"https:\/\/www.caririemacao.com\/1\/wp-json\/wp\/v2\/comments?post=40965"}],"version-history":[{"count":0,"href":"https:\/\/www.caririemacao.com\/1\/wp-json\/wp\/v2\/posts\/40965\/revisions"}],"wp:featuredmedia":[{"embeddable":true,"href":"https:\/\/www.caririemacao.com\/1\/wp-json\/wp\/v2\/media\/40966"}],"wp:attachment":[{"href":"https:\/\/www.caririemacao.com\/1\/wp-json\/wp\/v2\/media?parent=40965"}],"wp:term":[{"taxonomy":"category","embeddable":true,"href":"https:\/\/www.caririemacao.com\/1\/wp-json\/wp\/v2\/categories?post=40965"},{"taxonomy":"post_tag","embeddable":true,"href":"https:\/\/www.caririemacao.com\/1\/wp-json\/wp\/v2\/tags?post=40965"}],"curies":[{"name":"wp","href":"https:\/\/api.w.org\/{rel}","templated":true}]}}