{"id":40969,"date":"2018-02-15T09:55:33","date_gmt":"2018-02-15T12:55:33","guid":{"rendered":"http:\/\/caririemacao.com\/1\/?p=40969"},"modified":"2018-02-15T20:41:42","modified_gmt":"2018-02-15T23:41:42","slug":"sume-e-zabele-lideram-lista-dos-municipios-do-cariri-que-menos-gastam-com-pessoal-diz-tce","status":"publish","type":"post","link":"https:\/\/www.caririemacao.com\/1\/2018\/02\/15\/sume-e-zabele-lideram-lista-dos-municipios-do-cariri-que-menos-gastam-com-pessoal-diz-tce\/","title":{"rendered":"Sum\u00e9 e Zabel\u00ea lideram lista dos munic\u00edpios paraibanos que menos gastam com pessoal, diz TCE"},"content":{"rendered":"<p>O Tribunal de Contas da Para\u00edba divulgou relat\u00f3rio de acompanhamento de gest\u00e3o dos munic\u00edpios referentes a Execu\u00e7\u00e3o Or\u00e7ament\u00e1ria, aplica\u00e7\u00f5es constitucionais, contribui\u00e7\u00f5es ao RGPS, evolu\u00e7\u00e3o e Gastos com Pessoal.<\/p>\n<p>No tocante aos gastos com Pessoal, o Cariri em A\u00e7\u00e3o fez levantamento dos munic\u00edpios do Cariri que est\u00e3o na lista dos 30 primeiros que menos gastam com Folha de Pagamento dos Servidores P\u00fablicos. Na lista, dos 30 primeiros colocados, 11 munic\u00edpios s\u00e3o do Cariri. Confira abaixo a rela\u00e7\u00e3o:<\/p>\n<p><a href=\"http:\/\/caririemacao.com\/1\/wp-content\/uploads\/2018\/02\/tabela-tce.png\"><img fetchpriority=\"high\" decoding=\"async\" class=\"aligncenter size-full wp-image-40970\" src=\"http:\/\/caririemacao.com\/1\/wp-content\/uploads\/2018\/02\/tabela-tce.png\" alt=\"\" width=\"374\" height=\"281\" srcset=\"https:\/\/www.caririemacao.com\/1\/wp-content\/uploads\/2018\/02\/tabela-tce.png 374w, https:\/\/www.caririemacao.com\/1\/wp-content\/uploads\/2018\/02\/tabela-tce-300x225.png 300w\" sizes=\"(max-width: 374px) 100vw, 374px\" \/><\/a><\/p>\n<p>De acordo com os dados do TCE, no Cariri Ocidental, as cidades de Zabel\u00ea e Sum\u00e9 est\u00e3o em primeiro e segundo lugares respectivamente. E a n\u00edvel estadual, Zabel\u00ea est\u00e1 em segundo e Sum\u00e9 em terceiro lugar.<\/p>\n<p>J\u00e1 no Cariri Oriental, as cidades de Santo Andr\u00e9 e Gurj\u00e3o est\u00e3o em 1\u00ba e 2\u00ba lugares, respectivamente.<\/p>\n<p>O per\u00edodo da pesquisa auditado foi de setembro de 2016 a agosto do ano passado. Lembrando que o limite permitido pela Lei de Responsabilidade Fiscal \u00e9 de 60% e estes munic\u00edpios est\u00e3o bem abaixo do que rege a LRF.<\/p>\n<p><strong>CARIRI EM A\u00c7\u00c3O<\/strong><\/p>\n<p><strong>Leia mais not\u00edcias em\u00a0<\/strong><a style=\"font-style: inherit; font-weight: inherit;\" href=\"http:\/\/www.caririemacao.com\/\"><strong style=\"font-style: inherit;\">caririemacao.com<\/strong><\/a><strong style=\"font-style: inherit;\">, siga nossa p\u00e1gina no\u00a0<\/strong><a style=\"font-style: inherit; font-weight: inherit;\" href=\"https:\/\/www.facebook.com\/CaririEmAcao\/?ref=aymt_homepage_panel\"><strong style=\"font-style: inherit;\">Facebook<\/strong><\/a>,<strong style=\"font-style: inherit;\">\u00a0<\/strong><a style=\"font-style: inherit; font-weight: inherit;\" href=\"https:\/\/www.instagram.com\/cariri_em_acao\/?hl=pt-br\"><strong style=\"font-style: inherit;\">Instagram<\/strong><\/a><strong style=\"font-style: inherit;\">\u00a0e\u00a0<\/strong><a style=\"font-style: inherit; font-weight: inherit;\" href=\"https:\/\/www.youtube.com\/channel\/UCAptA0jQuYQy8vMhLt2m4qg\"><strong style=\"font-style: inherit;\">Youtube<\/strong><\/a><strong style=\"font-style: inherit;\">\u00a0e veja nossas mat\u00e9rias, v\u00eddeos e fotos. Voc\u00ea tamb\u00e9m pode enviar informa\u00e7\u00f5es \u00e0 Reda\u00e7\u00e3o do Portal Cariri em A\u00e7\u00e3o pelo WhatsApp (83) 9 9634.5791, (83) 9 9601-1162.<\/strong><\/p>\n","protected":false},"excerpt":{"rendered":"<p>O Tribunal de Contas da Para\u00edba divulgou relat\u00f3rio de acompanhamento de gest\u00e3o dos munic\u00edpios referentes a Execu\u00e7\u00e3o Or\u00e7ament\u00e1ria, aplica\u00e7\u00f5es constitucionais, contribui\u00e7\u00f5es ao RGPS, evolu\u00e7\u00e3o e&hellip; <\/p>\n","protected":false},"author":2,"featured_media":40971,"comment_status":"closed","ping_status":"closed","sticky":false,"template":"","format":"standard","meta":{"sfsi_plus_gutenberg_text_before_share":"","sfsi_plus_gutenberg_show_text_before_share":"","sfsi_plus_gutenberg_icon_type":"","sfsi_plus_gutenberg_icon_alignemt":"","sfsi_plus_gutenburg_max_per_row":"","footnotes":""},"categories":[2],"tags":[],"class_list":["post-40969","post","type-post","status-publish","format-standard","has-post-thumbnail","hentry","category-geral"],"_links":{"self":[{"href":"https:\/\/www.caririemacao.com\/1\/wp-json\/wp\/v2\/posts\/40969","targetHints":{"allow":["GET"]}}],"collection":[{"href":"https:\/\/www.caririemacao.com\/1\/wp-json\/wp\/v2\/posts"}],"about":[{"href":"https:\/\/www.caririemacao.com\/1\/wp-json\/wp\/v2\/types\/post"}],"author":[{"embeddable":true,"href":"https:\/\/www.caririemacao.com\/1\/wp-json\/wp\/v2\/users\/2"}],"replies":[{"embeddable":true,"href":"https:\/\/www.caririemacao.com\/1\/wp-json\/wp\/v2\/comments?post=40969"}],"version-history":[{"count":0,"href":"https:\/\/www.caririemacao.com\/1\/wp-json\/wp\/v2\/posts\/40969\/revisions"}],"wp:featuredmedia":[{"embeddable":true,"href":"https:\/\/www.caririemacao.com\/1\/wp-json\/wp\/v2\/media\/40971"}],"wp:attachment":[{"href":"https:\/\/www.caririemacao.com\/1\/wp-json\/wp\/v2\/media?parent=40969"}],"wp:term":[{"taxonomy":"category","embeddable":true,"href":"https:\/\/www.caririemacao.com\/1\/wp-json\/wp\/v2\/categories?post=40969"},{"taxonomy":"post_tag","embeddable":true,"href":"https:\/\/www.caririemacao.com\/1\/wp-json\/wp\/v2\/tags?post=40969"}],"curies":[{"name":"wp","href":"https:\/\/api.w.org\/{rel}","templated":true}]}}