{"id":40987,"date":"2018-02-15T10:35:26","date_gmt":"2018-02-15T13:35:26","guid":{"rendered":"http:\/\/caririemacao.com\/1\/?p=40987"},"modified":"2018-02-15T10:35:26","modified_gmt":"2018-02-15T13:35:26","slug":"joao-revela-apoio-de-16-partidos-e-afirma-que-o-psb-esta-aberto-para-o-dialogo","status":"publish","type":"post","link":"https:\/\/www.caririemacao.com\/1\/2018\/02\/15\/joao-revela-apoio-de-16-partidos-e-afirma-que-o-psb-esta-aberto-para-o-dialogo\/","title":{"rendered":"Jo\u00e3o revela apoio de 16 partidos e afirma que o PSB est\u00e1 aberto para o di\u00e1logo"},"content":{"rendered":"<section class=\"l-noticia\">Pr\u00e9-candidato a governador pelo PSB, o secret\u00e1rio de Infraestrutura da Para\u00edba, Jo\u00e3o Azevedo, revelou que dever\u00e1 contar no seu arco de alian\u00e7as para a disputa do pleito, com cerca de 16 partidos. Jo\u00e3o destacou que o seu nome \u00e9 o \u00fanico j\u00e1 posto de fato e isso ajuda nas conversas com as legendas.<\/p>\n<p>De acordo com o secret\u00e1rio, \u00e9 preciso aguardar o dia 7 de abril, prazo final para os ocupantes de cargos executivos decidirem se renunciam ou n\u00e3o para entrar na disputa de outubro.<\/p>\n<p>\u201cN\u00e3o h\u00e1 chapa definida. O que est\u00e1 definido \u00e9 o cabe\u00e7a de chapa e disso n\u00e3o abrimos m\u00e3o em nenhum momento. Existe uma data emblem\u00e1tica, 7 de abril. Saberemos quem efetivamente vai se afastar de suas fun\u00e7\u00f5es executivas, o mundo vai girar um pouco no dia 7 de abril na Para\u00edba\u201d, destacou.<\/p>\n<p>Para o socialista, os partidos que est\u00e3o na base de apoio ao governador Ricardo Coutinho, dever\u00e1 permanecer em apoio ao seu nome: \u201cj\u00e1 temos um arco de alian\u00e7as muito grande e o que estamos prevendo, \u00e9 segurarmos esses nossos aliados e ainda discutirmos com os demais\u201d, revelou.<\/p>\n<p>Ele assegurou ainda que o PSB est\u00e1 aberto para discutir com todas as for\u00e7as pol\u00edticas que trabalhem pelo desenvolvimento do estado.<\/p>\n<p><strong>CARIRI EM A\u00c7\u00c3O<\/strong><\/p>\n<p><em>Com Para\u00edba J\u00e1 \/Foto: Reprodu\u00e7\u00e3o Internet<\/em><\/p>\n<p><strong>Leia mais not\u00edcias em\u00a0<\/strong><a href=\"http:\/\/www.caririemacao.com\/\"><strong>caririemacao.com<\/strong><\/a><strong>, siga nossa p\u00e1gina no\u00a0<\/strong><a href=\"https:\/\/www.facebook.com\/CaririEmAcao\/?ref=aymt_homepage_panel\"><strong>Facebook<\/strong><\/a>,<strong>\u00a0<\/strong><a href=\"https:\/\/www.instagram.com\/cariri_em_acao\/?hl=pt-br\"><strong>Instagram<\/strong><\/a><strong>\u00a0e <\/strong><a href=\"https:\/\/www.youtube.com\/channel\/UCAptA0jQuYQy8vMhLt2m4qg\"><strong>Youtube<\/strong><\/a><strong>\u00a0e veja nossas mat\u00e9rias, v\u00eddeos e fotos. Voc\u00ea tamb\u00e9m pode enviar informa\u00e7\u00f5es \u00e0 Reda\u00e7\u00e3o do Portal Cariri em A\u00e7\u00e3o pelo WhatsApp (83) 9 9634.5791, (83) 9 9601-1162.<\/strong><\/p>\n<\/section>\n","protected":false},"excerpt":{"rendered":"<p>Pr\u00e9-candidato a governador pelo PSB, o secret\u00e1rio de Infraestrutura da Para\u00edba, Jo\u00e3o Azevedo, revelou que dever\u00e1 contar no seu arco de alian\u00e7as para a disputa&hellip; <\/p>\n","protected":false},"author":2,"featured_media":37721,"comment_status":"closed","ping_status":"closed","sticky":false,"template":"","format":"standard","meta":{"sfsi_plus_gutenberg_text_before_share":"","sfsi_plus_gutenberg_show_text_before_share":"","sfsi_plus_gutenberg_icon_type":"","sfsi_plus_gutenberg_icon_alignemt":"","sfsi_plus_gutenburg_max_per_row":"","footnotes":""},"categories":[1],"tags":[],"class_list":["post-40987","post","type-post","status-publish","format-standard","has-post-thumbnail","hentry","category-o-site"],"_links":{"self":[{"href":"https:\/\/www.caririemacao.com\/1\/wp-json\/wp\/v2\/posts\/40987","targetHints":{"allow":["GET"]}}],"collection":[{"href":"https:\/\/www.caririemacao.com\/1\/wp-json\/wp\/v2\/posts"}],"about":[{"href":"https:\/\/www.caririemacao.com\/1\/wp-json\/wp\/v2\/types\/post"}],"author":[{"embeddable":true,"href":"https:\/\/www.caririemacao.com\/1\/wp-json\/wp\/v2\/users\/2"}],"replies":[{"embeddable":true,"href":"https:\/\/www.caririemacao.com\/1\/wp-json\/wp\/v2\/comments?post=40987"}],"version-history":[{"count":0,"href":"https:\/\/www.caririemacao.com\/1\/wp-json\/wp\/v2\/posts\/40987\/revisions"}],"wp:featuredmedia":[{"embeddable":true,"href":"https:\/\/www.caririemacao.com\/1\/wp-json\/wp\/v2\/media\/37721"}],"wp:attachment":[{"href":"https:\/\/www.caririemacao.com\/1\/wp-json\/wp\/v2\/media?parent=40987"}],"wp:term":[{"taxonomy":"category","embeddable":true,"href":"https:\/\/www.caririemacao.com\/1\/wp-json\/wp\/v2\/categories?post=40987"},{"taxonomy":"post_tag","embeddable":true,"href":"https:\/\/www.caririemacao.com\/1\/wp-json\/wp\/v2\/tags?post=40987"}],"curies":[{"name":"wp","href":"https:\/\/api.w.org\/{rel}","templated":true}]}}