{"id":40989,"date":"2018-02-15T10:39:38","date_gmt":"2018-02-15T13:39:38","guid":{"rendered":"http:\/\/caririemacao.com\/1\/?p=40989"},"modified":"2018-02-15T10:39:38","modified_gmt":"2018-02-15T13:39:38","slug":"presidente-da-afa-pede-a-messi-que-jogue-menos-pelo-barcelona","status":"publish","type":"post","link":"https:\/\/www.caririemacao.com\/1\/2018\/02\/15\/presidente-da-afa-pede-a-messi-que-jogue-menos-pelo-barcelona\/","title":{"rendered":"Presidente da AFA pede a Messi que &#8220;jogue menos&#8221; pelo Barcelona"},"content":{"rendered":"<p>O presidente da Associa\u00e7\u00e3o de Futebol da Argentina, Claudio Tapia, fez um pedido inusitado a\u00a0Messi: ele quer que o craque jogue menos pelo Barcelona para chegar inteiro na\u00a0Copa do Mundo da R\u00fassia 2018. O problema \u00e9 que Messi \u00e9 o principal jogador do Barcelona, que disputa os principais t\u00edtulos da Europa.<\/p>\n<p>Quem tamb\u00e9m falou sobre o craque argentino foi o ex-jogador Chilavert. O paraguaio afirmou que se, por acaso, a Argentina ficar sem o jogador na Copa, n\u00e3o consegue passar nem da primeira fase.<\/p>\n<p><strong>CARIRI EM A\u00c7\u00c3O<\/strong><\/p>\n<p><em>Com G1 \/Foto: Reprodu\u00e7\u00e3o Internet<\/em><\/p>\n<p><strong>Leia mais not\u00edcias em\u00a0<\/strong><a href=\"http:\/\/www.caririemacao.com\/\"><strong>caririemacao.com<\/strong><\/a><strong>, siga nossa p\u00e1gina no\u00a0<\/strong><a href=\"https:\/\/www.facebook.com\/CaririEmAcao\/?ref=aymt_homepage_panel\"><strong>Facebook<\/strong><\/a>,<strong>\u00a0<\/strong><a href=\"https:\/\/www.instagram.com\/cariri_em_acao\/?hl=pt-br\"><strong>Instagram<\/strong><\/a><strong>\u00a0e <\/strong><a href=\"https:\/\/www.youtube.com\/channel\/UCAptA0jQuYQy8vMhLt2m4qg\"><strong>Youtube<\/strong><\/a><strong>\u00a0e veja nossas mat\u00e9rias, v\u00eddeos e fotos. Voc\u00ea tamb\u00e9m pode enviar informa\u00e7\u00f5es \u00e0 Reda\u00e7\u00e3o do Portal Cariri em A\u00e7\u00e3o pelo WhatsApp (83) 9 9634.5791, (83) 9 9601-1162.<\/strong><\/p>\n","protected":false},"excerpt":{"rendered":"<p>O presidente da Associa\u00e7\u00e3o de Futebol da Argentina, Claudio Tapia, fez um pedido inusitado a\u00a0Messi: ele quer que o craque jogue menos pelo Barcelona para&hellip; <\/p>\n","protected":false},"author":2,"featured_media":40990,"comment_status":"closed","ping_status":"closed","sticky":false,"template":"","format":"standard","meta":{"sfsi_plus_gutenberg_text_before_share":"","sfsi_plus_gutenberg_show_text_before_share":"","sfsi_plus_gutenberg_icon_type":"","sfsi_plus_gutenberg_icon_alignemt":"","sfsi_plus_gutenburg_max_per_row":"","footnotes":""},"categories":[13],"tags":[],"class_list":["post-40989","post","type-post","status-publish","format-standard","has-post-thumbnail","hentry","category-esportes"],"_links":{"self":[{"href":"https:\/\/www.caririemacao.com\/1\/wp-json\/wp\/v2\/posts\/40989","targetHints":{"allow":["GET"]}}],"collection":[{"href":"https:\/\/www.caririemacao.com\/1\/wp-json\/wp\/v2\/posts"}],"about":[{"href":"https:\/\/www.caririemacao.com\/1\/wp-json\/wp\/v2\/types\/post"}],"author":[{"embeddable":true,"href":"https:\/\/www.caririemacao.com\/1\/wp-json\/wp\/v2\/users\/2"}],"replies":[{"embeddable":true,"href":"https:\/\/www.caririemacao.com\/1\/wp-json\/wp\/v2\/comments?post=40989"}],"version-history":[{"count":0,"href":"https:\/\/www.caririemacao.com\/1\/wp-json\/wp\/v2\/posts\/40989\/revisions"}],"wp:featuredmedia":[{"embeddable":true,"href":"https:\/\/www.caririemacao.com\/1\/wp-json\/wp\/v2\/media\/40990"}],"wp:attachment":[{"href":"https:\/\/www.caririemacao.com\/1\/wp-json\/wp\/v2\/media?parent=40989"}],"wp:term":[{"taxonomy":"category","embeddable":true,"href":"https:\/\/www.caririemacao.com\/1\/wp-json\/wp\/v2\/categories?post=40989"},{"taxonomy":"post_tag","embeddable":true,"href":"https:\/\/www.caririemacao.com\/1\/wp-json\/wp\/v2\/tags?post=40989"}],"curies":[{"name":"wp","href":"https:\/\/api.w.org\/{rel}","templated":true}]}}