{"id":40992,"date":"2018-02-15T11:08:02","date_gmt":"2018-02-15T14:08:02","guid":{"rendered":"http:\/\/caririemacao.com\/1\/?p=40992"},"modified":"2018-02-15T11:08:02","modified_gmt":"2018-02-15T14:08:02","slug":"papa-emerito-bento-16-sofre-de-doenca-debilitante-diz-irmao","status":"publish","type":"post","link":"https:\/\/www.caririemacao.com\/1\/2018\/02\/15\/papa-emerito-bento-16-sofre-de-doenca-debilitante-diz-irmao\/","title":{"rendered":"Papa em\u00e9rito Bento 16 sofre de doen\u00e7a debilitante, diz irm\u00e3o"},"content":{"rendered":"<p>O papa em\u00e9rito Bento 16 est\u00e1 sofrendo de uma doen\u00e7a em seu sistema nervoso que o obriga a usar uma cadeira de rodas com frequ\u00eancia, disse Georg Ratzinger, irm\u00e3o do ex-pont\u00edfice, a um seman\u00e1rio alem\u00e3o, acrescentando que h\u00e1 temores de que a paralisia possa chegar ao cora\u00e7\u00e3o.<\/p>\n<p>Bento 16, alem\u00e3o que em 2013 se tornou o primeiro papa em seis s\u00e9culos a renunciar, disse no in\u00edcio deste m\u00eas estar na \u00faltima fase da vida e em uma &#8220;peregrina\u00e7\u00e3o para casa&#8221;. Ele est\u00e1 com 90 anos de idade.<\/p>\n<p>Georg, de 94 anos, disse ao Neue Post que seu irm\u00e3o est\u00e1 mentalmente saud\u00e1vel, mas que se cansa facilmente.<\/p>\n<p>&#8220;O maior medo \u00e9 que em algum momento a paralisia chegue ao seu cora\u00e7\u00e3o. A\u00ed tudo pode acabar r\u00e1pido&#8221;, disse Georg, acrescentando que ora todos os dias por uma morte &#8220;boa&#8221; para si mesmo e para o irm\u00e3o.<\/p>\n<p>Ele tamb\u00e9m contou que os dois conversam todos os dias pelo telefone. &#8220;Essa \u00e9 uma grande d\u00e1diva. Neste sentido, ningu\u00e9m est\u00e1 sozinho&#8221;.<\/p>\n<p>&#8220;Tor\u00e7o muito para poder viajar mais uma vez a Roma para comemorar o 91\u00ba anivers\u00e1rio do meu irm\u00e3o em 16 de abri. Mas isso ainda demora, quem sabe o que acontecer\u00e1 at\u00e9 l\u00e1&#8221;, disse Georg, segundo o Neue Post.<\/p>\n<p>Desde que renunciou, Bento 16, um conservador cujo papado foi marcado por problemas de administra\u00e7\u00e3o e esc\u00e2ndalos financeiros, mora em um antigo convento nos jardins do Vaticano.<\/p>\n<p>Ele s\u00f3 faz apari\u00e7\u00f5es p\u00fablicas raramente.<\/p>\n<p>O Vaticano n\u00e3o quis comentar de imediato, mas uma fonte pr\u00f3xima do ex-pont\u00edfice disse que ele continua a receber visitantes, alguns deles ainda na semana passada.<\/p>\n<p>Georg Ratzinger liderou uma das escolas cat\u00f3licas mais famosas da Alemanha, a Regensburger Domspatzen, ou Pardais da Catedral de Regensburg, de 1964 a 1994.<\/p>\n<p>No ano passado, um relat\u00f3rio independente revelou que mais de 500 pupilos foram submetidos a abusos f\u00edsicos ou sexuais entre 1945 e 2015. Georg admitiu ter estapeado pupilos no rosto, mas disse n\u00e3o ter percebido que a disciplina da escola era t\u00e3o brutal.<\/p>\n<p><strong>CARIRI EM A\u00c7\u00c3O<\/strong><\/p>\n<p><em>Com Uol \/Foto: Reprodu\u00e7\u00e3o Internet<\/em><\/p>\n<p><strong>Leia mais not\u00edcias em\u00a0<\/strong><a href=\"http:\/\/www.caririemacao.com\/\"><strong>caririemacao.com<\/strong><\/a><strong>, siga nossa p\u00e1gina no\u00a0<\/strong><a href=\"https:\/\/www.facebook.com\/CaririEmAcao\/?ref=aymt_homepage_panel\"><strong>Facebook<\/strong><\/a>,<strong>\u00a0<\/strong><a href=\"https:\/\/www.instagram.com\/cariri_em_acao\/?hl=pt-br\"><strong>Instagram<\/strong><\/a><strong>\u00a0e <\/strong><a href=\"https:\/\/www.youtube.com\/channel\/UCAptA0jQuYQy8vMhLt2m4qg\"><strong>Youtube<\/strong><\/a><strong>\u00a0e veja nossas mat\u00e9rias, v\u00eddeos e fotos. Voc\u00ea tamb\u00e9m pode enviar informa\u00e7\u00f5es \u00e0 Reda\u00e7\u00e3o do Portal Cariri em A\u00e7\u00e3o pelo WhatsApp (83) 9 9634.5791, (83) 9 9601-1162.<\/strong><\/p>\n","protected":false},"excerpt":{"rendered":"<p>O papa em\u00e9rito Bento 16 est\u00e1 sofrendo de uma doen\u00e7a em seu sistema nervoso que o obriga a usar uma cadeira de rodas com frequ\u00eancia,&hellip; <\/p>\n","protected":false},"author":2,"featured_media":40993,"comment_status":"closed","ping_status":"closed","sticky":false,"template":"","format":"standard","meta":{"sfsi_plus_gutenberg_text_before_share":"","sfsi_plus_gutenberg_show_text_before_share":"","sfsi_plus_gutenberg_icon_type":"","sfsi_plus_gutenberg_icon_alignemt":"","sfsi_plus_gutenburg_max_per_row":"","footnotes":""},"categories":[2],"tags":[],"class_list":["post-40992","post","type-post","status-publish","format-standard","has-post-thumbnail","hentry","category-geral"],"_links":{"self":[{"href":"https:\/\/www.caririemacao.com\/1\/wp-json\/wp\/v2\/posts\/40992","targetHints":{"allow":["GET"]}}],"collection":[{"href":"https:\/\/www.caririemacao.com\/1\/wp-json\/wp\/v2\/posts"}],"about":[{"href":"https:\/\/www.caririemacao.com\/1\/wp-json\/wp\/v2\/types\/post"}],"author":[{"embeddable":true,"href":"https:\/\/www.caririemacao.com\/1\/wp-json\/wp\/v2\/users\/2"}],"replies":[{"embeddable":true,"href":"https:\/\/www.caririemacao.com\/1\/wp-json\/wp\/v2\/comments?post=40992"}],"version-history":[{"count":0,"href":"https:\/\/www.caririemacao.com\/1\/wp-json\/wp\/v2\/posts\/40992\/revisions"}],"wp:featuredmedia":[{"embeddable":true,"href":"https:\/\/www.caririemacao.com\/1\/wp-json\/wp\/v2\/media\/40993"}],"wp:attachment":[{"href":"https:\/\/www.caririemacao.com\/1\/wp-json\/wp\/v2\/media?parent=40992"}],"wp:term":[{"taxonomy":"category","embeddable":true,"href":"https:\/\/www.caririemacao.com\/1\/wp-json\/wp\/v2\/categories?post=40992"},{"taxonomy":"post_tag","embeddable":true,"href":"https:\/\/www.caririemacao.com\/1\/wp-json\/wp\/v2\/tags?post=40992"}],"curies":[{"name":"wp","href":"https:\/\/api.w.org\/{rel}","templated":true}]}}