{"id":40995,"date":"2018-02-15T11:26:35","date_gmt":"2018-02-15T14:26:35","guid":{"rendered":"http:\/\/caririemacao.com\/1\/?p=40995"},"modified":"2018-02-15T11:26:35","modified_gmt":"2018-02-15T14:26:35","slug":"maia-ja-prepara-um-discurso-para-engavetar-a-reforma-da-previdencia","status":"publish","type":"post","link":"https:\/\/www.caririemacao.com\/1\/2018\/02\/15\/maia-ja-prepara-um-discurso-para-engavetar-a-reforma-da-previdencia\/","title":{"rendered":"Maia j\u00e1 prepara um discurso para engavetar a reforma da Previd\u00eancia"},"content":{"rendered":"<p>Descrente de que o governo re\u00fana os 308 votos necess\u00e1rios para\u00a0aprovar a reforma da Previd\u00eancia, o presidente da C\u00e2mara dos Deputados, Rodrigo Maia (DEM-RJ), j\u00e1 prepara o discurso para anunciar, no final de fevereiro, o engavetamento da mat\u00e9ria, conforme apurou o Estad\u00e3o\/Broadcast.<\/p>\n<p>Para evitar que o \u00f4nus do an\u00fancio recaia sobre o Congresso Nacional e, muito menos, sobre ele, Maia deve responsabilizar o Pal\u00e1cio do Planalto por n\u00e3o ter obtido apoio suficiente \u00e0 proposta. Deve dizer, ainda, que n\u00e3o vale a pena colocar a mat\u00e9ria em vota\u00e7\u00e3o para ser derrotada.<\/p>\n<p>Nos bastidores, outras lideran\u00e7as partid\u00e1rias tamb\u00e9m d\u00e3o como certo que a proposta ser\u00e1 engavetada. A maioria suspendeu as articula\u00e7\u00f5es em torno da reforma da Previd\u00eancia durante o per\u00edodo carnavalesco. S\u00f3 devem retomar as conversas a partir deste domingo. Sem o placar m\u00ednimo de votos para aprova\u00e7\u00e3o, a expectativa \u00e9 de que o in\u00edcio da discuss\u00e3o em plen\u00e1rio, antes previsto para esta segunda, dia 19, seja mais uma vez adiado.<\/p>\n<p>O pr\u00f3prio relator da reforma, deputado Arthur Oliveira Maia (PPS-BA), viajou ao exterior com a fam\u00edlia na semana passada e s\u00f3 retorna domingo, segundo sua assessoria. Os principais l\u00edderes tamb\u00e9m s\u00f3 devem chegar a Bras\u00edlia no domingo ou na segunda, entre eles, Aguinaldo Ribeiro (PP-PB) e Andr\u00e9 Moura (PSC-SE), l\u00edderes do governo na C\u00e2mara e no Congresso, respectivamente, e Baleia Rossi (SP), l\u00edder do MDB, partido do presidente Michel Temer.<\/p>\n<p>Segundo interlocutores, Rodrigo Maia decidiu que cumprir\u00e1 seu &#8220;papel institucional&#8221; de presidente da C\u00e2mara ao anunciar que n\u00e3o pautar\u00e1 a vota\u00e7\u00e3o da reforma antes das elei\u00e7\u00f5es. Esse an\u00fancio deve ser feito antes mesmo do dia 28, data limite prevista para a vota\u00e7\u00e3o. At\u00e9 ent\u00e3o, o parlamentar fluminense resistia em fazer esse an\u00fancio e se mostrava muito incomodado com o discurso do governo de transferir para os deputados a culpa pela frustra\u00e7\u00e3o com a reforma.<\/p>\n<p>Avalia\u00e7\u00e3o do grupo de Maia \u00e9 de que o an\u00fancio pode favorecer a candidatura dele \u00e0 Presid\u00eancia da Rep\u00fablica, pois o descolaria de uma pauta impopular. O parlamentar fluminense, contudo, pretende manter o discurso de que a reforma \u00e9 &#8220;necess\u00e1ria&#8221; e investir na tese de que as elei\u00e7\u00f5es presidenciais de outubro \u00e9 que resolver\u00e3o o futuro da proposta.<\/p>\n<p><strong>CARIRI EM A\u00c7\u00c3O<\/strong><\/p>\n<p><em>Com Estad\u00e3o Conte\u00fados\/Foto: Reprodu\u00e7\u00e3o Internet\u00a0<\/em><\/p>\n<p><strong>Leia mais not\u00edcias em\u00a0<\/strong><a href=\"http:\/\/www.caririemacao.com\/\"><strong>caririemacao.com<\/strong><\/a><strong>, siga nossa p\u00e1gina no\u00a0<\/strong><a href=\"https:\/\/www.facebook.com\/CaririEmAcao\/?ref=aymt_homepage_panel\"><strong>Facebook<\/strong><\/a>,<strong>\u00a0<\/strong><a href=\"https:\/\/www.instagram.com\/cariri_em_acao\/?hl=pt-br\"><strong>Instagram<\/strong><\/a><strong>\u00a0e <\/strong><a href=\"https:\/\/www.youtube.com\/channel\/UCAptA0jQuYQy8vMhLt2m4qg\"><strong>Youtube<\/strong><\/a><strong>\u00a0e veja nossas mat\u00e9rias, v\u00eddeos e fotos. Voc\u00ea tamb\u00e9m pode enviar informa\u00e7\u00f5es \u00e0 Reda\u00e7\u00e3o do Portal Cariri em A\u00e7\u00e3o pelo WhatsApp (83) 9 9634.5791, (83) 9 9601-1162.<\/strong><\/p>\n","protected":false},"excerpt":{"rendered":"<p>Descrente de que o governo re\u00fana os 308 votos necess\u00e1rios para\u00a0aprovar a reforma da Previd\u00eancia, o presidente da C\u00e2mara dos Deputados, Rodrigo Maia (DEM-RJ), j\u00e1&hellip; <\/p>\n","protected":false},"author":2,"featured_media":40996,"comment_status":"closed","ping_status":"closed","sticky":false,"template":"","format":"standard","meta":{"sfsi_plus_gutenberg_text_before_share":"","sfsi_plus_gutenberg_show_text_before_share":"","sfsi_plus_gutenberg_icon_type":"","sfsi_plus_gutenberg_icon_alignemt":"","sfsi_plus_gutenburg_max_per_row":"","footnotes":""},"categories":[11],"tags":[],"class_list":["post-40995","post","type-post","status-publish","format-standard","has-post-thumbnail","hentry","category-politica"],"_links":{"self":[{"href":"https:\/\/www.caririemacao.com\/1\/wp-json\/wp\/v2\/posts\/40995","targetHints":{"allow":["GET"]}}],"collection":[{"href":"https:\/\/www.caririemacao.com\/1\/wp-json\/wp\/v2\/posts"}],"about":[{"href":"https:\/\/www.caririemacao.com\/1\/wp-json\/wp\/v2\/types\/post"}],"author":[{"embeddable":true,"href":"https:\/\/www.caririemacao.com\/1\/wp-json\/wp\/v2\/users\/2"}],"replies":[{"embeddable":true,"href":"https:\/\/www.caririemacao.com\/1\/wp-json\/wp\/v2\/comments?post=40995"}],"version-history":[{"count":0,"href":"https:\/\/www.caririemacao.com\/1\/wp-json\/wp\/v2\/posts\/40995\/revisions"}],"wp:featuredmedia":[{"embeddable":true,"href":"https:\/\/www.caririemacao.com\/1\/wp-json\/wp\/v2\/media\/40996"}],"wp:attachment":[{"href":"https:\/\/www.caririemacao.com\/1\/wp-json\/wp\/v2\/media?parent=40995"}],"wp:term":[{"taxonomy":"category","embeddable":true,"href":"https:\/\/www.caririemacao.com\/1\/wp-json\/wp\/v2\/categories?post=40995"},{"taxonomy":"post_tag","embeddable":true,"href":"https:\/\/www.caririemacao.com\/1\/wp-json\/wp\/v2\/tags?post=40995"}],"curies":[{"name":"wp","href":"https:\/\/api.w.org\/{rel}","templated":true}]}}