{"id":40998,"date":"2018-02-15T11:37:49","date_gmt":"2018-02-15T14:37:49","guid":{"rendered":"http:\/\/caririemacao.com\/1\/?p=40998"},"modified":"2018-02-15T11:37:49","modified_gmt":"2018-02-15T14:37:49","slug":"prefeitura-de-prata-realiza-servicos-de-iluminacao-e-outros-reparos-na-cidade","status":"publish","type":"post","link":"https:\/\/www.caririemacao.com\/1\/2018\/02\/15\/prefeitura-de-prata-realiza-servicos-de-iluminacao-e-outros-reparos-na-cidade\/","title":{"rendered":"Prefeitura de Prata realiza servi\u00e7os de ilumina\u00e7\u00e3o e outros reparos na cidade"},"content":{"rendered":"<p>A Prefeitura da Prata vem investindo bastante com o intuito de ter uma cidade cada vez mais organizada, limpa e bem cuidada.<\/p>\n<p>\u00c9 com esta inten\u00e7\u00e3o que nos \u00faltimos dias o prefeito J\u00fanior N\u00f3brega determinou que v\u00e1rios servi\u00e7os de manuten\u00e7\u00e3o p\u00fablica fossem realizados. Entre eles, est\u00e3o os servi\u00e7os de manuten\u00e7\u00e3o na ilumina\u00e7\u00e3o p\u00fablica.<\/p>\n<p>Est\u00e3o sendo realizadas trocas de l\u00e2mpadas quebradas e queimadas e outros servi\u00e7os que v\u00e3o contribuir para uma melhoria na ilumina\u00e7\u00e3o p\u00fablica da Prata.<\/p>\n<p>\u201c\u00c9 importante com o crescimento da viol\u00eancia nos dias de hoje termos ruas e locais p\u00fablicos bem iluminados para coibir a a\u00e7\u00e3o de maus elementos\u201d, disse o prefeito, J\u00fanior N\u00f3brega.<\/p>\n<p>\u201cAl\u00e9m disto pedimos a colabora\u00e7\u00e3o da pr\u00f3pria popula\u00e7\u00e3o para que nos ajude a coibir e diminuir a a\u00e7\u00e3o de v\u00e2ndalos que quebram as l\u00e2mpadas, e pedimos a quem age desta forma que colabore com o bem de nossa cidade\u201d, completou o prefeito.<\/p>\n<p><strong>CARIRI EM A\u00c7\u00c3O<\/strong><\/p>\n<p><em>Com Ascom\/Foto: Andr\u00e9 Luiz<\/em><\/p>\n<p><strong>Leia mais not\u00edcias em\u00a0<\/strong><a href=\"http:\/\/www.caririemacao.com\/\"><strong>caririemacao.com<\/strong><\/a><strong>, siga nossa p\u00e1gina no\u00a0<\/strong><a href=\"https:\/\/www.facebook.com\/CaririEmAcao\/?ref=aymt_homepage_panel\"><strong>Facebook<\/strong><\/a>,<strong>\u00a0<\/strong><a href=\"https:\/\/www.instagram.com\/cariri_em_acao\/?hl=pt-br\"><strong>Instagram<\/strong><\/a><strong>\u00a0e <\/strong><a href=\"https:\/\/www.youtube.com\/channel\/UCAptA0jQuYQy8vMhLt2m4qg\"><strong>Youtube<\/strong><\/a><strong>\u00a0e veja nossas mat\u00e9rias, v\u00eddeos e fotos. Voc\u00ea tamb\u00e9m pode enviar informa\u00e7\u00f5es \u00e0 Reda\u00e7\u00e3o do Portal Cariri em A\u00e7\u00e3o pelo WhatsApp (83) 9 9634.5791, (83) 9 9601-1162.<\/strong><\/p>\n","protected":false},"excerpt":{"rendered":"<p>A Prefeitura da Prata vem investindo bastante com o intuito de ter uma cidade cada vez mais organizada, limpa e bem cuidada. \u00c9 com esta&hellip; <\/p>\n","protected":false},"author":2,"featured_media":40999,"comment_status":"closed","ping_status":"closed","sticky":false,"template":"","format":"standard","meta":{"sfsi_plus_gutenberg_text_before_share":"","sfsi_plus_gutenberg_show_text_before_share":"","sfsi_plus_gutenberg_icon_type":"","sfsi_plus_gutenberg_icon_alignemt":"","sfsi_plus_gutenburg_max_per_row":"","footnotes":""},"categories":[1],"tags":[],"class_list":["post-40998","post","type-post","status-publish","format-standard","has-post-thumbnail","hentry","category-o-site"],"_links":{"self":[{"href":"https:\/\/www.caririemacao.com\/1\/wp-json\/wp\/v2\/posts\/40998","targetHints":{"allow":["GET"]}}],"collection":[{"href":"https:\/\/www.caririemacao.com\/1\/wp-json\/wp\/v2\/posts"}],"about":[{"href":"https:\/\/www.caririemacao.com\/1\/wp-json\/wp\/v2\/types\/post"}],"author":[{"embeddable":true,"href":"https:\/\/www.caririemacao.com\/1\/wp-json\/wp\/v2\/users\/2"}],"replies":[{"embeddable":true,"href":"https:\/\/www.caririemacao.com\/1\/wp-json\/wp\/v2\/comments?post=40998"}],"version-history":[{"count":0,"href":"https:\/\/www.caririemacao.com\/1\/wp-json\/wp\/v2\/posts\/40998\/revisions"}],"wp:featuredmedia":[{"embeddable":true,"href":"https:\/\/www.caririemacao.com\/1\/wp-json\/wp\/v2\/media\/40999"}],"wp:attachment":[{"href":"https:\/\/www.caririemacao.com\/1\/wp-json\/wp\/v2\/media?parent=40998"}],"wp:term":[{"taxonomy":"category","embeddable":true,"href":"https:\/\/www.caririemacao.com\/1\/wp-json\/wp\/v2\/categories?post=40998"},{"taxonomy":"post_tag","embeddable":true,"href":"https:\/\/www.caririemacao.com\/1\/wp-json\/wp\/v2\/tags?post=40998"}],"curies":[{"name":"wp","href":"https:\/\/api.w.org\/{rel}","templated":true}]}}