{"id":41006,"date":"2018-02-15T11:48:07","date_gmt":"2018-02-15T14:48:07","guid":{"rendered":"http:\/\/caririemacao.com\/1\/?p=41006"},"modified":"2018-02-15T11:48:07","modified_gmt":"2018-02-15T14:48:07","slug":"homem-aranha-e-preso-em-cidade-no-sertao-de-pernambuco","status":"publish","type":"post","link":"https:\/\/www.caririemacao.com\/1\/2018\/02\/15\/homem-aranha-e-preso-em-cidade-no-sertao-de-pernambuco\/","title":{"rendered":"Homem aranha \u00e9 preso em cidade no Sert\u00e3o de Pernambuco"},"content":{"rendered":"<div>Os Policiais da ROCAM do 5\u00b0BPM de Petrolina no Sert\u00e3o de Pernambuco, ao realizar em rondas com abordagens na Avenida Dos Tropeiros nesta quarta-feira (14), avistaram um\u00a0super-her\u00f3i\u00a0rondando a \u00e1rea e\u00a0 em atitudes suspeita. O homem era apenas o jovem,\u00a0Jeferson Pereira da Silva, de 19 anos. Ao ser revistado, os policiais encontraram em sua cintura (02 facas) tipo peixeira, e uma m\u00e1scara do personagem dos quadrinhos Homem-Aranha.<\/div>\n<div>Segundo informa\u00e7\u00f5es , o suposto her\u00f3i,\u00a0 Homem-Aranha,\u00a0 estaria aterrorizando a popula\u00e7\u00e3o petrolinense praticando v\u00e1rios assaltos pela cidade. Mais n\u00e3o era para ser o mocinho?<\/div>\n<div>Revoltado<\/div>\n<div>Os motivos que levaram o rapaz a agir dessa forma\u00a0 \u00e9 simples: Indagado pelos policiais, o suposto her\u00f3i das hist\u00f3rias em quadrinhos ,\u00a0 afirmou que as facas seriam para um acerto de contas com uma pessoa que teria lhe agredido anteriormente.<\/div>\n<div>Preso<\/div>\n<div>Diante disso, nenhuma outra providencia seria tomada\u00a0 sen\u00e3o,\u00a0 conduzir para Delegacia de Plant\u00e3o para as medidas cab\u00edveis. O homem aranha se deu mal.<\/p>\n<\/div>\n<div>\n<div><\/div>\n<\/div>\n<div><strong>CARIRI EM A\u00c7\u00c3O<\/strong><\/div>\n<div>\n<p><em>Com Blog do Alberto Barbosa \/Foto: Reprodu\u00e7\u00e3o Internet<\/em><\/p>\n<p><strong>Leia mais not\u00edcias em\u00a0<\/strong><a href=\"http:\/\/www.caririemacao.com\/\"><strong>caririemacao.com<\/strong><\/a><strong>, siga nossa p\u00e1gina no\u00a0<\/strong><a href=\"https:\/\/www.facebook.com\/CaririEmAcao\/?ref=aymt_homepage_panel\"><strong>Facebook<\/strong><\/a>,<strong>\u00a0<\/strong><a href=\"https:\/\/www.instagram.com\/cariri_em_acao\/?hl=pt-br\"><strong>Instagram<\/strong><\/a><strong>\u00a0e <\/strong><a href=\"https:\/\/www.youtube.com\/channel\/UCAptA0jQuYQy8vMhLt2m4qg\"><strong>Youtube<\/strong><\/a><strong>\u00a0e veja nossas mat\u00e9rias, v\u00eddeos e fotos. Voc\u00ea tamb\u00e9m pode enviar informa\u00e7\u00f5es \u00e0 Reda\u00e7\u00e3o do Portal Cariri em A\u00e7\u00e3o pelo WhatsApp (83) 9 9634.5791, (83) 9 9601-1162.<\/strong><\/p>\n<\/div>\n","protected":false},"excerpt":{"rendered":"<p>Os Policiais da ROCAM do 5\u00b0BPM de Petrolina no Sert\u00e3o de Pernambuco, ao realizar em rondas com abordagens na Avenida Dos Tropeiros nesta quarta-feira (14),&hellip; <\/p>\n","protected":false},"author":2,"featured_media":41007,"comment_status":"closed","ping_status":"closed","sticky":false,"template":"","format":"standard","meta":{"sfsi_plus_gutenberg_text_before_share":"","sfsi_plus_gutenberg_show_text_before_share":"","sfsi_plus_gutenberg_icon_type":"","sfsi_plus_gutenberg_icon_alignemt":"","sfsi_plus_gutenburg_max_per_row":"","footnotes":""},"categories":[12],"tags":[],"class_list":["post-41006","post","type-post","status-publish","format-standard","has-post-thumbnail","hentry","category-policia"],"_links":{"self":[{"href":"https:\/\/www.caririemacao.com\/1\/wp-json\/wp\/v2\/posts\/41006","targetHints":{"allow":["GET"]}}],"collection":[{"href":"https:\/\/www.caririemacao.com\/1\/wp-json\/wp\/v2\/posts"}],"about":[{"href":"https:\/\/www.caririemacao.com\/1\/wp-json\/wp\/v2\/types\/post"}],"author":[{"embeddable":true,"href":"https:\/\/www.caririemacao.com\/1\/wp-json\/wp\/v2\/users\/2"}],"replies":[{"embeddable":true,"href":"https:\/\/www.caririemacao.com\/1\/wp-json\/wp\/v2\/comments?post=41006"}],"version-history":[{"count":0,"href":"https:\/\/www.caririemacao.com\/1\/wp-json\/wp\/v2\/posts\/41006\/revisions"}],"wp:featuredmedia":[{"embeddable":true,"href":"https:\/\/www.caririemacao.com\/1\/wp-json\/wp\/v2\/media\/41007"}],"wp:attachment":[{"href":"https:\/\/www.caririemacao.com\/1\/wp-json\/wp\/v2\/media?parent=41006"}],"wp:term":[{"taxonomy":"category","embeddable":true,"href":"https:\/\/www.caririemacao.com\/1\/wp-json\/wp\/v2\/categories?post=41006"},{"taxonomy":"post_tag","embeddable":true,"href":"https:\/\/www.caririemacao.com\/1\/wp-json\/wp\/v2\/tags?post=41006"}],"curies":[{"name":"wp","href":"https:\/\/api.w.org\/{rel}","templated":true}]}}