{"id":41009,"date":"2018-02-15T12:24:35","date_gmt":"2018-02-15T15:24:35","guid":{"rendered":"http:\/\/caririemacao.com\/1\/?p=41009"},"modified":"2018-02-15T12:27:22","modified_gmt":"2018-02-15T15:27:22","slug":"reuniao-define-grupos-para-o-inicio-da-7a-copa-amparense-de-futebol-amador","status":"publish","type":"post","link":"https:\/\/www.caririemacao.com\/1\/2018\/02\/15\/reuniao-define-grupos-para-o-inicio-da-7a-copa-amparense-de-futebol-amador\/","title":{"rendered":"Reuni\u00e3o define grupos para o in\u00edcio da 7\u00aa Copa Amparense de Futebol Amador"},"content":{"rendered":"<div>A coordena\u00e7\u00e3o da Copa Amparense de Futebol realizou no \u00faltimo s\u00e1bado(10), a sua definitiva reuni\u00e3o, onde definiu os grupos da competi\u00e7\u00e3o para a realiza\u00e7\u00e3o da\u00a07\u00aa\u00a0edi\u00e7\u00e3o do certame.<\/div>\n<div><\/div>\n<div>A reuni\u00e3o foi realizada na C\u00e2mara de Vereadores de Sum\u00e9 -PB e contou com a presen\u00e7a dos dirigentes que ir\u00e3o participar da competi\u00e7\u00e3o. Os dirigentes que n\u00e3o compareceram acataram todas as decis\u00f5es pelos presentes na reuni\u00e3o, tornando assim uma competi\u00e7\u00e3o transparente.<\/div>\n<div><\/div>\n<div>Em sorteio realizado, foram distribu\u00eddos em 04 grupos cada um, contendo 04 equipes. Confira como ficou o chaveamento da Copa Amparense de Futebol 2018:<\/div>\n<div><\/div>\n<div><strong>Grupo I<\/strong><\/div>\n<div>Botafogo, \u00a0Tuparetama &#8211; PE<\/div>\n<div>El Santa, \u00a0Livramento &#8211; PB<\/div>\n<div>Cruzeiro de Sum\u00e9 &#8211; PB<\/div>\n<div>F\u00eanix, S\u00e3o Jos\u00e9 dos Cordeiros -PB<\/div>\n<div><\/div>\n<div><strong>Grupo II<\/strong><\/div>\n<div>Flamengo de Sum\u00e9 -PB<\/div>\n<div>Atl\u00e9tico de Camala\u00fa -PB<\/div>\n<div>Adelaide do Congo -PB<\/div>\n<div>UDC de Serra Branca -PB<\/div>\n<div><\/div>\n<div><strong>Grupo III<\/strong><\/div>\n<div>Ouro Velho -PB<\/div>\n<div>Real Sussuarana de Serra Branca -PB<\/div>\n<div>S\u00e3o Paulo de S\u00e3o Jo\u00e3o do Cariri -PB<\/div>\n<div>Desportiva de Sum\u00e9 -PB<\/div>\n<div><\/div>\n<div><strong>Grupo IV<\/strong><\/div>\n<div>Independente de Sum\u00e9 -PB<\/div>\n<div>Atl\u00e9tico de Amparo -PB<\/div>\n<div>Na\u00fatico de Teixeira -PB<\/div>\n<div>Barcelona, S\u00e3o Jos\u00e9 do Egito -PE<\/div>\n<div><\/div>\n<div>A competi\u00e7\u00e3o ter\u00e1 in\u00edcio no pr\u00f3ximo dia 24 de Fevereiro com duas partidas, confira:<\/div>\n<div>S\u00e1bado(24): Est\u00e1dio Municipal de Amparo<\/div>\n<div>14:00h &#8211;\u00a0Real Sussuarana x Ouro Velho<\/div>\n<div>15:30h &#8211;\u00a0Independente x Na\u00fatico<\/div>\n<div><\/div>\n<div>Domingo(25): No campo do S\u00edtio Lagoa do Meio<\/div>\n<div>14:00h &#8211;\u00a0Botafogo x El Santa<\/div>\n<div>15:30h &#8211;\u00a0Flamengo x UDC<\/div>\n<div><\/div>\n<div>A Copa Amparense de Futebol 2018 ter\u00e1 todo o apoio da Prefeitura Municipal de Amparo.<\/div>\n<p><strong>CARIRI EM A\u00c7\u00c3O<\/strong><\/p>\n<p><em>Com Cariri Esporte\/Thiago Mac\u00eado Amparo Ligado\/Foto: Divulga\u00e7\u00e3o \u00a0<\/em><\/p>\n<p><strong>Leia mais not\u00edcias em\u00a0<\/strong><a href=\"http:\/\/www.caririemacao.com\/\"><strong>caririemacao.com<\/strong><\/a><strong>, siga nossa p\u00e1gina no\u00a0<\/strong><a href=\"https:\/\/www.facebook.com\/CaririEmAcao\/?ref=aymt_homepage_panel\"><strong>Facebook<\/strong><\/a>,<strong>\u00a0<\/strong><a href=\"https:\/\/www.instagram.com\/cariri_em_acao\/?hl=pt-br\"><strong>Instagram<\/strong><\/a><strong>\u00a0e <\/strong><a href=\"https:\/\/www.youtube.com\/channel\/UCAptA0jQuYQy8vMhLt2m4qg\"><strong>Youtube<\/strong><\/a><strong>\u00a0e veja nossas mat\u00e9rias, v\u00eddeos e fotos. Voc\u00ea tamb\u00e9m pode enviar informa\u00e7\u00f5es \u00e0 Reda\u00e7\u00e3o do Portal Cariri em A\u00e7\u00e3o pelo WhatsApp (83) 9 9634.5791, (83) 9 9601-1162.<\/strong><\/p>\n","protected":false},"excerpt":{"rendered":"<p>A coordena\u00e7\u00e3o da Copa Amparense de Futebol realizou no \u00faltimo s\u00e1bado(10), a sua definitiva reuni\u00e3o, onde definiu os grupos da competi\u00e7\u00e3o para a realiza\u00e7\u00e3o da\u00a07\u00aa\u00a0edi\u00e7\u00e3o&hellip; <\/p>\n","protected":false},"author":2,"featured_media":41010,"comment_status":"closed","ping_status":"closed","sticky":false,"template":"","format":"standard","meta":{"sfsi_plus_gutenberg_text_before_share":"","sfsi_plus_gutenberg_show_text_before_share":"","sfsi_plus_gutenberg_icon_type":"","sfsi_plus_gutenberg_icon_alignemt":"","sfsi_plus_gutenburg_max_per_row":"","footnotes":""},"categories":[13],"tags":[],"class_list":["post-41009","post","type-post","status-publish","format-standard","has-post-thumbnail","hentry","category-esportes"],"_links":{"self":[{"href":"https:\/\/www.caririemacao.com\/1\/wp-json\/wp\/v2\/posts\/41009","targetHints":{"allow":["GET"]}}],"collection":[{"href":"https:\/\/www.caririemacao.com\/1\/wp-json\/wp\/v2\/posts"}],"about":[{"href":"https:\/\/www.caririemacao.com\/1\/wp-json\/wp\/v2\/types\/post"}],"author":[{"embeddable":true,"href":"https:\/\/www.caririemacao.com\/1\/wp-json\/wp\/v2\/users\/2"}],"replies":[{"embeddable":true,"href":"https:\/\/www.caririemacao.com\/1\/wp-json\/wp\/v2\/comments?post=41009"}],"version-history":[{"count":0,"href":"https:\/\/www.caririemacao.com\/1\/wp-json\/wp\/v2\/posts\/41009\/revisions"}],"wp:featuredmedia":[{"embeddable":true,"href":"https:\/\/www.caririemacao.com\/1\/wp-json\/wp\/v2\/media\/41010"}],"wp:attachment":[{"href":"https:\/\/www.caririemacao.com\/1\/wp-json\/wp\/v2\/media?parent=41009"}],"wp:term":[{"taxonomy":"category","embeddable":true,"href":"https:\/\/www.caririemacao.com\/1\/wp-json\/wp\/v2\/categories?post=41009"},{"taxonomy":"post_tag","embeddable":true,"href":"https:\/\/www.caririemacao.com\/1\/wp-json\/wp\/v2\/tags?post=41009"}],"curies":[{"name":"wp","href":"https:\/\/api.w.org\/{rel}","templated":true}]}}