{"id":41012,"date":"2018-02-15T12:37:55","date_gmt":"2018-02-15T15:37:55","guid":{"rendered":"http:\/\/caririemacao.com\/1\/?p=41012"},"modified":"2018-02-15T12:37:55","modified_gmt":"2018-02-15T15:37:55","slug":"secretario-de-cartaxo-acusa-maranhao-de-desagregar-a-oposicao","status":"publish","type":"post","link":"https:\/\/www.caririemacao.com\/1\/2018\/02\/15\/secretario-de-cartaxo-acusa-maranhao-de-desagregar-a-oposicao\/","title":{"rendered":"Secret\u00e1rio de Cartaxo acusa Maranh\u00e3o de desagregar a oposi\u00e7\u00e3o"},"content":{"rendered":"<p>Ap\u00f3s as \u00faltimas farpas trocadas entre o prefeito de Jo\u00e3o Pessoa Luciano Cartaxo (PSD) e o senador Jos\u00e9 Maranh\u00e3o (MDB) \u2013 envolvendo a defini\u00e7\u00e3o do nome das oposi\u00e7\u00f5es que vai disputar o Governo do Estado -, o grupo Cartaxista segue em p\u00e9 de guerra com o emedebista. O secret\u00e1rio de Comunica\u00e7\u00e3o de Jo\u00e3o Pessoa, Josival Pereira afirmou, na manh\u00e3 desta quinta-feira (15) durante entrevista a uma r\u00e1dio da Capital, que Maranh\u00e3o \u00e9 respons\u00e1vel por quebrar a unidade das oposi\u00e7\u00f5es.<\/p>\n<p>\u201cA verdade \u00e9 o seguinte: o senador Jos\u00e9 Maranh\u00e3o, com todo respeito a ele, quebrou a unidade das oposi\u00e7\u00f5es. Ele se lan\u00e7ou candidato desde o ano passado e foi para frente, e n\u00e3o quer abrir m\u00e3o. Ele n\u00e3o admite conversas se n\u00e3o for em torno do nome dele\u201d, disse Josival Pereira.<\/p>\n<p>O secret\u00e1rio comentou sobre as movimenta\u00e7\u00f5es \u201cofensivas\u201d de Maranh\u00e3o, e explicou o porqu\u00ea da cobran\u00e7a de Cartaxo por defini\u00e7\u00f5es. \u201cNingu\u00e9m tinha se lan\u00e7ado candidato, Cartaxo n\u00e3o tinha se lan\u00e7ado ainda, Romero tinha dito que o nome tava colocado, a\u00ed Maranh\u00e3o colocou [a candidatura]. Cartaxo em nenhum momento disse que \u00e9 candidato ou que vai ser candidato. Ele disse que queria uma defini\u00e7\u00e3o em janeiro, porque se fosse o escolhido iria se preparar\u201d, declarou.<\/p>\n<p>Questionado sobre uma poss\u00edvel alian\u00e7a entre Luciano Cartaxo e o governador Ricardo Coutinho (PSB), Josival afirmou que n\u00e3o consegue enxergar isso ainda. Segundo o secret\u00e1rio, todas as declara\u00e7\u00f5es do prefeito at\u00e9 agora apontam\u00a0que ele defende a unidade das oposi\u00e7\u00f5es. \u201cN\u00e3o tenho escutado do prefeito nenhuma sinaliza\u00e7\u00e3o de que n\u00e3o seja nada em torno da unidade das oposi\u00e7\u00f5es\u201d, resumiu.<\/p>\n<p><strong>CARIRI EM A\u00c7\u00c3O<\/strong><\/p>\n<p><em>Com Blog do Gordinho\/Foto: Reprodu\u00e7\u00e3o Internet<\/em><\/p>\n<p><strong>Leia mais not\u00edcias em\u00a0<\/strong><a href=\"http:\/\/www.caririemacao.com\/\"><strong>caririemacao.com<\/strong><\/a><strong>, siga nossa p\u00e1gina no\u00a0<\/strong><a href=\"https:\/\/www.facebook.com\/CaririEmAcao\/?ref=aymt_homepage_panel\"><strong>Facebook<\/strong><\/a>,<strong>\u00a0<\/strong><a href=\"https:\/\/www.instagram.com\/cariri_em_acao\/?hl=pt-br\"><strong>Instagram<\/strong><\/a><strong>\u00a0e <\/strong><a href=\"https:\/\/www.youtube.com\/channel\/UCAptA0jQuYQy8vMhLt2m4qg\"><strong>Youtube<\/strong><\/a><strong>\u00a0e veja nossas mat\u00e9rias, v\u00eddeos e fotos. Voc\u00ea tamb\u00e9m pode enviar informa\u00e7\u00f5es \u00e0 Reda\u00e7\u00e3o do Portal Cariri em A\u00e7\u00e3o pelo WhatsApp (83) 9 9634.5791, (83) 9 9601-1162.<\/strong><\/p>\n","protected":false},"excerpt":{"rendered":"<p>Ap\u00f3s as \u00faltimas farpas trocadas entre o prefeito de Jo\u00e3o Pessoa Luciano Cartaxo (PSD) e o senador Jos\u00e9 Maranh\u00e3o (MDB) \u2013 envolvendo a defini\u00e7\u00e3o do&hellip; <\/p>\n","protected":false},"author":2,"featured_media":41013,"comment_status":"closed","ping_status":"closed","sticky":false,"template":"","format":"standard","meta":{"sfsi_plus_gutenberg_text_before_share":"","sfsi_plus_gutenberg_show_text_before_share":"","sfsi_plus_gutenberg_icon_type":"","sfsi_plus_gutenberg_icon_alignemt":"","sfsi_plus_gutenburg_max_per_row":"","footnotes":""},"categories":[11],"tags":[],"class_list":["post-41012","post","type-post","status-publish","format-standard","has-post-thumbnail","hentry","category-politica"],"_links":{"self":[{"href":"https:\/\/www.caririemacao.com\/1\/wp-json\/wp\/v2\/posts\/41012","targetHints":{"allow":["GET"]}}],"collection":[{"href":"https:\/\/www.caririemacao.com\/1\/wp-json\/wp\/v2\/posts"}],"about":[{"href":"https:\/\/www.caririemacao.com\/1\/wp-json\/wp\/v2\/types\/post"}],"author":[{"embeddable":true,"href":"https:\/\/www.caririemacao.com\/1\/wp-json\/wp\/v2\/users\/2"}],"replies":[{"embeddable":true,"href":"https:\/\/www.caririemacao.com\/1\/wp-json\/wp\/v2\/comments?post=41012"}],"version-history":[{"count":0,"href":"https:\/\/www.caririemacao.com\/1\/wp-json\/wp\/v2\/posts\/41012\/revisions"}],"wp:featuredmedia":[{"embeddable":true,"href":"https:\/\/www.caririemacao.com\/1\/wp-json\/wp\/v2\/media\/41013"}],"wp:attachment":[{"href":"https:\/\/www.caririemacao.com\/1\/wp-json\/wp\/v2\/media?parent=41012"}],"wp:term":[{"taxonomy":"category","embeddable":true,"href":"https:\/\/www.caririemacao.com\/1\/wp-json\/wp\/v2\/categories?post=41012"},{"taxonomy":"post_tag","embeddable":true,"href":"https:\/\/www.caririemacao.com\/1\/wp-json\/wp\/v2\/tags?post=41012"}],"curies":[{"name":"wp","href":"https:\/\/api.w.org\/{rel}","templated":true}]}}