{"id":41067,"date":"2018-02-16T00:35:47","date_gmt":"2018-02-16T03:35:47","guid":{"rendered":"http:\/\/caririemacao.com\/1\/?p=41067"},"modified":"2018-02-16T12:48:21","modified_gmt":"2018-02-16T15:48:21","slug":"volta-a-chover-em-sao-sebastiao-do-umbuzeiro","status":"publish","type":"post","link":"https:\/\/www.caririemacao.com\/1\/2018\/02\/16\/volta-a-chover-em-sao-sebastiao-do-umbuzeiro\/","title":{"rendered":"Volta a chover em S\u00e3o Sebasti\u00e3o do Umbuzeiro"},"content":{"rendered":"<p>Os umbuzeirenses voltaram a sorrir na tarde desta quinta-feira (15), em S\u00e3o Sebasti\u00e3o do Umbuzeiro, o calor intenso era pren\u00fancios de chuvas, por volta d\u00e1s 15:28hs, caiu um volume consider\u00e1vel .<\/p>\n<p>A precipita\u00e7\u00e3o foi de 18,5 mil\u00edmetros, segundo pluvi\u00f4metro que fica na minha resid\u00eancia. A previs\u00e3o para esta sexta-feira segundo a Aesa, permanece a condi\u00e7\u00e3o de tempo inst\u00e1vel sobre grande parte do estado da Para\u00edba.<\/p>\n<p>Com isto, s\u00e3o previstas chuvas tanto em \u00e1reas do Litoral, Brejo e Agreste quanto nas regi\u00f5es do interior do Estado.\u00a0 Para o Cariri a nebulosidade \u00e9 vari\u00e1vel com possibilidade de chuvas pontuais. A temperatura a M\u00e1xima \u00e9 32\u00ba\u00a0 e a minima 22\u00ba.<\/p>\n<p><strong>CARIRI EM A\u00c7\u00c3O<\/strong><\/p>\n<p><em>Com Blog do Didi\/Foto: Reprodu\u00e7\u00e3o Didi\u00a0\u00a0<\/em><\/p>\n<p><strong>Leia mais not\u00edcias em\u00a0<\/strong><a href=\"http:\/\/www.caririemacao.com\/\"><strong>caririemacao.com<\/strong><\/a><strong>, siga nossa p\u00e1gina no\u00a0<\/strong><a href=\"https:\/\/www.facebook.com\/CaririEmAcao\/?ref=aymt_homepage_panel\"><strong>Facebook<\/strong><\/a>,<strong>\u00a0<\/strong><a href=\"https:\/\/www.instagram.com\/cariri_em_acao\/?hl=pt-br\"><strong>Instagram<\/strong><\/a><strong>\u00a0e <\/strong><a href=\"https:\/\/www.youtube.com\/channel\/UCAptA0jQuYQy8vMhLt2m4qg\"><strong>Youtube<\/strong><\/a><strong>\u00a0e veja nossas mat\u00e9rias, v\u00eddeos e fotos. Voc\u00ea tamb\u00e9m pode enviar informa\u00e7\u00f5es \u00e0 Reda\u00e7\u00e3o do Portal Cariri em A\u00e7\u00e3o pelo WhatsApp (83) 9 9634.5791, (83) 9 9601-1162.<\/strong><\/p>\n","protected":false},"excerpt":{"rendered":"<p>Os umbuzeirenses voltaram a sorrir na tarde desta quinta-feira (15), em S\u00e3o Sebasti\u00e3o do Umbuzeiro, o calor intenso era pren\u00fancios de chuvas, por volta d\u00e1s&hellip; <\/p>\n","protected":false},"author":2,"featured_media":41068,"comment_status":"closed","ping_status":"closed","sticky":false,"template":"","format":"standard","meta":{"sfsi_plus_gutenberg_text_before_share":"","sfsi_plus_gutenberg_show_text_before_share":"","sfsi_plus_gutenberg_icon_type":"","sfsi_plus_gutenberg_icon_alignemt":"","sfsi_plus_gutenburg_max_per_row":"","footnotes":""},"categories":[6],"tags":[],"class_list":["post-41067","post","type-post","status-publish","format-standard","has-post-thumbnail","hentry","category-cidades"],"_links":{"self":[{"href":"https:\/\/www.caririemacao.com\/1\/wp-json\/wp\/v2\/posts\/41067","targetHints":{"allow":["GET"]}}],"collection":[{"href":"https:\/\/www.caririemacao.com\/1\/wp-json\/wp\/v2\/posts"}],"about":[{"href":"https:\/\/www.caririemacao.com\/1\/wp-json\/wp\/v2\/types\/post"}],"author":[{"embeddable":true,"href":"https:\/\/www.caririemacao.com\/1\/wp-json\/wp\/v2\/users\/2"}],"replies":[{"embeddable":true,"href":"https:\/\/www.caririemacao.com\/1\/wp-json\/wp\/v2\/comments?post=41067"}],"version-history":[{"count":0,"href":"https:\/\/www.caririemacao.com\/1\/wp-json\/wp\/v2\/posts\/41067\/revisions"}],"wp:featuredmedia":[{"embeddable":true,"href":"https:\/\/www.caririemacao.com\/1\/wp-json\/wp\/v2\/media\/41068"}],"wp:attachment":[{"href":"https:\/\/www.caririemacao.com\/1\/wp-json\/wp\/v2\/media?parent=41067"}],"wp:term":[{"taxonomy":"category","embeddable":true,"href":"https:\/\/www.caririemacao.com\/1\/wp-json\/wp\/v2\/categories?post=41067"},{"taxonomy":"post_tag","embeddable":true,"href":"https:\/\/www.caririemacao.com\/1\/wp-json\/wp\/v2\/tags?post=41067"}],"curies":[{"name":"wp","href":"https:\/\/api.w.org\/{rel}","templated":true}]}}