{"id":41091,"date":"2018-02-16T11:02:48","date_gmt":"2018-02-16T14:02:48","guid":{"rendered":"http:\/\/caririemacao.com\/1\/?p=41091"},"modified":"2018-02-16T11:02:48","modified_gmt":"2018-02-16T14:02:48","slug":"procurador-repreende-recorrente-sequestro-das-contas-do-estado-pelo-tjpb","status":"publish","type":"post","link":"https:\/\/www.caririemacao.com\/1\/2018\/02\/16\/procurador-repreende-recorrente-sequestro-das-contas-do-estado-pelo-tjpb\/","title":{"rendered":"Procurador repreende recorrente sequestro das contas do Estado pelo TJPB"},"content":{"rendered":"<p>O procurador-geral do Estado, Gilberto Carneiro, criticou a a\u00e7\u00e3o do presidente do Tribunal de Justi\u00e7a, desembargador Jo\u00e1s de Brito Pereira Filho, que pela segunda vez determinou o sequestro de recursos das contas do Estado para pagamento de precat\u00f3rios.<\/p>\n<p>\u201cA nossa condu\u00e7\u00e3o sempre ser\u00e1 pautada no interesse p\u00fablico. Eu tenho sempre a orienta\u00e7\u00e3o do pr\u00f3prio governador Ricardo Coutinho de que o Poder Executivo tem que ter uma rela\u00e7\u00e3o harm\u00f4nica com os outros Poderes. Agora \u00e9 importante salientar que nas gest\u00f5es anteriores do governador com os demais presidentes do Judici\u00e1rio, nunca aconteceu de haver sequestro nas contas do Estado, principalmente para pagamento de precat\u00f3rios\u201d, salientou.<\/p>\n<p>Conforme Gilberto Carneiro, o governador foi quem mais cumpriu o repasse de recursos para pagamento de precat\u00f3rios e que isto est\u00e1 mais do que comprovado atrav\u00e9s dos n\u00fameros.<\/p>\n<p>Ele ressaltou ainda que se existe uma reivindica\u00e7\u00e3o de que o repasse dos valores seja aumentado, isso precisa ser objeto de uma discuss\u00e3o, observando o cen\u00e1rio nacional e local em rela\u00e7\u00e3o ao comportamento da economia do Estado para saber se h\u00e1 condi\u00e7\u00f5es de fazer algum aumento na aloca\u00e7\u00e3o dos recursos.<\/p>\n<p>Para o procurador, o que importa \u00e9 que o governo est\u00e1 repassando todos os meses, rigorosamente em dia, o valor de R$ 11,5 milh\u00f5es para o pagamento de precat\u00f3rios, o que n\u00e3o \u00e9 divulgado e nem se observa o grande sacrif\u00edcio que o Estado faz para poder honrar o compromisso do pagamento de precat\u00f3rios na Para\u00edba.<\/p>\n<p>Carneiro repreendeu a atitude radical do Judici\u00e1rio ao sequestrar recursos do governo.<\/p>\n<p><strong>CARIRI EM A\u00c7\u00c3O<\/strong><\/p>\n<p><em style=\"font-weight: inherit;\">Com Para\u00edba Online \/Foto: Reprodu\u00e7\u00e3o\u00a0<\/em><\/p>\n<p><strong style=\"font-style: inherit;\">Leia mais not\u00edcias em\u00a0<\/strong><a style=\"font-style: inherit; font-weight: inherit;\" href=\"http:\/\/www.caririemacao.com\/\"><strong style=\"font-style: inherit;\">caririemacao.com<\/strong><\/a><strong style=\"font-style: inherit;\">, siga nossa p\u00e1gina no\u00a0<\/strong><a style=\"font-style: inherit; font-weight: inherit;\" href=\"https:\/\/www.facebook.com\/CaririEmAcao\/?ref=aymt_homepage_panel\"><strong style=\"font-style: inherit;\">Facebook<\/strong><\/a>,<strong style=\"font-style: inherit;\">\u00a0<\/strong><a style=\"font-style: inherit; font-weight: inherit;\" href=\"https:\/\/www.instagram.com\/cariri_em_acao\/?hl=pt-br\"><strong style=\"font-style: inherit;\">Instagram<\/strong><\/a><strong style=\"font-style: inherit;\">\u00a0e\u00a0<\/strong><a style=\"font-style: inherit; font-weight: inherit;\" href=\"https:\/\/www.youtube.com\/channel\/UCAptA0jQuYQy8vMhLt2m4qg\"><strong style=\"font-style: inherit;\">Youtube<\/strong><\/a><strong style=\"font-style: inherit;\">\u00a0e veja nossas mat\u00e9rias, v\u00eddeos e fotos. Voc\u00ea tamb\u00e9m pode enviar informa\u00e7\u00f5es \u00e0 Reda\u00e7\u00e3o do Portal Cariri em A\u00e7\u00e3o pelo WhatsApp (83) 9 9634.5791, (83) 9 9601-1162.<\/strong><\/p>\n","protected":false},"excerpt":{"rendered":"<p>O procurador-geral do Estado, Gilberto Carneiro, criticou a a\u00e7\u00e3o do presidente do Tribunal de Justi\u00e7a, desembargador Jo\u00e1s de Brito Pereira Filho, que pela segunda vez&hellip; <\/p>\n","protected":false},"author":2,"featured_media":41092,"comment_status":"closed","ping_status":"closed","sticky":false,"template":"","format":"standard","meta":{"sfsi_plus_gutenberg_text_before_share":"","sfsi_plus_gutenberg_show_text_before_share":"","sfsi_plus_gutenberg_icon_type":"","sfsi_plus_gutenberg_icon_alignemt":"","sfsi_plus_gutenburg_max_per_row":"","footnotes":""},"categories":[2],"tags":[],"class_list":["post-41091","post","type-post","status-publish","format-standard","has-post-thumbnail","hentry","category-geral"],"_links":{"self":[{"href":"https:\/\/www.caririemacao.com\/1\/wp-json\/wp\/v2\/posts\/41091","targetHints":{"allow":["GET"]}}],"collection":[{"href":"https:\/\/www.caririemacao.com\/1\/wp-json\/wp\/v2\/posts"}],"about":[{"href":"https:\/\/www.caririemacao.com\/1\/wp-json\/wp\/v2\/types\/post"}],"author":[{"embeddable":true,"href":"https:\/\/www.caririemacao.com\/1\/wp-json\/wp\/v2\/users\/2"}],"replies":[{"embeddable":true,"href":"https:\/\/www.caririemacao.com\/1\/wp-json\/wp\/v2\/comments?post=41091"}],"version-history":[{"count":0,"href":"https:\/\/www.caririemacao.com\/1\/wp-json\/wp\/v2\/posts\/41091\/revisions"}],"wp:featuredmedia":[{"embeddable":true,"href":"https:\/\/www.caririemacao.com\/1\/wp-json\/wp\/v2\/media\/41092"}],"wp:attachment":[{"href":"https:\/\/www.caririemacao.com\/1\/wp-json\/wp\/v2\/media?parent=41091"}],"wp:term":[{"taxonomy":"category","embeddable":true,"href":"https:\/\/www.caririemacao.com\/1\/wp-json\/wp\/v2\/categories?post=41091"},{"taxonomy":"post_tag","embeddable":true,"href":"https:\/\/www.caririemacao.com\/1\/wp-json\/wp\/v2\/tags?post=41091"}],"curies":[{"name":"wp","href":"https:\/\/api.w.org\/{rel}","templated":true}]}}