{"id":41094,"date":"2018-02-16T11:45:20","date_gmt":"2018-02-16T14:45:20","guid":{"rendered":"http:\/\/caririemacao.com\/1\/?p=41094"},"modified":"2018-02-16T11:46:58","modified_gmt":"2018-02-16T14:46:58","slug":"policia-militar-divulga-balanco-de-ocorrencias-do-carnaval-na-regiao-do-cariri","status":"publish","type":"post","link":"https:\/\/www.caririemacao.com\/1\/2018\/02\/16\/policia-militar-divulga-balanco-de-ocorrencias-do-carnaval-na-regiao-do-cariri\/","title":{"rendered":"Pol\u00edcia Militar divulga balan\u00e7o de ocorr\u00eancias do carnaval na regi\u00e3o do Cariri"},"content":{"rendered":"<p>O 11\u00b0 Batalh\u00e3o de Pol\u00edcia Militar de Monteiro divulgou um balan\u00e7o de ocorr\u00eancias policiais durante o per\u00edodo de carnaval na regi\u00e3o do Cariri paraibano. Mais de 100 homens garantiram a seguran\u00e7a dos foli\u00f5es da regi\u00e3o.<\/p>\n<p>A Pol\u00edcia esteve presente em eventos carnavalescos p\u00fablicos e privados nas cidades de Monteiro, Zabel\u00ea, Camala\u00fa, Prata, S\u00e3o Jo\u00e3o do Tigre, Congo e Ouro Velho.<\/p>\n<p>Nos locais de evento, apenas uma ocorr\u00eancia com gravidade foi registrada. O caso aconteceu na cidade do Congo, onde um jovem foi ferido a tiros. As demais ocorr\u00eancias registradas nos eventos da regi\u00e3o foram vias de fato, dano, furto, acidentes, etc.<\/p>\n<p>A cidade de Zabel\u00ea, onde ocorreu show de Lino &amp; J\u00fanior e Claudemir Fernandes, foi \u00e0 \u00fanica onde n\u00e3o houve nenhuma ocorr\u00eancia. Seis policiais garantiram a seguran\u00e7a dos participantes do evento.<\/p>\n<p>Fora das \u00e1reas dos eventos nas cidades diversas ocorr\u00eancias foram registrados, sendo destaque a cidade de Monteiro, local onde houve mais ocorr\u00eancias extra evento, sendo elas: danos, encontro de cad\u00e1ver sem sinais de viol\u00eancia, apreens\u00e3o de arma de fogo, tentativa de roubo, dois acidentes sem vitima, dois casos de amea\u00e7a, uma les\u00e3o corporal, um homic\u00eddio doloso, roubo a correspondente e vias de fato. Ao todo, 43 homens estiveram fazendo a seguran\u00e7a dos eventos de Monteiro, que ocorreram nos dias 3, 6, 10, 11 e 12.<\/p>\n<p>O Major Nicolau Terceiro, comandante do 11\u00b0 BPM, avaliou positiva a opera\u00e7\u00e3o, e disse que por ser o primeiro carnaval com as \u00e1guas do S\u00e3o Francisco, foi bastante movimentado, com v\u00e1rios eventos e empenho total do efetivo do batalh\u00e3o que conseguiu apesar das ocorr\u00eancias, um carnaval tranquilo e seguro.<\/p>\n<p>A Opera\u00e7\u00e3o \u201cCarnaval Seguro\u201d foi encerrada nesta quarta-feira, dia 14.<\/p>\n<p><strong>CARIRI EM A\u00c7\u00c3O<\/strong><\/p>\n<p>Com Vitrine do Cariri\\Foto: Reprodu\u00e7\u00e3o<\/p>\n<p><strong style=\"font-style: inherit;\">Leia mais not\u00edcias em\u00a0<\/strong><a style=\"font-style: inherit; font-weight: inherit;\" href=\"http:\/\/www.caririemacao.com\/\"><strong style=\"font-style: inherit;\">caririemacao.com<\/strong><\/a><strong style=\"font-style: inherit;\">, siga nossa p\u00e1gina no\u00a0<\/strong><a style=\"font-style: inherit; font-weight: inherit;\" href=\"https:\/\/www.facebook.com\/CaririEmAcao\/?ref=aymt_homepage_panel\"><strong style=\"font-style: inherit;\">Facebook<\/strong><\/a>,<strong style=\"font-style: inherit;\">\u00a0<\/strong><a style=\"font-style: inherit; font-weight: inherit;\" href=\"https:\/\/www.instagram.com\/cariri_em_acao\/?hl=pt-br\"><strong style=\"font-style: inherit;\">Instagram<\/strong><\/a><strong style=\"font-style: inherit;\">\u00a0e\u00a0<\/strong><a style=\"font-style: inherit; font-weight: inherit;\" href=\"https:\/\/www.youtube.com\/channel\/UCAptA0jQuYQy8vMhLt2m4qg\"><strong style=\"font-style: inherit;\">Youtube<\/strong><\/a><strong style=\"font-style: inherit;\">\u00a0e veja nossas mat\u00e9rias, v\u00eddeos e fotos. Voc\u00ea tamb\u00e9m pode enviar informa\u00e7\u00f5es \u00e0 Reda\u00e7\u00e3o do Portal Cariri em A\u00e7\u00e3o pelo WhatsApp (83) 9 9634.5791, (83) 9 9601-1162.<\/strong><\/p>\n","protected":false},"excerpt":{"rendered":"<p>O 11\u00b0 Batalh\u00e3o de Pol\u00edcia Militar de Monteiro divulgou um balan\u00e7o de ocorr\u00eancias policiais durante o per\u00edodo de carnaval na regi\u00e3o do Cariri paraibano. Mais&hellip; <\/p>\n","protected":false},"author":2,"featured_media":41095,"comment_status":"closed","ping_status":"closed","sticky":false,"template":"","format":"standard","meta":{"sfsi_plus_gutenberg_text_before_share":"","sfsi_plus_gutenberg_show_text_before_share":"","sfsi_plus_gutenberg_icon_type":"","sfsi_plus_gutenberg_icon_alignemt":"","sfsi_plus_gutenburg_max_per_row":"","footnotes":""},"categories":[12],"tags":[],"class_list":["post-41094","post","type-post","status-publish","format-standard","has-post-thumbnail","hentry","category-policia"],"_links":{"self":[{"href":"https:\/\/www.caririemacao.com\/1\/wp-json\/wp\/v2\/posts\/41094","targetHints":{"allow":["GET"]}}],"collection":[{"href":"https:\/\/www.caririemacao.com\/1\/wp-json\/wp\/v2\/posts"}],"about":[{"href":"https:\/\/www.caririemacao.com\/1\/wp-json\/wp\/v2\/types\/post"}],"author":[{"embeddable":true,"href":"https:\/\/www.caririemacao.com\/1\/wp-json\/wp\/v2\/users\/2"}],"replies":[{"embeddable":true,"href":"https:\/\/www.caririemacao.com\/1\/wp-json\/wp\/v2\/comments?post=41094"}],"version-history":[{"count":0,"href":"https:\/\/www.caririemacao.com\/1\/wp-json\/wp\/v2\/posts\/41094\/revisions"}],"wp:featuredmedia":[{"embeddable":true,"href":"https:\/\/www.caririemacao.com\/1\/wp-json\/wp\/v2\/media\/41095"}],"wp:attachment":[{"href":"https:\/\/www.caririemacao.com\/1\/wp-json\/wp\/v2\/media?parent=41094"}],"wp:term":[{"taxonomy":"category","embeddable":true,"href":"https:\/\/www.caririemacao.com\/1\/wp-json\/wp\/v2\/categories?post=41094"},{"taxonomy":"post_tag","embeddable":true,"href":"https:\/\/www.caririemacao.com\/1\/wp-json\/wp\/v2\/tags?post=41094"}],"curies":[{"name":"wp","href":"https:\/\/api.w.org\/{rel}","templated":true}]}}