{"id":41097,"date":"2018-02-16T11:56:42","date_gmt":"2018-02-16T14:56:42","guid":{"rendered":"http:\/\/caririemacao.com\/1\/?p=41097"},"modified":"2018-02-16T11:56:42","modified_gmt":"2018-02-16T14:56:42","slug":"horario-de-verao-termina-domingo-em-10-estados-e-no-df","status":"publish","type":"post","link":"https:\/\/www.caririemacao.com\/1\/2018\/02\/16\/horario-de-verao-termina-domingo-em-10-estados-e-no-df\/","title":{"rendered":"Hor\u00e1rio de ver\u00e3o termina domingo em 10 Estados e no DF"},"content":{"rendered":"<div class=\"content-section content\">\n<p>Em vigor desde outubro, o hor\u00e1rio de ver\u00e3o termina \u00e0 meia-noite do s\u00e1bado, 17, para o domingo, 18, no Distrito Federal e nos Estados do Sul (Paran\u00e1, Santa Catarina e Rio Grande do Sul), do Sudeste (Minas Gerais, Esp\u00edrito Santo, Rio de Janeiro e S\u00e3o Paulo) e do Centro-Oeste (Goi\u00e1s, Mato Grosso e Mato Grosso do Sul). \u00c0 0 hora do domingo, os moradores devem atrasar o rel\u00f3gio em uma hora.<\/p>\n<p>Com o fim do hor\u00e1rio de ver\u00e3o, o Nordeste do Pa\u00eds volta a ficar com o mesmo hor\u00e1rio de Bras\u00edlia. J\u00e1 o leste do Amazonas e os Estados de Roraima e Rond\u00f4nia ficam com uma hora a menos; enquanto o Acre e o oeste do Amazonas, duas horas atr\u00e1s.<br \/>\nCriado com a finalidade de economizar energia durante os meses mais quentes do ano, quando os dias s\u00e3o mais longos, a medida foi adotada no Brasil pela primeira vez em 1931.<\/p>\n<div class=\"teads-inread\">Um decreto do presidente Michel Temer (MDB) encurtou em duas semanas a dura\u00e7\u00e3o do pr\u00f3ximo hor\u00e1rio de ver\u00e3o para que as apura\u00e7\u00f5es do segundo turno das elei\u00e7\u00f5es, em 28 de outubro, n\u00e3o ocorram em hor\u00e1rios diferentes em Estados que n\u00e3o disp\u00f5em da medida.<\/div>\n<div class=\"kLsfF2cC\">\n<div id=\"admateria2\" data-google-query-id=\"CP_J_fnRqtkCFcchhwodbsYFnw\">\n<div id=\"google_ads_iframe_\/22452847\/ISTOE_Internas\/geral_13__container__\">\n<div>\n<div><span class=\"ctaText\">Leia Tamb\u00e9m:\u00a0<\/span>\u00a0\u00a0<span class=\"postTitle\">Nascem Marina e Helena, as g\u00eameas da cantora Ivete Sangalo, em Salvador<\/span><\/div>\n<\/div>\n<\/div>\n<\/div>\n<\/div>\n<p>Por isso, o pr\u00f3ximo hor\u00e1rio se ver\u00e3o se iniciar\u00e1 somente no primeiro domingo de novembro (dia 4), n\u00e3o mais no terceiro domingo de outubro (dia 21).<\/p>\n<p><strong>Transporte p\u00fablico<\/strong><\/p>\n<p>Em S\u00e3o Paulo, o fim do hor\u00e1rio de ver\u00e3o provocar\u00e1 mudan\u00e7as na rede de transporte p\u00fablico. A Companhia do Metropolitano de S\u00e3o Paulo (Metr\u00f4) estender\u00e1 por uma hora o funcionamento das esta\u00e7\u00f5es e do sistema.<\/p>\n<p>Assim, os passageiros poder\u00e3o embarcar at\u00e9 a 1 hora do hor\u00e1rio novo (2 horas do hor\u00e1rio de ver\u00e3o) nas Linhas 1-Azul, 2-Verde, 3-Vermelha e 4-Amarela. J\u00e1 nas Linhas 5-Lil\u00e1s e 15-Prata, as esta\u00e7\u00f5es permanecer\u00e3o abertas at\u00e9 a 0 hora do hor\u00e1rio novo (1 hora do hor\u00e1rio de ver\u00e3o).<\/p>\n<p>\u201cO n\u00famero de viagens ofertadas na rede tamb\u00e9m ser\u00e1 maior. Na Linha 1-Azul foram programadas 18 viagens adicionais. Na Linha 2-Verde haver\u00e1 acr\u00e9scimo de 22 partidas\u201d, afirmou, em nota, o Metr\u00f4. \u201cOs usu\u00e1rios da Linha 3-Vermelha tamb\u00e9m se beneficiar\u00e3o com a medida e contar\u00e3o com oferta de 21 viagens extras. Na Linha 5-Lil\u00e1s, a programa\u00e7\u00e3o prev\u00ea 16 viagens a mais. Por fim, na Linha 15-Prata a mudan\u00e7a acrescentar\u00e1 14 viagens aos usu\u00e1rios.\u201d<\/p>\n<p>A S\u00e3o Paulo Transporte (SPTrans), autarquia que administra os \u00f4nibus municipais de S\u00e3o Paulo, informou que as linhas regulares circular\u00e3o at\u00e9 a 0 hora do novo hor\u00e1rio (1 hora do hor\u00e1rio de Bras\u00edlia), quando come\u00e7a a opera\u00e7\u00e3o das linhas noturnas.<\/p>\n<p>Por sua vez, a Empresa Metropolitana de Transportes Urbanos de S\u00e3o Paulo (EMTU\/SP), respons\u00e1vel pelas linhas de \u00f4nibus intermunicipais nas regi\u00f5es metropolitanas do Estado, informou que os coletivos v\u00e3o operar por uma hora a mais, at\u00e9 a meia-noite do novo hor\u00e1rio (1 hora do antigo).<\/p>\n<p>\u201cA partir de domingo, as linhas cumprir\u00e3o a tabela hor\u00e1ria normalmente\u201d, disse a EMTU.<\/p>\n<p>A Companhia Paulista de Trem Metropolitanos (CPTM) prestar\u00e1 servi\u00e7o ao p\u00fablico por uma hora a mais. Dessa forma, os passageiros poder\u00e3o embarcar at\u00e9 a 1h de domingo, 18, do novo hor\u00e1rio (2h do hor\u00e1rio antigo). Vale lembrar que no domingo, todas as esta\u00e7\u00f5es reabrem para o p\u00fablico no hor\u00e1rio habitual, \u00e0s 4h.<\/p>\n<div><strong>CARIRI EM A\u00c7\u00c3O<\/strong><\/div>\n<div>\n<p><em style=\"font-weight: inherit;\">Com\u00a0Isto\u00e9\\Foto:Reprodu\u00e7\u00e3o Internet\u00a0\u00a0<\/em><\/p>\n<p><strong style=\"font-style: inherit;\">Leia mais not\u00edcias em\u00a0<\/strong><a style=\"font-style: inherit; font-weight: inherit;\" href=\"http:\/\/www.caririemacao.com\/\"><strong style=\"font-style: inherit;\">caririemacao.com<\/strong><\/a><strong style=\"font-style: inherit;\">, siga nossa p\u00e1gina no\u00a0<\/strong><a style=\"font-style: inherit; font-weight: inherit;\" href=\"https:\/\/www.facebook.com\/CaririEmAcao\/?ref=aymt_homepage_panel\"><strong style=\"font-style: inherit;\">Facebook<\/strong><\/a>,<strong style=\"font-style: inherit;\">\u00a0<\/strong><a style=\"font-style: inherit; font-weight: inherit;\" href=\"https:\/\/www.instagram.com\/cariri_em_acao\/?hl=pt-br\"><strong style=\"font-style: inherit;\">Instagram<\/strong><\/a><strong style=\"font-style: inherit;\">\u00a0e\u00a0<\/strong><a style=\"font-style: inherit; font-weight: inherit;\" href=\"https:\/\/www.youtube.com\/channel\/UCAptA0jQuYQy8vMhLt2m4qg\"><strong style=\"font-style: inherit;\">Youtube<\/strong><\/a><strong style=\"font-style: inherit;\">\u00a0e veja nossas mat\u00e9rias, v\u00eddeos e fotos. Voc\u00ea tamb\u00e9m pode enviar informa\u00e7\u00f5es \u00e0 Reda\u00e7\u00e3o do Portal Cariri em A\u00e7\u00e3o pelo WhatsApp (83) 9 9634.5791, (83) 9 9601-1162.<\/strong><\/p>\n<\/div>\n<\/div>\n","protected":false},"excerpt":{"rendered":"<p>Em vigor desde outubro, o hor\u00e1rio de ver\u00e3o termina \u00e0 meia-noite do s\u00e1bado, 17, para o domingo, 18, no Distrito Federal e nos Estados do&hellip; <\/p>\n","protected":false},"author":2,"featured_media":30099,"comment_status":"closed","ping_status":"closed","sticky":false,"template":"","format":"standard","meta":{"sfsi_plus_gutenberg_text_before_share":"","sfsi_plus_gutenberg_show_text_before_share":"","sfsi_plus_gutenberg_icon_type":"","sfsi_plus_gutenberg_icon_alignemt":"","sfsi_plus_gutenburg_max_per_row":"","footnotes":""},"categories":[2],"tags":[],"class_list":["post-41097","post","type-post","status-publish","format-standard","has-post-thumbnail","hentry","category-geral"],"_links":{"self":[{"href":"https:\/\/www.caririemacao.com\/1\/wp-json\/wp\/v2\/posts\/41097","targetHints":{"allow":["GET"]}}],"collection":[{"href":"https:\/\/www.caririemacao.com\/1\/wp-json\/wp\/v2\/posts"}],"about":[{"href":"https:\/\/www.caririemacao.com\/1\/wp-json\/wp\/v2\/types\/post"}],"author":[{"embeddable":true,"href":"https:\/\/www.caririemacao.com\/1\/wp-json\/wp\/v2\/users\/2"}],"replies":[{"embeddable":true,"href":"https:\/\/www.caririemacao.com\/1\/wp-json\/wp\/v2\/comments?post=41097"}],"version-history":[{"count":0,"href":"https:\/\/www.caririemacao.com\/1\/wp-json\/wp\/v2\/posts\/41097\/revisions"}],"wp:featuredmedia":[{"embeddable":true,"href":"https:\/\/www.caririemacao.com\/1\/wp-json\/wp\/v2\/media\/30099"}],"wp:attachment":[{"href":"https:\/\/www.caririemacao.com\/1\/wp-json\/wp\/v2\/media?parent=41097"}],"wp:term":[{"taxonomy":"category","embeddable":true,"href":"https:\/\/www.caririemacao.com\/1\/wp-json\/wp\/v2\/categories?post=41097"},{"taxonomy":"post_tag","embeddable":true,"href":"https:\/\/www.caririemacao.com\/1\/wp-json\/wp\/v2\/tags?post=41097"}],"curies":[{"name":"wp","href":"https:\/\/api.w.org\/{rel}","templated":true}]}}