{"id":41328,"date":"2018-02-18T07:50:37","date_gmt":"2018-02-18T10:50:37","guid":{"rendered":"http:\/\/caririemacao.com\/1\/?p=41328"},"modified":"2018-02-18T07:50:37","modified_gmt":"2018-02-18T10:50:37","slug":"ligia-versus-ricardo-quem-tem-mais-a-perder","status":"publish","type":"post","link":"https:\/\/www.caririemacao.com\/1\/2018\/02\/18\/ligia-versus-ricardo-quem-tem-mais-a-perder\/","title":{"rendered":"L\u00edgia versus Ricardo: quem tem mais a perder?"},"content":{"rendered":"<p>O governador Ricardo Coutinho atropelou os caciques da pol\u00edtica paraibana em dois \u00e9picos momentos. Derrotou Jos\u00e9 Maranh\u00e3o, em 2010, e o at\u00e9 ent\u00e3o invenc\u00edvel C\u00e1ssio Cunha Lima, em 2014. Mas, ironicamente, n\u00e3o sabe como desatar um n\u00f3 chamado L\u00edgia Feliciano, sua c\u00e2ndida vice-governadora.<\/p>\n<p>N\u00f3, ali\u00e1s, criado pelo pr\u00f3prio Governo ao estabelecer com ela uma rela\u00e7\u00e3o arisca, \u00e1rida e ap\u00e1tica.<\/p>\n<p>Ricardo, como se sabe na real, quer duas coisas do processo eleitoral de 2018: eleger um sucessor \u2018seu\u2019, que hoje atende pelo nome de Jo\u00e3o Azevedo, e garantir seu leg\u00edtimo espa\u00e7o pol\u00edtico no Senado, tribuna suficiente para manter seu prest\u00edgio e lideran\u00e7a em voga.<\/p>\n<p>A opera\u00e7\u00e3o inevitavelmente passa pela sua ren\u00fancia ao cargo, no prazo fatal, 7 de abril. Movimento que al\u00e7a a vice ao posto de governadora, o que Ricardo n\u00e3o cogita e nem quer ouvir falar, porque sabe perfeitamente da natureza das coisas. Quem assume o cargo pode pleitear o direito de apresentar seu nome no processo eleitoral.<\/p>\n<p>Esse cen\u00e1rio estabeleceu uma guerra fria entre os dois, e uma surda medi\u00e7\u00e3o de for\u00e7as.<\/p>\n<p>De um lado, Ricardo incensando o universo pol\u00edtico com sua suposta decis\u00e3o de ficar, como forma de manter o controle do poder, esvaziar perspectivas da vice e pression\u00e1-la a ceder ao direito de assumir e, consequentemente, lev\u00e1-la a tamb\u00e9m renunciar concomitantemente, limpando de vez o caminho para o Jardim Girassol.<\/p>\n<p>Do outro, L\u00edgia reagindo com ant\u00e1rtico comportamento, ratificando sua disposi\u00e7\u00e3o de cumprir o mandato at\u00e9 o fim (sem ren\u00fancia), e enterrando as sugest\u00f5es de uma tentadora supl\u00eancia de senadora do socialista, cuja elei\u00e7\u00e3o se apresenta como favas contadas.<\/p>\n<p>O que sobra a Ricardo? Pressionar e desidratar os projetos da fam\u00edlia Feliciano. Somado ao achatamento das perspectivas da vice, a artilharia mirada nas bases para amea\u00e7ar o mandato do deputado federal Dami\u00e3o Feliciano.<\/p>\n<p>Nessa queda de bra\u00e7o, as rodas pol\u00edticas perguntam o inevit\u00e1vel: quem tem mais a perder?<\/p>\n<p><strong>O peso da balan\u00e7a para L\u00edgia<\/strong><\/p>\n<p>Se n\u00e3o se render, al\u00e9m de n\u00e3o sentir o gostinho de morar na Granja Santana, a vice-governadora v\u00ea se esvair uma convidativa supl\u00eancia de um titular que pode se afastar, em caso de disputar e vencer em 2020, em Jo\u00e3o Pessoa, ou em 2022, na elei\u00e7\u00e3o para governador.<\/p>\n<p>E mais: o deputado Dami\u00e3o Feliciano (PDT) sentir\u00e1 o peso da caneta do Governo sobre seus aliados, lideran\u00e7as e prefeitos Para\u00edba afora, experimentar\u00e1 o emagrecimento de suas chances de reelei\u00e7\u00e3o e amargar\u00e1 o risco de uma derrota.<\/p>\n<p><strong>Na pr\u00e1tica\u2026<\/strong><\/p>\n<p>Ningu\u00e9m perde o que n\u00e3o tem. Para L\u00edgia, a vice-governadoria \u00e9 seu primeiro mandato. Assumir o Governo \u00e9 b\u00f4nus no caminho. Se n\u00e3o for governadora, sai perdendo uma aposentadoria vital\u00edcia. Nada demais para uma rica empres\u00e1ria.<\/p>\n<p>Dami\u00e3o Feliciano sempre renovou mandatos, com poucos prefeitos, e independente de governos. Se for formalmente perseguido pelo Estado, tem a alternativa de buscar reposi\u00e7\u00f5es em candidaturas da Oposi\u00e7\u00e3o. Quem n\u00e3o quer o apoio de uma vice-governadora e o tempo de propaganda eleitoral do PDT?<\/p>\n<p><strong>O peso da balan\u00e7a para Ricardo<\/strong><\/p>\n<p>Caso n\u00e3o evolua seu projeto de render a vice, o governador Ricardo Coutinho se ver\u00e1 obrigado a permanecer no Governo, que j\u00e1 entra em \u00f3bvio compasso de contagem regressiva. Ser\u00e1 no m\u00e1ximo, na elei\u00e7\u00e3o, um consider\u00e1vel cabo eleitoral, figura, portanto, coadjuvante no processo, em que pese o brilhantismo de sua lideran\u00e7a.<\/p>\n<p>Do contr\u00e1rio, optando aparecer mais do que o candidato, poder\u00e1 sufocar Jo\u00e3o Azevedo e conden\u00e1-lo ao papel de mera representa\u00e7\u00e3o, sem protagonismo e nem vida pr\u00f3pria no debate. Cena j\u00e1 vivida por Estela Bezerra e Cida Ramos.<\/p>\n<p>Coutinho at\u00e9 tira de L\u00edgia o sabor do poder, mas sacrifica uma elei\u00e7\u00e3o pavimentad\u00edssima e tribuna privilegiada de oito anos que lhe garantem, no m\u00ednimo, o comando das oposi\u00e7\u00f5es, em caso de insucesso do seu candidato preferencial.<\/p>\n<p><strong>Na pr\u00e1tica\u2026<\/strong><\/p>\n<p>No melhor dos desenhos, Ricardo Coutinho pode eleger seu sucessor e, de pijama, assisti-lo governar e ascender em faixa pr\u00f3pria por quatros anos at\u00e9 a sua volta. Ou por oitos anos acostumar-se ao figurino de convidado da Granja, tal qual se sucedeu com Lula e Dilma.<\/p>\n<p>E ainda curtir o prazer de, afora tolher oito meses de governo para L\u00edgia, suspirar ao testemunhar a cabe\u00e7a de Dami\u00e3o Feliciano decapitada e de fora da lista dos doze parlamentares eleitos \u00e0 C\u00e2mara Federal.<\/p>\n<p><strong>Ou\u2026<\/strong><\/p>\n<p>No quadro adverso, Ricardo pode engolir no seco o triunfo dos seus advers\u00e1rios nas urnas e conviver, sem mandato, sem tribuna, com um Jos\u00e9 Maranh\u00e3o de volta, ou Luciano Cartaxo ou Romero Rodrigues, por exemplo, virando novo l\u00edder (tal qual ele em 2011), despachando no Di\u00e1rio Oficial e recebendo ades\u00f5es dos gatos de Pal\u00e1cio.<\/p>\n<p>Quer mais? Na condi\u00e7\u00e3o inc\u00f4moda de expectador, ver o desafeto C\u00e1ssio Cunha Lima se mantendo em Bras\u00edlia e com prest\u00edgio nacional.<\/p>\n<p>Sem imunidade, aguentar os pouco amistosos Poderes (TJ, TCE e MP), revirando e exumando processos\u2026<\/p>\n<p>Poder ser pior do que isso? Pode. Manoel Junior governando Jo\u00e3o Pessoa, montado num gordo or\u00e7amento com apoio do virtual governador e aliado. Um outro advers\u00e1rio pilotando Campina Grande\u2026 E Dami\u00e3o Feliciano escapando do cerco, se reelegendo e ainda garantindo a L\u00edgia algum cargo na chapa advers\u00e1ria.<\/p>\n<p><strong>Resumo, nu e cru<\/strong><\/p>\n<p>Sendo a \u00fanica sa\u00edda a radicaliza\u00e7\u00e3o e fincada de p\u00e9 no cargo, Ricardo pode experimentar uma pouca esperada e monumental vit\u00f3ria\u2026 Mas de fazer inveja e sacudir Pirro no t\u00famulo.<\/p>\n<p>Em caso de derrota, nem precisa ser vidente para vislumbrar os estragos a curto, m\u00e9dio e longo prazos\u2026<\/p>\n<p>Olhando de todos os \u00e2ngulos, e por tudo o que ele representa atualmente na pol\u00edtica paraibana, o governador tem muito, muito mais a perder do que a estreante L\u00edgia Feliciano. Quem dos dois vai pagar pra ver?<\/p>\n<p><a href=\"http:\/\/caririemacao.com\/1\/wp-content\/uploads\/2018\/02\/damiaoligiaricardo.jpg\"><img fetchpriority=\"high\" decoding=\"async\" class=\"aligncenter size-full wp-image-41330\" src=\"http:\/\/caririemacao.com\/1\/wp-content\/uploads\/2018\/02\/damiaoligiaricardo.jpg\" alt=\"\" width=\"1024\" height=\"480\" srcset=\"https:\/\/www.caririemacao.com\/1\/wp-content\/uploads\/2018\/02\/damiaoligiaricardo.jpg 1024w, https:\/\/www.caririemacao.com\/1\/wp-content\/uploads\/2018\/02\/damiaoligiaricardo-300x141.jpg 300w, https:\/\/www.caririemacao.com\/1\/wp-content\/uploads\/2018\/02\/damiaoligiaricardo-768x360.jpg 768w\" sizes=\"(max-width: 1024px) 100vw, 1024px\" \/><\/a><\/p>\n<p><strong>CARIRI EM A\u00c7\u00c3O<\/strong><\/p>\n<div class=\"pf-content\">\n<p><em>Com Heron Cid\/Foto:\u00a0 Heron Cid<\/em><\/p>\n<p><strong>Leia mais not\u00edcias em\u00a0<\/strong><a href=\"http:\/\/www.caririemacao.com\/\"><strong>caririemacao.com<\/strong><\/a><strong>, siga nossa p\u00e1gina no\u00a0<\/strong><a href=\"https:\/\/www.facebook.com\/CaririEmAcao\/?ref=aymt_homepage_panel\"><strong>Facebook<\/strong><\/a>,<strong>\u00a0<\/strong><a href=\"https:\/\/www.instagram.com\/cariri_em_acao\/?hl=pt-br\"><strong>Instagram<\/strong><\/a><strong>\u00a0e\u00a0<\/strong><a href=\"https:\/\/www.youtube.com\/channel\/UCAptA0jQuYQy8vMhLt2m4qg\"><strong>Youtube<\/strong><\/a><strong>\u00a0e veja nossas mat\u00e9rias, v\u00eddeos e fotos. Voc\u00ea tamb\u00e9m pode enviar informa\u00e7\u00f5es \u00e0 Reda\u00e7\u00e3o do Portal Cariri em A\u00e7\u00e3o pelo WhatsApp (83) 9 9634.5791, (83) 9 9601-1162.<\/strong><\/p>\n<\/div>\n","protected":false},"excerpt":{"rendered":"<p>O governador Ricardo Coutinho atropelou os caciques da pol\u00edtica paraibana em dois \u00e9picos momentos. Derrotou Jos\u00e9 Maranh\u00e3o, em 2010, e o at\u00e9 ent\u00e3o invenc\u00edvel C\u00e1ssio&hellip; <\/p>\n","protected":false},"author":2,"featured_media":41329,"comment_status":"closed","ping_status":"closed","sticky":false,"template":"","format":"standard","meta":{"sfsi_plus_gutenberg_text_before_share":"","sfsi_plus_gutenberg_show_text_before_share":"","sfsi_plus_gutenberg_icon_type":"","sfsi_plus_gutenberg_icon_alignemt":"","sfsi_plus_gutenburg_max_per_row":"","footnotes":""},"categories":[1],"tags":[],"class_list":["post-41328","post","type-post","status-publish","format-standard","has-post-thumbnail","hentry","category-o-site"],"_links":{"self":[{"href":"https:\/\/www.caririemacao.com\/1\/wp-json\/wp\/v2\/posts\/41328","targetHints":{"allow":["GET"]}}],"collection":[{"href":"https:\/\/www.caririemacao.com\/1\/wp-json\/wp\/v2\/posts"}],"about":[{"href":"https:\/\/www.caririemacao.com\/1\/wp-json\/wp\/v2\/types\/post"}],"author":[{"embeddable":true,"href":"https:\/\/www.caririemacao.com\/1\/wp-json\/wp\/v2\/users\/2"}],"replies":[{"embeddable":true,"href":"https:\/\/www.caririemacao.com\/1\/wp-json\/wp\/v2\/comments?post=41328"}],"version-history":[{"count":0,"href":"https:\/\/www.caririemacao.com\/1\/wp-json\/wp\/v2\/posts\/41328\/revisions"}],"wp:featuredmedia":[{"embeddable":true,"href":"https:\/\/www.caririemacao.com\/1\/wp-json\/wp\/v2\/media\/41329"}],"wp:attachment":[{"href":"https:\/\/www.caririemacao.com\/1\/wp-json\/wp\/v2\/media?parent=41328"}],"wp:term":[{"taxonomy":"category","embeddable":true,"href":"https:\/\/www.caririemacao.com\/1\/wp-json\/wp\/v2\/categories?post=41328"},{"taxonomy":"post_tag","embeddable":true,"href":"https:\/\/www.caririemacao.com\/1\/wp-json\/wp\/v2\/tags?post=41328"}],"curies":[{"name":"wp","href":"https:\/\/api.w.org\/{rel}","templated":true}]}}