{"id":41332,"date":"2018-02-18T07:52:49","date_gmt":"2018-02-18T10:52:49","guid":{"rendered":"http:\/\/caririemacao.com\/1\/?p=41332"},"modified":"2018-02-18T07:52:49","modified_gmt":"2018-02-18T10:52:49","slug":"horario-de-verao-termina-neste-domingo-bancos-voltam-ao-normal-na-pb-2","status":"publish","type":"post","link":"https:\/\/www.caririemacao.com\/1\/2018\/02\/18\/horario-de-verao-termina-neste-domingo-bancos-voltam-ao-normal-na-pb-2\/","title":{"rendered":"Hor\u00e1rio de ver\u00e3o termina neste domingo; bancos voltam ao normal na PB"},"content":{"rendered":"<p>O hor\u00e1rio de ver\u00e3o acaba \u00e0 0h deste domingo (18), quando os rel\u00f3gios dever\u00e3o ser atrasados em uma hora nas regi\u00f5es Sul, Sudeste e Centro-Oeste. Na Para\u00edba, os bancos voltam a abrir \u00e0s 10h e fechar \u00e0s 16h a partir da segunda-feira (19).<\/p>\n<p><strong>TV Correio<br \/>\n<\/strong><\/p>\n<div>\n<p>\u201cA TV Correio, juntamente com a Record TV, organiza a grade de forma que o hor\u00e1rio de ver\u00e3o promova o m\u00ednimo de mudan\u00e7as na programa\u00e7\u00e3o local. Isso j\u00e1 acontece h\u00e1 alguns anos. De segunda a s\u00e1bado nossos programas n\u00e3o sofrer\u00e3o mudan\u00e7as. Elas acontecem somente nos programas dominicais, o \u2018Cantos e Contos\u2019 e o \u2018Correio Cidades\u2019. Neste domingo (18), os programas voltam aos hor\u00e1rios que tinham em outubro, sendo \u00e0s 8h e \u00e0s 10h30, respectivamente\u201d, explicou Webster Alves, gerente de programa\u00e7\u00e3o da TV Correio.<\/p>\n<\/div>\n<div>\n<p>Ainda no domingo (18), uma outra grande novidade surge na programa\u00e7\u00e3o da Record TV. O programa \u2018Show de Humor\u2019 vai ser estreado. A atra\u00e7\u00e3o tem v\u00e1rios quadros com enquetes e v\u00eddeos da internet, e vai ao ar a partir das 11h.<\/p>\n<\/div>\n<p><strong>Voos<br \/>\n<\/strong><\/p>\n<p>Quem tem viagem marcada para este fim de semana deve ficar atento aos hor\u00e1rios de embarque. Para evitar transtornos, a Infraero recomenda aos passageiros e usu\u00e1rios que procurem informa\u00e7\u00f5es junto \u00e0s companhias a\u00e9reas, balc\u00f5es\u00a0de\u00a0informa\u00e7\u00f5es nos terminais ou ainda com os empregados da empresa nos terminais vestidos com coletes amarelos \u2018Posso Ajudar?\u2019.<\/p>\n<p><strong>Balan\u00e7o<\/strong><\/p>\n<p>Segundo balan\u00e7o do Operador Nacional do Sistema El\u00e9trico (ONS), com essa provid\u00eancia, em 2013, o Brasil economizou R$ 405 milh\u00f5es, ou 2.565 megawatts (MW). No ano seguinte, a economia baixou para R$ 278 milh\u00f5es (2.035 MW) e, em 2015 caiu ainda mais, para R$ 162 milh\u00f5es. Em 2016, o valor sofreu nova queda, para R$147,5 milh\u00f5es.<\/p>\n<p>Essa menor influ\u00eancia do hor\u00e1rio de ver\u00e3o pode ser explicada pelo fato de que parcelas significativas das zonas sujeitas \u00e0 medida t\u00eam intensificado o uso de equipamentos como ar-condicionado, como forma de aplacar o calor, elevando a demanda de energia el\u00e9trica. Ainda que j\u00e1 dispensem as l\u00e2mpadas incandescentes, substituindo-as por modelos mais econ\u00f4micos.<\/p>\n<p>No fim do ano passado, o governo federal sinalizou para a possibilidade de abolir o hor\u00e1rio de ver\u00e3o, por n\u00e3o haver consenso quanto \u00e0 rela\u00e7\u00e3o com a economia de energia el\u00e9trica. Apesar disso, acabou apenas abreviando o per\u00edodo 2018\/2019 em duas semanas, a pedido do Tribunal Superior Eleitoral (TSE), para facilitar a apura\u00e7\u00e3o dos votos das elei\u00e7\u00f5es, pois o ent\u00e3o presidente do \u00f3rg\u00e3o, ministro Gilmar Mendes, argumentou que essa altera\u00e7\u00e3o facilitaria, entre os estados com fusos hor\u00e1rios diferentes, o alinhamento de ritmo na apura\u00e7\u00e3o dos votos das elei\u00e7\u00f5es. Com isso, o hor\u00e1rio de ver\u00e3o de 2018 passar\u00e1 a ser adotado no primeiro domingo de novembro.<\/p>\n<p>\u201cA avalia\u00e7\u00e3o dos atuais impactos na redu\u00e7\u00e3o do consumo e da demanda de energia el\u00e9trica, contida nos estudos realizados neste ano de 2017 pelo Operador Nacional do Sistema (ONS) em conjunto com o Minist\u00e9rio de Minas e Energia, mostra que a ado\u00e7\u00e3o do hor\u00e1rio de ver\u00e3o traz atualmente resultados pr\u00f3ximos da neutralidade para o sistema el\u00e9trico\u201d, avaliou a pasta em nota divulgada em outubro do ano passado.<\/p>\n<p><strong>Vig\u00eancia<\/strong><\/p>\n<p>O hor\u00e1rio de ver\u00e3o \u00e9 adotado no Brasil desde 1931. A mudan\u00e7a come\u00e7a sempre no terceiro domingo do m\u00eas de outubro e termina no terceiro domingo de fevereiro do ano seguinte. A exce\u00e7\u00e3o \u00e9 quando o terceiro domingo de fevereiro coincide com o domingo de carnaval \u2013 neste caso, o hor\u00e1rio de ver\u00e3o se encerra no domingo seguinte.<\/p>\n<p>A medida s\u00f3 \u00e9 aplicada nas regi\u00f5es Sul, Sudeste e Centro-Oeste, porque nesses estados o consumo de energia \u00e9 maior e \u00e9 onde os melhores resultados s\u00e3o alcan\u00e7ados. Segundo o Minist\u00e9rio de Minas e Energia, a aplica\u00e7\u00e3o no Norte e no Nordeste teria poucos benef\u00edcios em termos de economia de energia, por causa da proximidade da Linha do Equador, o que faz com que a dura\u00e7\u00e3o dos dias nessas regi\u00f5es n\u00e3o tenha mudan\u00e7as significativas ao longo do ano.<\/p>\n<p>Outros pa\u00edses tamb\u00e9m fazem mudan\u00e7as no hor\u00e1rio convencional para aproveitar a luminosidade do ver\u00e3o, especialmente aqueles com maior gera\u00e7\u00e3o termel\u00e9trica. Nos Estados Unidos, por exemplo, \u00e9 adotado o Daylight Saving Time, geralmente entre mar\u00e7o e novembro.<\/p>\n<p><strong>CARIRI EM A\u00c7\u00c3O<\/strong><\/p>\n<div class=\"pf-content\">\n<p><em>Com Portal Correio\/Foto: Reprodu\u00e7\u00e3o google<\/em><\/p>\n<p><strong>Leia mais not\u00edcias em\u00a0<\/strong><a href=\"http:\/\/www.caririemacao.com\/\"><strong>caririemacao.com<\/strong><\/a><strong>, siga nossa p\u00e1gina no\u00a0<\/strong><a href=\"https:\/\/www.facebook.com\/CaririEmAcao\/?ref=aymt_homepage_panel\"><strong>Facebook<\/strong><\/a>,<strong>\u00a0<\/strong><a href=\"https:\/\/www.instagram.com\/cariri_em_acao\/?hl=pt-br\"><strong>Instagram<\/strong><\/a><strong>\u00a0e\u00a0<\/strong><a href=\"https:\/\/www.youtube.com\/channel\/UCAptA0jQuYQy8vMhLt2m4qg\"><strong>Youtube<\/strong><\/a><strong>\u00a0e veja nossas mat\u00e9rias, v\u00eddeos e fotos. Voc\u00ea tamb\u00e9m pode enviar informa\u00e7\u00f5es \u00e0 Reda\u00e7\u00e3o do Portal Cariri em A\u00e7\u00e3o pelo WhatsApp (83) 9 9634.5791, (83) 9 9601-1162.<\/strong><\/p>\n<\/div>\n","protected":false},"excerpt":{"rendered":"<p>O hor\u00e1rio de ver\u00e3o acaba \u00e0 0h deste domingo (18), quando os rel\u00f3gios dever\u00e3o ser atrasados em uma hora nas regi\u00f5es Sul, Sudeste e Centro-Oeste.&hellip; <\/p>\n","protected":false},"author":2,"featured_media":30099,"comment_status":"closed","ping_status":"closed","sticky":false,"template":"","format":"standard","meta":{"sfsi_plus_gutenberg_text_before_share":"","sfsi_plus_gutenberg_show_text_before_share":"","sfsi_plus_gutenberg_icon_type":"","sfsi_plus_gutenberg_icon_alignemt":"","sfsi_plus_gutenburg_max_per_row":"","footnotes":""},"categories":[2],"tags":[],"class_list":["post-41332","post","type-post","status-publish","format-standard","has-post-thumbnail","hentry","category-geral"],"_links":{"self":[{"href":"https:\/\/www.caririemacao.com\/1\/wp-json\/wp\/v2\/posts\/41332","targetHints":{"allow":["GET"]}}],"collection":[{"href":"https:\/\/www.caririemacao.com\/1\/wp-json\/wp\/v2\/posts"}],"about":[{"href":"https:\/\/www.caririemacao.com\/1\/wp-json\/wp\/v2\/types\/post"}],"author":[{"embeddable":true,"href":"https:\/\/www.caririemacao.com\/1\/wp-json\/wp\/v2\/users\/2"}],"replies":[{"embeddable":true,"href":"https:\/\/www.caririemacao.com\/1\/wp-json\/wp\/v2\/comments?post=41332"}],"version-history":[{"count":0,"href":"https:\/\/www.caririemacao.com\/1\/wp-json\/wp\/v2\/posts\/41332\/revisions"}],"wp:featuredmedia":[{"embeddable":true,"href":"https:\/\/www.caririemacao.com\/1\/wp-json\/wp\/v2\/media\/30099"}],"wp:attachment":[{"href":"https:\/\/www.caririemacao.com\/1\/wp-json\/wp\/v2\/media?parent=41332"}],"wp:term":[{"taxonomy":"category","embeddable":true,"href":"https:\/\/www.caririemacao.com\/1\/wp-json\/wp\/v2\/categories?post=41332"},{"taxonomy":"post_tag","embeddable":true,"href":"https:\/\/www.caririemacao.com\/1\/wp-json\/wp\/v2\/tags?post=41332"}],"curies":[{"name":"wp","href":"https:\/\/api.w.org\/{rel}","templated":true}]}}