{"id":41334,"date":"2018-02-18T08:03:27","date_gmt":"2018-02-18T11:03:27","guid":{"rendered":"http:\/\/caririemacao.com\/1\/?p=41334"},"modified":"2018-02-18T08:03:27","modified_gmt":"2018-02-18T11:03:27","slug":"petistas-discutem-estrategias-em-caso-de-prisao-de-lula","status":"publish","type":"post","link":"https:\/\/www.caririemacao.com\/1\/2018\/02\/18\/petistas-discutem-estrategias-em-caso-de-prisao-de-lula\/","title":{"rendered":"Petistas discutem estrat\u00e9gias em caso de pris\u00e3o de Lula"},"content":{"rendered":"<p>Enquanto torcem para que o Supremo Tribunal Federal (STF) conceda um habeas corpus em favor de Luiz In\u00e1cio Lula da Silva, petistas pr\u00f3ximos ao ex-presidente discutem o que fazer caso o l\u00edder m\u00e1ximo do partido v\u00e1 para a pris\u00e3o. Os petistas calculam que, se consumada, a pris\u00e3o de Lula deve ocorrer em mar\u00e7o.<\/p>\n<p>O debate ainda n\u00e3o foi colocado formalmente para delibera\u00e7\u00e3o das inst\u00e2ncias partid\u00e1rias, mas um grupo restrito formado por dirigentes, parlamentares, ex-ministros e l\u00edderes de movimentos sociais tem conversado sobre quais a\u00e7\u00f5es podem ser postas em pr\u00e1tica enquanto Lula estiver na pris\u00e3o.<\/p>\n<p>As discuss\u00f5es v\u00e3o desde a estrat\u00e9gia eleitoral em caso de impedimento de Lula at\u00e9 mobiliza\u00e7\u00f5es de rua, campanhas na internet e o comportamento do pr\u00f3prio ex-presidente na cadeia. Segundo um petista pr\u00f3ximo de Lula, o ex-presidente n\u00e3o vai reconhecer \u201cmoralmente\u201d a condena\u00e7\u00e3o a 12 anos e 1 m\u00eas de pris\u00e3o imposta pelo Tribunal Regional Federal da 4.\u00aa Regi\u00e3o (TRF-4), n\u00e3o deve ser um preso d\u00f3cil e \u201cvai dar trabalho\u201d.<\/p>\n<p>Alguns petistas chegam a falar em greve de fome, mas auxiliares mais pr\u00f3ximos do ex-presidente garantem que Lula nunca cogitou a ideia. Ele ficou seis dias sem comer quando foi preso em 1980, durante a ditadura militar, por liderar uma paralisa\u00e7\u00e3o de 41 dias dos metal\u00fargicos do ABC. Mas em 2005, quando era presidente, Lula criticou essa forma de protesto quando o bispo Luiz Fl\u00e1vio Cappio fez uma greve de fome contra a transposi\u00e7\u00e3o do Rio S\u00e3o Francisco. \u201cGreve de fome \u00e9 judiar do pr\u00f3prio corpo\u201d, disse Lula, \u00e0 \u00e9poca.<\/p>\n<p>Algumas iniciativas t\u00eam sido tomadas \u00e0 revelia do ex-presidente. No dia 1.\u00ba de fevereiro a Frente Brasil Popular (FBP), formada por cerca de 200 movimentos sociais ligados ao PT e ao PCdoB, aprovou proposta do Movimento dos Sem Terra (MST) para a realiza\u00e7\u00e3o de um acampamento na frente da casa do petista, em S\u00e3o Bernardo, a partir de amanh\u00e3. O objetivo seria constranger a Pol\u00edcia Federal ou at\u00e9, no limite, impedir o cumprimento de um eventual mandado de pris\u00e3o. Lula n\u00e3o foi consultado e integrantes da dire\u00e7\u00e3o da Frente acham pouco prov\u00e1vel que a proposta seja colocada em pr\u00e1tica.<\/p>\n<p>Alguns dirigentes petistas sugeriram a realiza\u00e7\u00e3o de uma vig\u00edlia na frente da pris\u00e3o em Curitiba para onde o ex-presidente pode ser levado. Um grupo de parlamentares do partido prop\u00f5e organizar caravanas di\u00e1rias para visitar Lula e, assim, propagar as mensagens do petista para fora da cadeia e manter seu nome em evid\u00eancia. Ainda n\u00e3o h\u00e1 decis\u00e3o se, em caso de pris\u00e3o, ele vai se entregar ou esperar a chegada da PF em casa. Os petistas acham dif\u00edcil a manuten\u00e7\u00e3o de grandes mobiliza\u00e7\u00f5es populares.<\/p>\n<p>Segundo auxiliares e pessoas que estiveram com Lula nos \u00faltimos dias, ele est\u00e1 tranquilo e mant\u00e9m o bom humor. O ex-presidente encara a possibilidade de ser preso como um ato pol\u00edtico que tem como objetivo tentar tir\u00e1-lo da disputa presidencial. Ele tem dito que em tr\u00eas anos de investiga\u00e7\u00f5es, os respons\u00e1veis pela Lava Jato n\u00e3o conseguiram desmoraliz\u00e1-lo perante o eleitorado e seus aliados pol\u00edticos.<\/p>\n<p>Assessores de Lula comparam a situa\u00e7\u00e3o com a do senador A\u00e9cio Neves (PSDB-MG), flagrado em conversa na qual pede dinheiro ao empres\u00e1rio Joesley Batista, da JBS, e marginalizado por muitos de seus pr\u00f3prios companheiros de partido.<\/p>\n<p>\u201cLula n\u00e3o \u00e9 o Geddel (Vieira Lima) nem o (deputado) Jo\u00e3o Rodrigues (PSD-SC, preso no dia 8 deste m\u00eas)\u201d, afirmou o deputado Carlos Zarattini (PT-SP). \u201cEstamos vivendo uma situa\u00e7\u00e3o em que de um lado o prest\u00edgio de Lula e do PT aumentam sensivelmente e do doutro a persegui\u00e7\u00e3o judicial n\u00e3o cessa\u201d, completou.<\/p>\n<p>Enquanto isso, os petistas se mobilizam para tentar convencer o plen\u00e1rio do STF a aceitar o habeas corpus de Lula. O ex-ministro do Supremo Sep\u00falveda Pertence, rec\u00e9m incorporado \u00e0 defesa do petista, tem circulado pelos gabinetes da Corte. O p\u00e9riplo come\u00e7ou no mesmo dia (6 de fevereiro) em que sua inclus\u00e3o foi anunciada, quando houve a posse do ministro Luiz Fux na presid\u00eancia do Tribunal Superior Eleitoral (TSE).<\/p>\n<p>O ex-ministro da Secretaria-Geral da Presid\u00eancia Gilberto Carvalho, o advogado e ex-deputado Sigmaringa Seixas, o deputado Vicente C\u00e2ndido (PT-SP) e o ex-presidente da C\u00e2mara Jo\u00e3o Paulo Cunha tamb\u00e9m foram escalados.<\/p>\n<p><strong>Otimismo.\u00a0<\/strong>Depois da entrada de Pertence na equipe de defesa, o clima de pessimismo foi substitu\u00eddo por um otimismo controlado. \u201cApesar de todos sinais contr\u00e1rios, ainda tenho esperan\u00e7a de que vai se fazer justi\u00e7a nas Cortes superiores. N\u00e3o aceito a normaliza\u00e7\u00e3o da pris\u00e3o do Lula\u201d, disse o deputado Wadih Damous (PT-RJ).<\/p>\n<p><strong>CARIRI EM A\u00c7\u00c3O<\/strong><\/p>\n<div class=\"pf-content\">\n<p><em>Com Estad\u00e3o\/Foto: Reprodu\u00e7\u00e3o google<\/em><\/p>\n<p><strong>Leia mais not\u00edcias em\u00a0<\/strong><a href=\"http:\/\/www.caririemacao.com\/\"><strong>caririemacao.com<\/strong><\/a><strong>, siga nossa p\u00e1gina no\u00a0<\/strong><a href=\"https:\/\/www.facebook.com\/CaririEmAcao\/?ref=aymt_homepage_panel\"><strong>Facebook<\/strong><\/a>,<strong>\u00a0<\/strong><a href=\"https:\/\/www.instagram.com\/cariri_em_acao\/?hl=pt-br\"><strong>Instagram<\/strong><\/a><strong>\u00a0e\u00a0<\/strong><a href=\"https:\/\/www.youtube.com\/channel\/UCAptA0jQuYQy8vMhLt2m4qg\"><strong>Youtube<\/strong><\/a><strong>\u00a0e veja nossas mat\u00e9rias, v\u00eddeos e fotos. Voc\u00ea tamb\u00e9m pode enviar informa\u00e7\u00f5es \u00e0 Reda\u00e7\u00e3o do Portal Cariri em A\u00e7\u00e3o pelo WhatsApp (83) 9 9634.5791, (83) 9 9601-1162.<\/strong><\/p>\n<\/div>\n","protected":false},"excerpt":{"rendered":"<p>Enquanto torcem para que o Supremo Tribunal Federal (STF) conceda um habeas corpus em favor de Luiz In\u00e1cio Lula da Silva, petistas pr\u00f3ximos ao ex-presidente&hellip; <\/p>\n","protected":false},"author":2,"featured_media":18647,"comment_status":"closed","ping_status":"closed","sticky":false,"template":"","format":"standard","meta":{"sfsi_plus_gutenberg_text_before_share":"","sfsi_plus_gutenberg_show_text_before_share":"","sfsi_plus_gutenberg_icon_type":"","sfsi_plus_gutenberg_icon_alignemt":"","sfsi_plus_gutenburg_max_per_row":"","footnotes":""},"categories":[11],"tags":[],"class_list":["post-41334","post","type-post","status-publish","format-standard","has-post-thumbnail","hentry","category-politica"],"_links":{"self":[{"href":"https:\/\/www.caririemacao.com\/1\/wp-json\/wp\/v2\/posts\/41334","targetHints":{"allow":["GET"]}}],"collection":[{"href":"https:\/\/www.caririemacao.com\/1\/wp-json\/wp\/v2\/posts"}],"about":[{"href":"https:\/\/www.caririemacao.com\/1\/wp-json\/wp\/v2\/types\/post"}],"author":[{"embeddable":true,"href":"https:\/\/www.caririemacao.com\/1\/wp-json\/wp\/v2\/users\/2"}],"replies":[{"embeddable":true,"href":"https:\/\/www.caririemacao.com\/1\/wp-json\/wp\/v2\/comments?post=41334"}],"version-history":[{"count":0,"href":"https:\/\/www.caririemacao.com\/1\/wp-json\/wp\/v2\/posts\/41334\/revisions"}],"wp:featuredmedia":[{"embeddable":true,"href":"https:\/\/www.caririemacao.com\/1\/wp-json\/wp\/v2\/media\/18647"}],"wp:attachment":[{"href":"https:\/\/www.caririemacao.com\/1\/wp-json\/wp\/v2\/media?parent=41334"}],"wp:term":[{"taxonomy":"category","embeddable":true,"href":"https:\/\/www.caririemacao.com\/1\/wp-json\/wp\/v2\/categories?post=41334"},{"taxonomy":"post_tag","embeddable":true,"href":"https:\/\/www.caririemacao.com\/1\/wp-json\/wp\/v2\/tags?post=41334"}],"curies":[{"name":"wp","href":"https:\/\/api.w.org\/{rel}","templated":true}]}}