{"id":41336,"date":"2018-02-18T08:08:44","date_gmt":"2018-02-18T11:08:44","guid":{"rendered":"http:\/\/caririemacao.com\/1\/?p=41336"},"modified":"2018-02-18T08:08:44","modified_gmt":"2018-02-18T11:08:44","slug":"calendario-de-vacinacao-infantil-saiba-como-imunizar-o-seu-filho","status":"publish","type":"post","link":"https:\/\/www.caririemacao.com\/1\/2018\/02\/18\/calendario-de-vacinacao-infantil-saiba-como-imunizar-o-seu-filho\/","title":{"rendered":"Calend\u00e1rio de vacina\u00e7\u00e3o infantil: saiba como imunizar o seu filho"},"content":{"rendered":"<p><strong>Protege contra:<\/strong>\u00a0as formas graves da tuberculose, como a meningite tuberculosa e a tuberculose miliar, entre outras. Pode oferecer alguma prote\u00e7\u00e3o contra a tuberculose pulmonar, mas sem grande efic\u00e1cia. As doen\u00e7as t\u00eam em comum serem causadas pela infec\u00e7\u00e3o pelo bacilo de Koch (<em>Mycobacterium tuberculosis<\/em>).<\/p>\n<p><strong>O que \u00e9:<\/strong>\u00a0a\u00a0meningite tuberculosa \u00e9 a infec\u00e7\u00e3o das meninges, membranas que envolvem o c\u00e9rebro, causada pelo bacilo de Koch. Os primeiros sinais da doen\u00e7a s\u00e3o febre, sonol\u00eancia, v\u00f4mitos, apatia, altera\u00e7\u00f5es de humor e dores abdominais. O problema pode progredir e causar les\u00f5es nos nervos cranianos, tremores, rigidez da nuca, convuls\u00f5es, perturba\u00e7\u00f5es da consci\u00eancia, dist\u00farbios da fala e card\u00edacos. A evolu\u00e7\u00e3o dos sintomas pode ser contida com diagn\u00f3stico e tratamento corretos na fase inicial.<\/p>\n<p>A tuberculose miliar se instala quando o bacilo de Koch atinge a corrente sangu\u00ednea, afetando v\u00e1rios \u00f3rg\u00e3os, principalmente, pulm\u00f5es, f\u00edgado, ba\u00e7o e g\u00e2nglios linf\u00e1ticos. Os sintomas s\u00e3o febre no in\u00edcio da noite, emagrecimento, fraqueza, arrepios, mal-estar e dificuldade respirat\u00f3ria.<\/p>\n<p><strong>Rea\u00e7\u00f5es da vacina:<\/strong>\u00a0duas a quatro semanas ap\u00f3s a aplica\u00e7\u00e3o podem ocorrer febre baixa e alguma irritabilidade. Em 95% dos vacinados, forma-se um pequeno caro\u00e7o avermelhado, que nas semanas seguintes evolui para um n\u00f3dulo endurecido, com forma\u00e7\u00e3o de les\u00f5es inflamadas. A m\u00e3e n\u00e3o deve cobrir a les\u00e3o ou colocar qualquer tipo de medicamento. Naturalmente, vai se formar uma pequena cicatriz de cerca de 4 a 8 mm.<\/p>\n<p><strong>A BCG pegou?:<\/strong>\u00a0Est\u00e1 a\u00ed uma d\u00favida comum dos pais. Para saber se pegou, \u00e9 f\u00e1cil: basta observar o local da vacina\u00e7\u00e3o. Se ali se formou uma cicatriz, a vacina pegou, sim. Caso a cicatriz n\u00e3o se forme, \u00e9 sinal de que a vacina n\u00e3o pegou e a primeira dose \u00e9 considerada inv\u00e1lida. Ent\u00e3o, deve-se fazer a segunda dose aos seis meses e observar o resultado.<\/p>\n<p><strong>Forma de aplica\u00e7\u00e3o:<\/strong>\u00a0injet\u00e1vel<\/p>\n<p><strong>Esquema de imuniza\u00e7\u00e3o:<\/strong>\u00a0dose \u00fanica (ao nascer) \u2013 apenas em rec\u00e9m-nascidos com mais de dois quilos.<\/p>\n<p><strong>Onde tomar:<\/strong>\u00a0na maternidade logo ao nascer, nos postos de sa\u00fade do sistema p\u00fablico ou em cl\u00ednicas privadas habilitadas. N\u00e3o h\u00e1 diferen\u00e7a de efic\u00e1cia nem de poss\u00edveis rea\u00e7\u00f5es entre as vacinas oferecidas pela rede p\u00fablica e pelas cl\u00ednicas privadas.<\/p>\n<h3>Hepatite B<\/h3>\n<p><strong>Protege contra:<\/strong>\u00a0a\u00a0vacina \u00e9 eficaz na prote\u00e7\u00e3o contra a hepatite do tipo B.<\/p>\n<p><strong>O que \u00e9 a doen\u00e7a:<\/strong>\u00a0uma infec\u00e7\u00e3o viral que provoca uma inflama\u00e7\u00e3o no f\u00edgado. Pode se manifestar em v\u00e1rios graus de intensidade podendo, em alguns casos, evoluir para a cirrose ou c\u00e2ncer no f\u00edgado. Os sintomas mais comuns s\u00e3o febre, mal-estar, fadiga, n\u00e1useas e perda de apetite, mas a crian\u00e7a tamb\u00e9m pode ter urtic\u00e1ria e dor nas articula\u00e7\u00f5es.<\/p>\n<p><strong>Rea\u00e7\u00f5es da vacina:<\/strong>\u00a0dor local, irritabilidade e, raramente, febre. Se ocorrerem essas rea\u00e7\u00f5es, recomenda-se apenas dar para a crian\u00e7a um analg\u00e9sico, como paracetamol.<\/p>\n<p><strong>Importante:<\/strong>\u00a0embora as formas mais conhecidas de transmiss\u00e3o sejam a via sexual, a transfus\u00e3o de sangue, o compartilhamento de seringas e agulhas e o contato com instrumentos odontol\u00f3gicos ou de manicure contaminados, a hepatite tamb\u00e9m pode ser transmitida pela m\u00e3e durante o parto. Se a crian\u00e7a for imunizada entre 12 e 24 horas ap\u00f3s o nascimento, por\u00e9m, os riscos de cont\u00e1gio s\u00e3o m\u00ednimos.<\/p>\n<p><strong>Forma de aplica\u00e7\u00e3o:<\/strong>\u00a0injet\u00e1vel<\/p>\n<p><strong>Esquema de imuniza\u00e7\u00e3o:\u00a0<\/strong>ao nascer e doses posteriores aos 2, 4 e 6 meses de vida, com a vacina combinada DTP\/Hib\/HB (denominada pelo Minist\u00e9rio da Sa\u00fade de Penta\/DTP).\u00a0Aqueles que forem vacinados em cl\u00ednicas privadas podem manter o esquema de tre\u0302s doses: ao nascer e aos 2 e 6 meses de idade. Nestes dois \u00faltimos casos, na forma da vacina hexavalente (ou s\u00eaxtupla acelular), que al\u00e9m da Hepatite B, protege contra\u00a0difteria, t\u00e9tano, coqueluche, meningite provocada pela bact\u00e9ria\u00a0<em>Haemophilus influenzae<\/em>\u00a0tipo b e poliomielite.<\/p>\n<p><strong>Onde tomar:<\/strong>\u00a0na maternidade, no sistema p\u00fablico e em cl\u00ednicas privadas. N\u00e3o h\u00e1 diferen\u00e7a de efic\u00e1cia entre as vacinas da rede p\u00fablica e das cl\u00ednicas privadas. No entanto, o imunizante do SUS \u00e9 produzido com c\u00e9lulas inteiras e o das cl\u00ednicas particulares \u00e9 acelular, provocando menos rea\u00e7\u00f5es adversas nas crian\u00e7as.<\/p>\n<h3>Pentavalente (DTP + Hib + Hepatite B)<\/h3>\n<p><strong>Protege contra:<\/strong>\u00a0difteria, t\u00e9tano, coqueluche, infec\u00e7\u00f5es causadas pela bact\u00e9ria\u00a0<em>Haemophilus influenzae tipo b<\/em>\u00a0(Hib), como meningite e pneumonia, e hepatite B.<\/p>\n<p><strong>O que \u00e9:<\/strong>\u00a0a\u00a0<em>difteria<\/em>\u00a0\u00e9 uma doen\u00e7a infectocontagiosa causada pelo bacilo\u00a0<em>Corynebacterium diphteriae<\/em>. Provoca inflama\u00e7\u00e3o da garganta e do nariz e, por vezes, da traqueia e dos br\u00f4nquios. Ataca tamb\u00e9m as am\u00edgdalas e a faringe, onde forma uma placa de pus, podendo alcan\u00e7ar o nariz e at\u00e9 a parte interna das p\u00e1lpebras. O risco \u00e9 a inflama\u00e7\u00e3o provocar incha\u00e7o (edema) da mucosa e obstruir a garganta, causando asfixia, com risco de morte. Os sintomas incluem dor de garganta, febre, tosse, fadiga, dificuldade de engolir e n\u00e1useas, al\u00e9m de incha\u00e7o nos g\u00e2nglios linf\u00e1ticos, localizados no pesco\u00e7o. Estima-se que 20% das crian\u00e7as infectadas n\u00e3o sobrevivem.<\/p>\n<p>O\u00a0<em>t\u00e9tano<\/em>\u00a0\u00e9 uma grave doen\u00e7a infecciosa e n\u00e3o-contagiosa, provocada pela bact\u00e9ria\u00a0<em>Clostridium tetani<\/em>, que atinge o sistema nervoso e leva \u00e0 morte em cerca de 30% dos casos. A bact\u00e9ria penetra por qualquer ferimento contaminado com areia ou terra, assim como por queimaduras e tecidos necrosados. O t\u00e9tano se caracteriza por espasmos musculares provocados por qualquer est\u00edmulo \u2013 como luz ou barulho \u2013 e o primeiro sintoma \u00e9 o chamado trismus, que \u00e9 a contra\u00e7\u00e3o dos m\u00fasculos da mand\u00edbula, o que impede a abertura da boca. Est\u00e1gios mais graves da doen\u00e7a incluem espasmos nas cordas vocais e nos m\u00fasculos respons\u00e1veis pela respira\u00e7\u00e3o, fraturas devido a contra\u00e7\u00f5es violentas e hiperatividade do sistema nervoso aut\u00f4nomo \u2013 respons\u00e1vel pela respira\u00e7\u00e3o, circula\u00e7\u00e3o do sangue, temperatura e digest\u00e3o.<\/p>\n<p>A\u00a0coqueluche \u00e9 o P da DTP. \u00c9 uma doen\u00e7a extremamente contagiosa provocada pela bact\u00e9ria\u00a0<em>Bordetella pertussis<\/em>. A infec\u00e7\u00e3o se caracteriza por tosse violenta e cont\u00ednua. Inicia-se com uma fase de expuls\u00e3o de catarro, com corrimento nasal, espirros e tosse moderada, passando a um per\u00edodo de tosse convulsiva e dolorosa, que pode incluir v\u00f4mitos. A complica\u00e7\u00e3o mais perigosa \u00e9 a pneumonia. Atualmente, vem ocorrendo um importante aumento do n\u00famero de casos da doen\u00e7a, especialmente entre adultos e adolescentes, por\u00e9m os casos graves ocorrem quase sempre em beb\u00eas que ainda n\u00e3o receberam as 3 primeiras doses.<\/p>\n<p><strong>Rea\u00e7\u00f5es da vacina:<\/strong>\u00a0pode provocar irritabilidade, febre, dor, n\u00f3dulos subcut\u00e2neos e, raramente, convuls\u00f5es febris.<\/p>\n<p><strong>Importante:<\/strong>\u00a0nas cl\u00ednicas privadas, est\u00e1 dispon\u00edvel a chamada DTPa \u2013 de \u201cacelular\u201d, o que significa que\u00a0<strong>n\u00e3o<\/strong>\u00a0s\u00e3o utilizadas bact\u00e9rias inteiras da\u00a0<em>Bordetella pertussis<\/em>, que \u00e9 a respons\u00e1vel por causar rea\u00e7\u00f5es mais fortes. Por essa raz\u00e3o, as vacinas das cl\u00ednicas privadas t\u00eam efeitos adversos, como febre e dor, mais sutis. A efic\u00e1cia, no entanto, \u00e9 a mesma nas duas vacinas.<\/p>\n<p><strong>Forma de aplica\u00e7\u00e3o:<\/strong>\u00a0injet\u00e1vel<\/p>\n<p><strong>Dosagem:\u00a0<\/strong>o Programa Nacional de Imuniza\u00e7\u00f5es (PNI) disponibiliza 3 doses: aos 2, 4 e aos 6 meses, com mais dois refor\u00e7os \u2013 um aos 15 meses e outro aos 4 anos (com DTP).<\/p>\n<p><strong>Onde tomar:\u00a0<\/strong>no sistema p\u00fablico de sa\u00fade \u00e9 oferecida a vacina tradicional. Nas cl\u00ednicas privadas, est\u00e1 dispon\u00edvel a chamada DTPa. A efic\u00e1cia \u00e9 a mesma. Na rede particular, ainda \u00e9 poss\u00edvel receber a vacina combinada com a VIP (contra poliomielite), chamada de s\u00eaxtupla ou hexavalente, evitando-se, assim, que a crian\u00e7a tenha que levar mais de uma picada de agulha.<\/p>\n<h3>VIP (antiga Salk) e VOP (antiga Sabin)<\/h3>\n<p><strong>Protege contra:<\/strong>\u00a0poliomielite (ou paralisia infantil)<\/p>\n<p><strong>O que \u00e9:<\/strong>\u00a0a\u00a0poliomielite \u00e9 uma infec\u00e7\u00e3o viral muito contagiosa, embora o v\u00edrus se propague apenas pela \u00e1gua contaminada por fezes humanas. Do intestino, a infec\u00e7\u00e3o migra pelo organismo, afetando particularmente o c\u00e9rebro e a medula, provocando fraqueza muscular permanente e paralisia. Sintomas mais severos, como dor de cabe\u00e7a intensa, rigidez do pesco\u00e7o e das costas, dificuldade de engolir fazem parte da forma mais grave da doen\u00e7a. Embora a paralisia ocorra em menos de 1% dos casos da doen\u00e7a, \u00e9 frequente que um ou mais m\u00fasculos fiquem debilitados. J\u00e1 as crian\u00e7as muito pequenas raramente desenvolvem sequelas e podem sentir apenas dor de cabe\u00e7a, febre baixa, mal-estar generalizado, v\u00f4mitos e irrita\u00e7\u00e3o na garganta.<\/p>\n<p><strong>Rea\u00e7\u00f5es das vacinas:<\/strong><\/p>\n<p>\u2013 VIP: febre moderada, vermelhid\u00e3o no local da aplica\u00e7\u00e3o por 24 a 48 horas<\/p>\n<p>\u2013 VOP: c\u00f3lica e diarreia, mas apenas raramente<\/p>\n<p><strong>Importante:\u00a0<\/strong>entenda a diferen\u00e7a entre as vacinas:<\/p>\n<p>\u2013 A vacina VOP (Vacina Oral contra a Poliomielite) s\u00e3o as famosas gotas das campanhas de vacina\u00e7\u00e3o, que deram origem ao personagem\u00a0Z\u00e9 Gotinha. Essa vacina \u00e9 a respons\u00e1vel pela erradica\u00e7\u00e3o da poliomielite no Brasil. No entanto, ela \u00e9 elaborada com v\u00edrus atenuados, o que significa que em rar\u00edssimos casos a crian\u00e7a pode contrair paralisia por causa da vacina. Estima-se que ocorra um caso da chamada p\u00f3lio vacinal a cada cinco milh\u00f5es de doses. O problema \u00e9 mais comum na primeira dose da vacina, por isso, desde 2016,\u00a0o Programa Nacional de Imuniza\u00e7\u00f5es (PNI) adota a vacina VIP nas tr\u00eas primeiras doses do primeiro ano de vida (aos 2, 4 e 6 meses de idade) e a VOP apenas no refor\u00e7o e nas campanhas anuais de vacina\u00e7\u00e3o.<\/p>\n<p>\u2013 A vacina VIP (Vacina Inativada contra a Poliomielite) \u00e9 elaborada com v\u00edrus mortos, o que elimina o risco de contra\u00e7\u00e3o da doen\u00e7a pela vacina.<\/p>\n<p>\u2013 Casos especiais: crian\u00e7as imunossuprimidas ou que convivam com pessoas nessa condi\u00e7\u00e3o devem procurar tomar todas as doses da VIP.<\/p>\n<p>\u2013 Participa\u00e7\u00e3o nas campanhas: todas as crian\u00e7as acima de 6 meses de idade devem participar das campanhas de vacina\u00e7\u00e3o, mesmo que j\u00e1 tenham tomado as doses necess\u00e1rias. A medida tem um car\u00e1ter de prote\u00e7\u00e3o coletiva.<\/p>\n<p><strong>Formas de aplica\u00e7\u00e3o:\u00a0<\/strong>VIP \u00e9 injet\u00e1vel e\u00a0VOP \u00e9 oral<\/p>\n<p><strong>Esquema de imuniza\u00e7\u00e3o:<\/strong>\u00a0o Programa Nacional de Imuniza\u00e7\u00f5es (PNI) disponibiliza 3 doses: aos 2, 4 e aos 6 meses (com VIP), com mais dois refor\u00e7os \u2013 um aos 15 meses e outro aos 4 anos (ambos com VOP).<\/p>\n<p><strong>Onde tomar:<\/strong>\u00a0postos de sa\u00fade p\u00fablico ou em cl\u00ednicas particulares, onde a VIP pode vir combinada com outras imuniza\u00e7\u00f5es na vacina s\u00eaxtupla ou hexavalente.<\/p>\n<h3>Pneumoc\u00f3cica conjugada<\/h3>\n<p><strong>Protege contra:<\/strong>\u00a0infec\u00e7\u00f5es por pneumococos, bact\u00e9rias que s\u00e3o mais frequentes nos primeiros anos de vida e causam doen\u00e7as graves, como pneumonia e meningite. Existem mais de 90 sorotipos de pneumococos conhecidos. A vacina protege contra alguns dos sorotipos mais agressivos.<\/p>\n<p><strong>O que \u00e9:<\/strong>\u00a0a\u00a0<em>pneumonia<\/em>\u00a0\u00e9 uma infec\u00e7\u00e3o que ataca os pulm\u00f5es. Os sintomas s\u00e3o febre alta, tosse, dor no t\u00f3rax, mal-estar, falta de ar, secre\u00e7\u00e3o de muco amarelado ou esverdeado e prostra\u00e7\u00e3o. As complica\u00e7\u00f5es mais comuns s\u00e3o o chamado derrame pleural, que \u00e9 o ac\u00famulo de l\u00edquido entre as membranas do pulm\u00e3o (pleuras), e a bacteremia, que ocorre quando as bact\u00e9rias atingem a corrente sang\u00fc\u00ednea e se espalham pelo organismo \u2013 e que \u00e9 mais comum nos beb\u00eas, quando a pneumonia n\u00e3o \u00e9 tratada a tempo.<\/p>\n<p>A\u00a0<em>meningite pneumoc\u00f3cica<\/em>\u00a0\u00e9 uma inflama\u00e7\u00e3o das membranas que recobrem o c\u00e9rebro e a coluna vertebral. Quando essas membranas s\u00e3o atacadas pela bact\u00e9ria, o organismo reage produzindo c\u00e9lulas de defesa. \u00c9 o combate entre ambos que provoca a inflama\u00e7\u00e3o. Os sintomas em crian\u00e7as maiores de um ano s\u00e3o febre alta e persistente, dor de cabe\u00e7a, v\u00f4mito em jatos e rigidez na nuca. J\u00e1 os beb\u00eas choram e gemem muito, ficam irritados, prostrados e pode ocorrer queda da temperatura corporal (hipotermia) ou sua eleva\u00e7\u00e3o (hipertermia). A meningite pneumoc\u00f3cica tem alta mortalidade e elevada chance de sequelas entre os sobreviventes.<\/p>\n<p><strong>Rea\u00e7\u00f5es da vacina:<\/strong>\u00a0pode causar dor e vermelhid\u00e3o no local da inje\u00e7\u00e3o, al\u00e9m de irritabilidade, sonol\u00eancia e choro.<\/p>\n<p><strong>Importante:<\/strong>\u00a0entre as outras doen\u00e7as que podem ser causadas por pneumococos (e evitadas pela vacina) est\u00e3o a otite e as infec\u00e7\u00f5es da garganta.<\/p>\n<p><strong>Forma de aplica\u00e7\u00e3o:<\/strong>\u00a0Injet\u00e1vel<\/p>\n<p><strong>Esquema de imuniza\u00e7\u00e3o:<\/strong>\u00a0desde janeiro de 2016, o PNI adotou o esquema de duas doses da 10-valente (que protege contra dez sorotipos de pneumococos), aos 2 e aos 4 meses de vida, com refor\u00e7o aos 12 meses. Nas cl\u00ednicas particulares, encontra-se a 13-valente, cuja prote\u00e7\u00e3o abrange mais tr\u00eas sorotipos. A SBIm mant\u00e9m a recomenda\u00e7\u00e3o de tr\u00eas doses aos 2, 4 e 6 meses de vida com refor\u00e7o entre 12 e 15 meses.<\/p>\n<p><strong>Onde tomar:<\/strong>\u00a0postos de sa\u00fade p\u00fablicos (VPC10) e em cl\u00ednicas particulares (VPC13).<\/p>\n<h3>Rotav\u00edrus<\/h3>\n<p><strong>Protege contra:<\/strong>\u00a0a\u00a0vacina protege apenas contra as diarreias causadas pelo rotav\u00edrus, mas o efeito dura por toda a inf\u00e2ncia.<\/p>\n<p><strong>O que \u00e9:<\/strong>\u00a0o\u00a0v\u00edrus da fam\u00edlia\u00a0<em>reoviridae<\/em>\u00a0provoca gastroenterites graves com febre alta, v\u00f4mitos e desidrata\u00e7\u00e3o, e podem ser fatais nos primeiros anos de vida.<\/p>\n<p><strong>Rea\u00e7\u00f5es da vacina:<\/strong>\u00a0febre, diarreia, irritabilidade, tosse e coriza. \u00c9 indicado levar a crian\u00e7a ao m\u00e9dico caso haja presen\u00e7a de sangue nas fezes e dores abdominais, at\u00e9 42 dias ap\u00f3s a vacina\u00e7\u00e3o.<\/p>\n<p><strong>Importante:<\/strong>\u00a0a primeira dose pode ser feita a partir de 6 semanas de vida e no m\u00e1ximo at\u00e9 3 meses e 15 dias; j\u00e1 a \u00faltima dose deve ser administrada at\u00e9 7 meses e 29 dias.<\/p>\n<p><strong>Forma de aplica\u00e7\u00e3o:<\/strong>\u00a0via oral<\/p>\n<p><strong>Esquema de imuniza\u00e7\u00e3o:<\/strong>\u00a0depende do tipo da vacina. Da VRH1 (monovalente) s\u00e3o 2 doses: aos 2 e\u00a0aos 4 meses. J\u00e1 da VR5 (pentavalente) s\u00e3o3 doses: aos 2, 4 e aos 6 meses. As duas s\u00e3o consideradas seguras e eficazes.<\/p>\n<p><strong>Onde tomar:<\/strong>\u00a0sistema p\u00fablico (VRH1) e cl\u00ednicas privadas (VR5).<\/p>\n<h3>Meningoc\u00f3cica C conjugada\u00a0(menC)<\/h3>\n<p><strong>Protege contra:<\/strong>\u00a0infec\u00e7\u00f5es causadas pela bact\u00e9ria\u00a0<em>Neisseria meningitidis<\/em>\u00a0(meningococo) do tipo C, que provoca cerca de \u00be dos casos de meningite meningoc\u00f3cica.<\/p>\n<p><strong>O que \u00e9:<\/strong>\u00a0a\u00a0meningite meningoc\u00f3cica \u00e9 a inflama\u00e7\u00e3o das membranas que revestem o c\u00e9rebro e a coluna vertebral. A bact\u00e9ria \u00e9 transmitida por meio de got\u00edculas salivares. Trata-se de uma doen\u00e7a grave, com grande potencial de se tornar epid\u00eamica e de levar \u00e0 morte.<\/p>\n<p><strong>Rea\u00e7\u00f5es da vacina:<\/strong>\u00a0vermelhid\u00e3o, enrijecimento e dor no local da aplica\u00e7\u00e3o. Febre baixa e irritabilidade tamb\u00e9m s\u00e3o comuns nas primeiras 48 horas.<\/p>\n<p><strong>Importante:<\/strong>\u00a0a\u00a0incid\u00eancia \u00e9 maior em menores de um ano, mas pode ocorrer em qualquer faixa et\u00e1ria. A mesma bact\u00e9ria tamb\u00e9m pode causar a chamada meningococcemia, infec\u00e7\u00e3o generalizada causada pelo meningococo.<\/p>\n<p><strong>Forma de aplica\u00e7\u00e3o:<\/strong>\u00a0injet\u00e1vel<\/p>\n<p><strong>Dosagem:<\/strong>\u00a0o Programa Nacional de Imuniza\u00e7\u00f5es (PNI) disponibiliza 3\u00a0doses: aos 3 meses,\u00a0aos 5 meses e um refor\u00e7o\u00a0aos 12 meses (podendo ser aplicado at\u00e9 os 4 anos).\u00a0A SBIm preconiza um refor\u00e7o 5 anos ap\u00f3s a \u00faltima dose e outro aos 11 anos, preferencialmente com a vacina quadrivalente contra os tipos A, C, W e Y (que n\u00e3o est\u00e1 dispon\u00edvel no calend\u00e1rio da rede p\u00fablica).<\/p>\n<p><strong>Onde tomar:\u00a0<\/strong>no sistema p\u00fablico (menC) e em cl\u00ednicas privadas (menACWY).<\/p>\n<h3>Febre amarela<\/h3>\n<p><strong>Protege contra:<\/strong>febre amarela<\/p>\n<p><strong>O que \u00e9 a doen\u00e7a:<\/strong>\u00a0\u00e9 uma enfermidade infecciosa causada por um v\u00edrus transmitido por mosquitos. Os sintomas s\u00e3o febre, cansa\u00e7o, mal-estar, dor de cabe\u00e7a e muscular, mas podem ocorrer n\u00e1useas, v\u00f4mitos e diarr\u00e9ia. Depois que a febre cede, cerca de 15% dos infectados apresentam sintomas mais graves: febre alta outra vez, diarr\u00e9ia de mau cheiro, convuls\u00f5es, del\u00edrio e hemorragias internas, com danos em v\u00e1rios \u00f3rg\u00e3os e risco de morte.<\/p>\n<p><strong>Rea\u00e7\u00f5es da vacina:<\/strong>\u00a0de 5 a 10 dias depois da vacina\u00e7\u00e3o, cerca de 5% das pessoas pode apresentar febre, dor de cabe\u00e7a e dor muscular, sendo rara a ocorr\u00eancia de rea\u00e7\u00f5es no local de aplica\u00e7\u00e3o.<\/p>\n<p><strong>Importante:<\/strong>\u00a0a\u00a0vacina \u00e9 recomendada apenas para quem vive em \u00e1reas de risco ou se a crian\u00e7a vai viajar para um local com obrigatoriedade de comprova\u00e7\u00e3o da vacina\u00e7\u00e3o. A vacina \u00e9 produzida com v\u00edrus vivo atenuado, garantindo imunidade pelo menos por 10 anos. A doen\u00e7a tem uma vers\u00e3o urbana e aparece como uma infec\u00e7\u00e3o provocada pelo mosquito\u00a0<em>Aedes aegypti<\/em>, contaminado pelo v\u00edrus transmissor.<\/p>\n<p><strong>Forma de aplica\u00e7\u00e3o:<\/strong>\u00a0injet\u00e1vel<\/p>\n<p><strong>Esquema de imuniza\u00e7\u00e3o:<\/strong>\u00a0dose \u00fanica a partir dos 9 meses de idade.<\/p>\n<p><strong>Onde tomar:<\/strong>\u00a0sistema p\u00fablico de sa\u00fade e cl\u00ednicas privadas.<\/p>\n<h3>Influenza<\/h3>\n<p><strong>Protege contra:<\/strong>\u00a0gripe<\/p>\n<p><strong>O que \u00e9 a doen\u00e7a:<\/strong>\u00a0a\u00a0gripe\u00a0\u00e9 uma infec\u00e7\u00e3o do sistema respirat\u00f3rio causado pelo v\u00edrus\u00a0<em>Influenza<\/em>, transmitido ao falar, pela tosse ou espirros. Os principais sintomas s\u00e3o febre, prostra\u00e7\u00e3o, dor de cabe\u00e7a, dor no corpo, mal-estar, tosse e coriza, podendo provocar tamb\u00e9m conjuntivite, dor abdominal, n\u00e1useas e v\u00f4mitos. Nos casos mais graves, h\u00e1 risco de pneumonia.<\/p>\n<p><strong>Rea\u00e7\u00f5es da vacina:<\/strong>\u00a0vermelhid\u00e3o, dor e endura\u00e7\u00e3o de pequena intensidade no local, que somem em dois dias. Pode ocasionar febre, mal-estar e mialgia, que s\u00e3o mais comuns em quem toma a vacina pela primeira vez. A vacina \u00e9 produzida com v\u00edrus mortos e fracionados, portanto, sem a possibilidade de causar doen\u00e7a em quem a recebe.<\/p>\n<p><strong>Importante:<\/strong>\u00a0a\u00a0vacina \u00e9 anualmente modificada de acordo com o aparecimento de novas cepas do v\u00edrus, monitoradas pela Organiza\u00e7\u00e3o Mundial de Sa\u00fade (OMS) em todo o mundo. Como a vacina \u00e9 feita com cepas de v\u00edrus da esta\u00e7\u00e3o anterior, ela n\u00e3o impedir\u00e1 a infec\u00e7\u00e3o quando esta for causada por v\u00edrus novos que tenham sofrido muta\u00e7\u00e3o, mas abranda os sintomas. Por isso, \u00e9 necess\u00e1rio uma atualiza\u00e7\u00e3o anual da vacina\u00e7\u00e3o.<\/p>\n<p><strong>Forma de aplica\u00e7\u00e3o:<\/strong>\u00a0injet\u00e1vel<\/p>\n<p><strong>Esquema de imuniza\u00e7\u00e3o:<\/strong>\u00a0diferentemente das outras vacinas, a Influenza n\u00e3o segue o calend\u00e1rio pela idade da crian\u00e7a, mas sim pela esta\u00e7\u00e3o do ano. Deve ser aplicada, inicialmente, no primeiro outono da vida do pequeno, pois essa \u00e9 a esta\u00e7\u00e3o em que os v\u00edrus da gripe come\u00e7a a circular na maioria dos lugares. A vacina de Influenza pode ser administrada em qualquer idade acima de seis meses.<\/p>\n<p><strong>Onde tomar:<\/strong>\u00a0pela pol\u00edtica atual do governo, a vacina da gripe est\u00e1 dispon\u00edvel gratuitamente nos postos apenas para beb\u00eas de 6 meses a crian\u00e7as menores de 5 anos (al\u00e9m de idosos, gestantes e alguns outros grupos especiais). Acima dessa faixa et\u00e1ria, o ideal \u00e9 imunizar o pequeno recorrendo \u00e0s cl\u00ednicas particulares.<\/p>\n<h3>Hepatite A<\/h3>\n<p><strong>Protege contra:<\/strong>\u00a0hepatite do tipo A<\/p>\n<p><strong>O que \u00e9 a doen\u00e7a:\u00a0<\/strong>altamente contagiosa, \u00e9 uma enfermidade que ataca o f\u00edgado. Os sintomas mais comuns s\u00e3o febre, calafrios e fraqueza, mas podem incluir anorexia, n\u00e1useas, icter\u00edcia (com amarelamento dos olhos e da pele), urina escura, fezes claras, dor abdominal e fadiga. Em casos extremos pode levar \u00e0 morte. O v\u00edrus \u00e9 transmitido pela saliva, pelo contato com fezes ou pela ingest\u00e3o de \u00e1gua e alimentos contaminados.<\/p>\n<p><strong>Rea\u00e7\u00f5es da vacina:<\/strong>\u00a0dor e vermelhid\u00e3o no local da aplica\u00e7\u00e3o. Febre e fadiga costumam ocorrer em menos de 5% dos vacinados.<\/p>\n<p><strong>Importante:<\/strong>\u00a0a\u00a0doen\u00e7a costuma ser benigna na inf\u00e2ncia e mais grave entre adolescentes, adultos e idosos. Entre crian\u00e7as menores de 6 anos, 70% dos casos n\u00e3o apresentam sintomas.<\/p>\n<p><strong>Forma de aplica\u00e7\u00e3o:<\/strong>\u00a0injet\u00e1vel<\/p>\n<p><strong>Esquema de imuniza\u00e7\u00e3o:\u00a0<\/strong>nas cl\u00ednicas privadas, s\u00e3o 2 doses a partir de 1 ano de idade, com intervalo de seis meses. J\u00e1 de acordo com o\u00a0Programa Nacional de Imuniza\u00e7\u00f5es (PNI), o esquema adotado \u00e9 o de dose \u00fanica da vacina, aos 15 meses ou antes da crian\u00e7a completar 5 anos de idade.<\/p>\n<p><strong>Onde tomar:<\/strong>\u00a0sistema p\u00fablico de sa\u00fade e cl\u00ednicas privadas.<\/p>\n<h3>Tr\u00edplice Viral (SCR)<\/h3>\n<p><strong>Protege contra:<\/strong>\u00a0sarampo, caxumba e rub\u00e9ola<\/p>\n<p><strong>O que \u00e9 cada doen\u00e7a:\u00a0<\/strong>o\u00a0<em>sarampo<\/em>\u00a0\u00e9 uma doen\u00e7a infecciosa que raramente evolui para um quadro mais grave (como a encefalite) em crian\u00e7as saud\u00e1veis e bem nutridas. Ainda assim, pode desencadear infec\u00e7\u00f5es paralelas, como pneumonia e otites. Os sintomas do sarampo s\u00e3o de f\u00e1cil identifica\u00e7\u00e3o: febre, congest\u00e3o nasal, tosse, garganta e olhos irritados, al\u00e9m das t\u00edpicas erup\u00e7\u00f5es vermelhas que se espalham do pesco\u00e7o para o tronco, bra\u00e7os e pernas.<\/p>\n<p><em>Caxumba<\/em>\u00a0\u00e9 uma doen\u00e7a viral, na maioria das vezes caracterizada por febre e incha\u00e7o das gl\u00e2ndulas salivares e par\u00f3tidas. Raramente leva a um quadro de meningite, esterilidade e preju\u00edzos na capacidade de audi\u00e7\u00e3o.<\/p>\n<p>A\u00a0<em>rub\u00e9ola<\/em>\u00a0n\u00e3o \u00e9 t\u00e3o contagiosa quanto o sarampo e suas complica\u00e7\u00f5es (otite e encefalite) s\u00e3o rar\u00edssimas em crian\u00e7as, que costumam se recuperar totalmente. Ela representa um risco grave apenas durante a gravidez, pois a temida S\u00edndrome da Rub\u00e9ola Cong\u00eanita pode causar malforma\u00e7\u00f5es graves no beb\u00ea. Os primeiros sinais se manifestam com mal-estar, inflama\u00e7\u00e3o dos g\u00e2nglios, dor nas articula\u00e7\u00f5es e garganta avermelhada (n\u00e3o inflamada). Depois surgem erup\u00e7\u00f5es no rosto, pesco\u00e7o, tronco e membros, e aparecem manchas rosadas no c\u00e9u da boca, que se transformam numa \u00fanica placa vermelha.<\/p>\n<p><strong>Rea\u00e7\u00f5es da vacina:<\/strong>\u00a0febre e manchas avermelhadas na pele, entre o 5\u00ba e o 12\u00ba dia depois da vacina. Pode ocorrer um leve aumento das gl\u00e2ndulas par\u00f3tidas e salivares.<\/p>\n<p><strong>Importante:<\/strong>\u00a0A\u00a0Tr\u00edplice Viral\u00a0\u00e9 uma vacina combinada de v\u00edrus atenuados (enfraquecidos), o que minimiza as rea\u00e7\u00f5es adversas. A prote\u00e7\u00e3o para o sarampo e rub\u00e9ola fica entre 95% e 98%. Para caxumba, a efic\u00e1cia \u00e9 de 75% a 90.<\/p>\n<p><strong>Forma de aplica\u00e7\u00e3o:<\/strong>\u00a0injet\u00e1vel<\/p>\n<p><strong>Esquema de imuniza\u00e7\u00e3o:<\/strong>\u00a0de acordo com o Programa Nacional de Imuniza\u00e7\u00f5es (PNI), \u00e9 aplicada uma primeira dose aos 12 meses de vida e outra aos 15 meses, na forma da vacina Tetra Viral (SCR-V), que ainda protege contra varicela (catapora).<\/p>\n<p><strong>Onde tomar:<\/strong>\u00a0no sistema p\u00fablico e em cl\u00ednicas privadas. N\u00e3o h\u00e1 diferen\u00e7a de efic\u00e1cia e seguran\u00e7a entre as vacinas.<\/p>\n<h3>Varicela<\/h3>\n<p><strong>Protege contra:<\/strong>\u00a0varicela (tamb\u00e9m conhecida como\u00a0catapora)<\/p>\n<p><strong>O que \u00e9 a doen\u00e7a:<\/strong>\u00a0embora a varicela seja muito contagiosa e provoque les\u00f5es de pele muito desconfort\u00e1veis, geralmente \u00e9 benigna quando se manifesta durante a inf\u00e2ncia (ap\u00f3s 1 ano de idade). Ainda assim, a vacina impede que a doen\u00e7a se dissemine pelo organismo e eventualmente provoque complica\u00e7\u00f5es como pneumonia, hepatite, encefalite e outras infec\u00e7\u00f5es bacterianas secund\u00e1rias.<\/p>\n<p><strong>Rea\u00e7\u00f5es da vacina:<\/strong>\u00a0dor e erup\u00e7\u00f5es no local da aplica\u00e7\u00e3o ou pelo corpo, febre. Em casos raros, pode provocar encefalite e altera\u00e7\u00f5es na coordena\u00e7\u00e3o motora.<\/p>\n<p><strong>Importante:<\/strong>\u00a0\u00e9\u00a0raro contrair a doen\u00e7a depois da vacina, mas se isso acontecer, ser\u00e1 de forma leve, em geral sem complica\u00e7\u00f5es.<\/p>\n<p><strong>Forma de aplica\u00e7\u00e3o:<\/strong>\u00a0injet\u00e1vel<\/p>\n<p><strong>Esquema de imuniza\u00e7\u00e3o:<\/strong>\u00a0de acordo com o Programa Nacional de Imuniza\u00e7\u00f5es (PNI), \u00e9 aplicada uma dose aos 15 meses com a vacina Tetra Viral (SCR-V), em crian\u00e7as que j\u00e1 tenham tomado a primeira dose de Tr\u00edplice Viral (SCR) aos 12 meses. A segunda dose pode ser administrada a partir dos 15 meses de idade, mantendo intervalo de tr\u00eas meses da dose anterior de SCR, V ou SCRV. Desde 2017, a idade m\u00e1xima para tomar essa vacina passou de 2 anos para 5 anos incompletos (at\u00e9 4 anos, 11 meses e 29 dias).<\/p>\n<p><strong>Onde tomar:<\/strong>\u00a0no sistema p\u00fablico e em cl\u00ednicas privadas.<\/p>\n<h3>Meningoc\u00f3cica B<\/h3>\n<p><strong>Protege contra:\u00a0<\/strong>infec\u00e7\u00f5es causadas pela bact\u00e9ria meningococo do tipo B, respons\u00e1vel por\u00a020% dos casos de\u00a0meningite bacteriana.<\/p>\n<p><strong>O que \u00e9 a doen\u00e7a:\u00a0<\/strong>\u00e9 uma das formas mais agressivas de meningite, com evolu\u00e7\u00e3o r\u00e1pida. Al\u00e9m de apresentar\u00a0febre alta, dor no corpo e v\u00f4mito, a enfermidade pode provocar rigidez na nuca e, no caso dos beb\u00eas, pode deixar a moleira com aspecto estufado.<\/p>\n<p><strong>Rea\u00e7\u00f5es da vacina:\u00a0<\/strong>em crian\u00e7as menores de 2 anos, pode causar febre alta com dura\u00e7\u00e3o de 24 a 28 horas.<\/p>\n<p><strong>Forma de aplica\u00e7\u00e3o:\u00a0<\/strong>injet\u00e1vel<\/p>\n<p><strong>Esquema de imuniza\u00e7\u00e3o:\u00a0<\/strong>s\u00e3o 3 doses\u00a0doses no primeiro ano de vida, aos 3, 5 e aos 7 meses, com um refor\u00e7o entre 12 e 15 meses.<\/p>\n<p><strong>Onde tomar:<\/strong>\u00a0apenas em\u00a0cl\u00ednicas privadas.<\/p>\n<p>O Minist\u00e9rio da Sa\u00fade possui um aplicativo chamado\u00a0Vacina\u00e7\u00e3o em Dia, que gerencia cadernetas de vacina\u00e7\u00e3o cadastradas pelo usu\u00e1rio. Al\u00e9m disso, traz informa\u00e7\u00f5es sobre as vacinas disponibilizadas pelo SUS e fun\u00e7\u00e3o com lembretes sobre as campanhas sazonais de vacina\u00e7\u00e3o.<\/p>\n<div class=\"box\">\n<p>* Este calend\u00e1rio de vacina\u00e7\u00e3o foi elaborado com base nos calend\u00e1rios do Programa Nacional de Imuniza\u00e7\u00e3o (PNI) do Minist\u00e9rio da Sa\u00fade e tamb\u00e9m nos calend\u00e1rios da Sociedade Brasileira de Pediatria (SBP) e da Sociedade Brasileira de Imuniza\u00e7\u00f5es (SBIm)<\/p>\n<p>** Consultores: Marco Aur\u00e9lio S\u00e1fadi, pediatra, especialista em infectologia, professor da Faculdade de Ci\u00eancias M\u00e9dicas da Santa Casa de Miseric\u00f3rdia de S\u00e3o Paulo e coordenador da Infectologia Pedi\u00e1trica do Hospital S\u00e3o Luiz; Gabriel Oselka, pediatria e professor associado do departamento de pediatria da USP, Renato de \u00c1vila Kfouri, pediatra e neonatatoligsta do Centro de Imuniza\u00e7\u00e3o do Hospital Santa Joana (SP) e presidente da Sociedade Brasileira de Imunizacoes (SBIm), Eliane de Oliveira Morais, m\u00e9dica do Centro de Refer\u00eancia em Imunobi\u00f3logicos Especiais- CRIE- UNICAMP e da Clinica Vacin de Imuniza\u00e7\u00f5es de Campinas (SP); Raquel Stucchi, professora doutora da Disciplina de Mol\u00e9stias Infecciosas da Faculdade de Ci\u00eancias M\u00e9dicas da Universidade Estadual de Campinas; Maria Arendelita Neves de Arruda, coordenadora do Programa Nacional de Imuniza\u00e7\u00f5es do Minist\u00e9rio da Sa\u00fade.<\/p>\n<p><strong>CARIRI EM A\u00c7\u00c3O<\/strong><\/p>\n<div class=\"pf-content\">\n<p><em>MSN com Nath\u00e1lia Florencio\/Foto: Reprodu\u00e7\u00e3o google<\/em><\/p>\n<p><strong>Leia mais not\u00edcias em\u00a0<\/strong><a href=\"http:\/\/www.caririemacao.com\/\"><strong>caririemacao.com<\/strong><\/a><strong>, siga nossa p\u00e1gina no\u00a0<\/strong><a href=\"https:\/\/www.facebook.com\/CaririEmAcao\/?ref=aymt_homepage_panel\"><strong>Facebook<\/strong><\/a>,<strong>\u00a0<\/strong><a href=\"https:\/\/www.instagram.com\/cariri_em_acao\/?hl=pt-br\"><strong>Instagram<\/strong><\/a><strong>\u00a0e\u00a0<\/strong><a href=\"https:\/\/www.youtube.com\/channel\/UCAptA0jQuYQy8vMhLt2m4qg\"><strong>Youtube<\/strong><\/a><strong>\u00a0e veja nossas mat\u00e9rias, v\u00eddeos e fotos. Voc\u00ea tamb\u00e9m pode enviar informa\u00e7\u00f5es \u00e0 Reda\u00e7\u00e3o do Portal Cariri em A\u00e7\u00e3o pelo WhatsApp (83) 9 9634.5791, (83) 9 9601-1162.<\/strong><\/p>\n<\/div>\n<\/div>\n","protected":false},"excerpt":{"rendered":"<p>Protege contra:\u00a0as formas graves da tuberculose, como a meningite tuberculosa e a tuberculose miliar, entre outras. Pode oferecer alguma prote\u00e7\u00e3o contra a tuberculose pulmonar, mas&hellip; <\/p>\n","protected":false},"author":2,"featured_media":41337,"comment_status":"closed","ping_status":"closed","sticky":false,"template":"","format":"standard","meta":{"sfsi_plus_gutenberg_text_before_share":"","sfsi_plus_gutenberg_show_text_before_share":"","sfsi_plus_gutenberg_icon_type":"","sfsi_plus_gutenberg_icon_alignemt":"","sfsi_plus_gutenburg_max_per_row":"","footnotes":""},"categories":[16],"tags":[],"class_list":["post-41336","post","type-post","status-publish","format-standard","has-post-thumbnail","hentry","category-saude"],"_links":{"self":[{"href":"https:\/\/www.caririemacao.com\/1\/wp-json\/wp\/v2\/posts\/41336","targetHints":{"allow":["GET"]}}],"collection":[{"href":"https:\/\/www.caririemacao.com\/1\/wp-json\/wp\/v2\/posts"}],"about":[{"href":"https:\/\/www.caririemacao.com\/1\/wp-json\/wp\/v2\/types\/post"}],"author":[{"embeddable":true,"href":"https:\/\/www.caririemacao.com\/1\/wp-json\/wp\/v2\/users\/2"}],"replies":[{"embeddable":true,"href":"https:\/\/www.caririemacao.com\/1\/wp-json\/wp\/v2\/comments?post=41336"}],"version-history":[{"count":0,"href":"https:\/\/www.caririemacao.com\/1\/wp-json\/wp\/v2\/posts\/41336\/revisions"}],"wp:featuredmedia":[{"embeddable":true,"href":"https:\/\/www.caririemacao.com\/1\/wp-json\/wp\/v2\/media\/41337"}],"wp:attachment":[{"href":"https:\/\/www.caririemacao.com\/1\/wp-json\/wp\/v2\/media?parent=41336"}],"wp:term":[{"taxonomy":"category","embeddable":true,"href":"https:\/\/www.caririemacao.com\/1\/wp-json\/wp\/v2\/categories?post=41336"},{"taxonomy":"post_tag","embeddable":true,"href":"https:\/\/www.caririemacao.com\/1\/wp-json\/wp\/v2\/tags?post=41336"}],"curies":[{"name":"wp","href":"https:\/\/api.w.org\/{rel}","templated":true}]}}