{"id":41339,"date":"2018-02-18T08:10:42","date_gmt":"2018-02-18T11:10:42","guid":{"rendered":"http:\/\/caririemacao.com\/1\/?p=41339"},"modified":"2018-02-18T08:10:42","modified_gmt":"2018-02-18T11:10:42","slug":"ricardo-recebe-visita-do-presidente-da-coteminas-e-reafirma-incentivos-a-empresa","status":"publish","type":"post","link":"https:\/\/www.caririemacao.com\/1\/2018\/02\/18\/ricardo-recebe-visita-do-presidente-da-coteminas-e-reafirma-incentivos-a-empresa\/","title":{"rendered":"Ricardo recebe visita do presidente da Coteminas e reafirma incentivos \u00e0 empresa"},"content":{"rendered":"<p>O governador Ricardo Coutinho recebeu, nesta sexta-feira (16), na Granja Santana, a visita do presidente da Coteminas, empres\u00e1rio\u00a0Josu\u00e9\u00a0Gomes\u00a0da\u00a0Silva, filho do falecido vice-presidente da Rep\u00fablica no per\u00edodo de 2003 a 2010, Jos\u00e9 Alencar, fundador da Companhia. Na oportunidade, foi assinado um Termo Aditivo ao Protocolo de Inten\u00e7\u00f5es que reafirma os incentivos fiscais concedidos pelo Governo do Estado \u00e0 empresa. O empres\u00e1rio\u00a0Josu\u00e9\u00a0Gomes\u00a0da\u00a0Silva ainda falou sobre os investimentos feitos pela Coteminas na Para\u00edba e convidou o governador para visitar as f\u00e1bricas no Estado.<\/p>\n<p>Tamb\u00e9m participaram da audi\u00eancia o\u00a0vice-presidente da Coteminas,\u00a0Jo\u00e3o Batista Gomes Lima, o diretor executivo, Magno C\u00e9sar Rossi,\u00a0o secret\u00e1rio da Receita, Marconi Fraz\u00e3o, o secret\u00e1rio executivo da Receita, Leonilson Lins, e a presidente da Companhia de Desenvolvimento da Para\u00edba (Cinep), Tatiana Domiciano.<\/p>\n<p>A Coteminas possui duas unidades na Para\u00edba, em Jo\u00e3o Pessoa e Campina Grande, al\u00e9m de outras f\u00e1bricas em cidades como Belo Horizonte, Blumenau, Maca\u00edba, Montes Claros, Natal, S\u00e3o Paulo e ainda na Argentina. A Coteminas \u00e9 respons\u00e1vel por mais de 20% do consumo nacional de algod\u00e3o, sendo uma empresa verticalmente integrada, produzindo fios, tecidos, produtos t\u00eaxteis de cama, mesa e banho e outros produtos.<\/p>\n<p>Na ocasi\u00e3o, o governador Ricardo Coutinho ressaltou que, mesmo em tempos de crise nacional, \u00e9 importante continuar incentivando as empresas e atraindo novos neg\u00f3cios para que a Para\u00edba continue a crescer. \u201cSeguimos investindo e fazendo o poss\u00edvel para atrair investimentos e dar condi\u00e7\u00f5es para que f\u00e1bricas como a Coteminas se mantenham bem no nosso Estado. Pretendo, assim que tiver uma oportunidade, visitar as f\u00e1bricas instaladas aqui e tor\u00e7o para que elas cres\u00e7am ainda mais\u201d, comentou.<\/p>\n<p>Segundo o presidente da Coteminas,\u00a0Josu\u00e9\u00a0Gomes\u00a0da\u00a0Silva, a visita teve como objetivo informar ao governador sobre os investimentos que est\u00e3o sendo feitos nas unidades paraibanas. \u201cEstamos construindo uma unidade de fia\u00e7\u00e3o anel moderna em Campina Grande e ainda uma esta\u00e7\u00e3o de tratamento de efluentes da Cagepa, onde vamos pegar toda a parte de \u00e1gua usada da cidade e trat\u00e1-la para fins de uso industrial, fazendo com que n\u00e3o precisemos mais do abastecimento de \u00e1gua de Boqueir\u00e3o. Na unidade de Jo\u00e3o Pessoa tamb\u00e9m estamos fazendo v\u00e1rios investimentos na moderniza\u00e7\u00e3o, amplia\u00e7\u00e3o e melhoria na qualidade dos nossos produtos\u201d, garantiu.<\/p>\n<p><strong>CARIRI EM A\u00c7\u00c3O<\/strong><\/p>\n<div class=\"pf-content\">\n<p><em>Com Wscom\/Foto:\u00a0Wscom<\/em><\/p>\n<p><strong>Leia mais not\u00edcias em\u00a0<\/strong><a href=\"http:\/\/www.caririemacao.com\/\"><strong>caririemacao.com<\/strong><\/a><strong>, siga nossa p\u00e1gina no\u00a0<\/strong><a href=\"https:\/\/www.facebook.com\/CaririEmAcao\/?ref=aymt_homepage_panel\"><strong>Facebook<\/strong><\/a>,<strong>\u00a0<\/strong><a href=\"https:\/\/www.instagram.com\/cariri_em_acao\/?hl=pt-br\"><strong>Instagram<\/strong><\/a><strong>\u00a0e\u00a0<\/strong><a href=\"https:\/\/www.youtube.com\/channel\/UCAptA0jQuYQy8vMhLt2m4qg\"><strong>Youtube<\/strong><\/a><strong>\u00a0e veja nossas mat\u00e9rias, v\u00eddeos e fotos. Voc\u00ea tamb\u00e9m pode enviar informa\u00e7\u00f5es \u00e0 Reda\u00e7\u00e3o do Portal Cariri em A\u00e7\u00e3o pelo WhatsApp (83) 9 9634.5791, (83) 9 9601-1162.<\/strong><\/p>\n<\/div>\n","protected":false},"excerpt":{"rendered":"<p>O governador Ricardo Coutinho recebeu, nesta sexta-feira (16), na Granja Santana, a visita do presidente da Coteminas, empres\u00e1rio\u00a0Josu\u00e9\u00a0Gomes\u00a0da\u00a0Silva, filho do falecido vice-presidente da Rep\u00fablica no&hellip; <\/p>\n","protected":false},"author":2,"featured_media":41340,"comment_status":"closed","ping_status":"closed","sticky":false,"template":"","format":"standard","meta":{"sfsi_plus_gutenberg_text_before_share":"","sfsi_plus_gutenberg_show_text_before_share":"","sfsi_plus_gutenberg_icon_type":"","sfsi_plus_gutenberg_icon_alignemt":"","sfsi_plus_gutenburg_max_per_row":"","footnotes":""},"categories":[11],"tags":[],"class_list":["post-41339","post","type-post","status-publish","format-standard","has-post-thumbnail","hentry","category-politica"],"_links":{"self":[{"href":"https:\/\/www.caririemacao.com\/1\/wp-json\/wp\/v2\/posts\/41339","targetHints":{"allow":["GET"]}}],"collection":[{"href":"https:\/\/www.caririemacao.com\/1\/wp-json\/wp\/v2\/posts"}],"about":[{"href":"https:\/\/www.caririemacao.com\/1\/wp-json\/wp\/v2\/types\/post"}],"author":[{"embeddable":true,"href":"https:\/\/www.caririemacao.com\/1\/wp-json\/wp\/v2\/users\/2"}],"replies":[{"embeddable":true,"href":"https:\/\/www.caririemacao.com\/1\/wp-json\/wp\/v2\/comments?post=41339"}],"version-history":[{"count":0,"href":"https:\/\/www.caririemacao.com\/1\/wp-json\/wp\/v2\/posts\/41339\/revisions"}],"wp:featuredmedia":[{"embeddable":true,"href":"https:\/\/www.caririemacao.com\/1\/wp-json\/wp\/v2\/media\/41340"}],"wp:attachment":[{"href":"https:\/\/www.caririemacao.com\/1\/wp-json\/wp\/v2\/media?parent=41339"}],"wp:term":[{"taxonomy":"category","embeddable":true,"href":"https:\/\/www.caririemacao.com\/1\/wp-json\/wp\/v2\/categories?post=41339"},{"taxonomy":"post_tag","embeddable":true,"href":"https:\/\/www.caririemacao.com\/1\/wp-json\/wp\/v2\/tags?post=41339"}],"curies":[{"name":"wp","href":"https:\/\/api.w.org\/{rel}","templated":true}]}}