{"id":41342,"date":"2018-02-18T08:13:48","date_gmt":"2018-02-18T11:13:48","guid":{"rendered":"http:\/\/caririemacao.com\/1\/?p=41342"},"modified":"2018-02-18T08:13:48","modified_gmt":"2018-02-18T11:13:48","slug":"4-fatores-bem-presentes-em-grandes-cidades-aumentam-as-chances-do-seu-filho-ter-asma","status":"publish","type":"post","link":"https:\/\/www.caririemacao.com\/1\/2018\/02\/18\/4-fatores-bem-presentes-em-grandes-cidades-aumentam-as-chances-do-seu-filho-ter-asma\/","title":{"rendered":"4 fatores bem presentes em grandes cidades aumentam as chances do seu filho ter asma"},"content":{"rendered":"<p>Um estudo do Ureca (Urban Environment and Childhood Asthma)\u00a0nos Estados Unidos\u00a0concluiu que os\u00a0casos de asma infantil\u00a0s\u00e3o mais incidentes em crian\u00e7as que vivem em grandes cidades.<\/p>\n<p>Ao longo de sete anos, os cientistas analisaram 560\u00a0fam\u00edlias que residiam em ambientes\u00a0urbanos e que, com base no hist\u00f3rico de hereditariedade, apresentavam alto risco de desenvolverem\u00a0asma, al\u00e9m de outras 49 fam\u00edlias que n\u00e3o possu\u00edam hist\u00f3rico da doen\u00e7a.<\/p>\n<h2>Principais causas de asma em crian\u00e7as<\/h2>\n<p>De acordo com a pesquisa, h\u00e1 uma s\u00e9rie de fatores ambientais e relacionados ao estilo de vida destas crian\u00e7as que modificam seus sistemas imunol\u00f3gicos e aumentam\u00a0o risco de asma, principalmente em seus primeiros anos de vida, fase em que o\u00a0sistema\u00a0pulmonar est\u00e1\u00a0em\u00a0desenvolvimento, dentre eles:<\/p>\n<p>Exposi\u00e7\u00e3o a poluentes ao ar livre, como\u00a0a fuma\u00e7a de tabaco e aqueles emitidos pelos ve\u00edculos;<\/p>\n<p>Obesidade e\u00a0falta de exerc\u00edcios;<\/p>\n<p>Altos n\u00edveis de estresse;<\/p>\n<p>Exposi\u00e7\u00e3o a al\u00e9rgenos de baratas ou de ratos.<\/p>\n<h2>Como previnir a asma?<\/h2>\n<p>A nutri\u00e7\u00e3o \u00e9 um fator\u00a0importante\u00a0para o desenvolvimento pulmonar e imunol\u00f3gico.\u00a0Alguns\u00a0estudos sugerem que certos nutrientes (\u00e1cidos graxos, \u00f4mega-3 e\u00a0vitamina D, por exemplo) e o consumo de frutas e vegetais protegem o organismo contra a asma.<\/p>\n<p>O estudo da Ureca\u00a0tamb\u00e9m encontrou uma forte correla\u00e7\u00e3o inversa entre altas concentra\u00e7\u00f5es de al\u00e9rgenos de baratas, ratos e de gatos presentes na poeira dom\u00e9stica e o risco de asma.<\/p>\n<p>De acordo com a pesquisa, quanto maiores as concentra\u00e7\u00f5es desses al\u00e9rgenos nos lares antes da crian\u00e7a completar tr\u00eas anos, menor ser\u00e1 o risco dela desenvolver asma antes dos sete\u00a0anos de idade.<\/p>\n<p>&nbsp;<\/p>\n<p><strong>CARIRI EM A\u00c7\u00c3O<\/strong><\/p>\n<div class=\"pf-content\">\n<p><em>Com Vix\/Foto: Reprodu\u00e7\u00e3o google<\/em><\/p>\n<p><strong>Leia mais not\u00edcias em\u00a0<\/strong><a href=\"http:\/\/www.caririemacao.com\/\"><strong>caririemacao.com<\/strong><\/a><strong>, siga nossa p\u00e1gina no\u00a0<\/strong><a href=\"https:\/\/www.facebook.com\/CaririEmAcao\/?ref=aymt_homepage_panel\"><strong>Facebook<\/strong><\/a>,<strong>\u00a0<\/strong><a href=\"https:\/\/www.instagram.com\/cariri_em_acao\/?hl=pt-br\"><strong>Instagram<\/strong><\/a><strong>\u00a0e\u00a0<\/strong><a href=\"https:\/\/www.youtube.com\/channel\/UCAptA0jQuYQy8vMhLt2m4qg\"><strong>Youtube<\/strong><\/a><strong>\u00a0e veja nossas mat\u00e9rias, v\u00eddeos e fotos. Voc\u00ea tamb\u00e9m pode enviar informa\u00e7\u00f5es \u00e0 Reda\u00e7\u00e3o do Portal Cariri em A\u00e7\u00e3o pelo WhatsApp (83) 9 9634.5791, (83) 9 9601-1162.<\/strong><\/p>\n<\/div>\n","protected":false},"excerpt":{"rendered":"<p>Um estudo do Ureca (Urban Environment and Childhood Asthma)\u00a0nos Estados Unidos\u00a0concluiu que os\u00a0casos de asma infantil\u00a0s\u00e3o mais incidentes em crian\u00e7as que vivem em grandes cidades.&hellip; <\/p>\n","protected":false},"author":2,"featured_media":41343,"comment_status":"closed","ping_status":"closed","sticky":false,"template":"","format":"standard","meta":{"sfsi_plus_gutenberg_text_before_share":"","sfsi_plus_gutenberg_show_text_before_share":"","sfsi_plus_gutenberg_icon_type":"","sfsi_plus_gutenberg_icon_alignemt":"","sfsi_plus_gutenburg_max_per_row":"","footnotes":""},"categories":[16],"tags":[],"class_list":["post-41342","post","type-post","status-publish","format-standard","has-post-thumbnail","hentry","category-saude"],"_links":{"self":[{"href":"https:\/\/www.caririemacao.com\/1\/wp-json\/wp\/v2\/posts\/41342","targetHints":{"allow":["GET"]}}],"collection":[{"href":"https:\/\/www.caririemacao.com\/1\/wp-json\/wp\/v2\/posts"}],"about":[{"href":"https:\/\/www.caririemacao.com\/1\/wp-json\/wp\/v2\/types\/post"}],"author":[{"embeddable":true,"href":"https:\/\/www.caririemacao.com\/1\/wp-json\/wp\/v2\/users\/2"}],"replies":[{"embeddable":true,"href":"https:\/\/www.caririemacao.com\/1\/wp-json\/wp\/v2\/comments?post=41342"}],"version-history":[{"count":0,"href":"https:\/\/www.caririemacao.com\/1\/wp-json\/wp\/v2\/posts\/41342\/revisions"}],"wp:featuredmedia":[{"embeddable":true,"href":"https:\/\/www.caririemacao.com\/1\/wp-json\/wp\/v2\/media\/41343"}],"wp:attachment":[{"href":"https:\/\/www.caririemacao.com\/1\/wp-json\/wp\/v2\/media?parent=41342"}],"wp:term":[{"taxonomy":"category","embeddable":true,"href":"https:\/\/www.caririemacao.com\/1\/wp-json\/wp\/v2\/categories?post=41342"},{"taxonomy":"post_tag","embeddable":true,"href":"https:\/\/www.caririemacao.com\/1\/wp-json\/wp\/v2\/tags?post=41342"}],"curies":[{"name":"wp","href":"https:\/\/api.w.org\/{rel}","templated":true}]}}