{"id":41345,"date":"2018-02-18T08:43:26","date_gmt":"2018-02-18T11:43:26","guid":{"rendered":"http:\/\/caririemacao.com\/1\/?p=41345"},"modified":"2018-02-18T08:45:54","modified_gmt":"2018-02-18T11:45:54","slug":"41345","status":"publish","type":"post","link":"https:\/\/www.caririemacao.com\/1\/2018\/02\/18\/41345\/","title":{"rendered":"Concursos: inscri\u00e7\u00f5es abertas para 1,1 mil vagas nesta segunda"},"content":{"rendered":"<p><span class=\"news_capital_letter\">A<\/span>o menos dez \u00f3rg\u00e3os abrem inscri\u00e7\u00f5es para concursos p\u00fabicos nesta segunda-feira (19). No total, s\u00e3o 1,1 mil vagas\u00a0para cargos de todos os n\u00edveis de escolaridade e com sal\u00e1rios de at\u00e9 R$ 11.434,19.<\/p>\n<p><span class=\"news_bold\">Amaz\u00f4nia Azul Tecnologias de Defesa S.A. (Amazul)<\/span>: inscri\u00e7\u00f5es at\u00e9 20\/03\/18 para 20 vagas. Sal\u00e1rios de at\u00e9 R$ 7.114,22 para o cargo de engenheiro nuclear. As vagas s\u00e3o para S\u00e3o Paulo.<\/p>\n<p><span class=\"news_bold\">C\u00e2mara Municipal de Alto Jequitib\u00e1 (MG)<\/span>: inscri\u00e7\u00f5es at\u00e9 22\/03\/18 para 3 vagas. Sal\u00e1rios de at\u00e9 R$ 1.200,00 para cargos de n\u00edvel fundamental e m\u00e9dio.<\/p>\n<p><span class=\"news_bold\">Prefeitura de Anori (AM)<\/span>: inscri\u00e7\u00f5es at\u00e9 23\/02\/18 para 188 vagas. Sal\u00e1rios de at\u00e9 R$ 5.000,00 para cargos de n\u00edvel fundamental, m\u00e9dio e superior.<\/p>\n<p><span class=\"news_bold\">Prefeitura de Corinto (MG)<\/span>: inscri\u00e7\u00f5es at\u00e9 20\/03\/18 para 134 vagas. Sal\u00e1rios de at\u00e9 R$ 2.401,30 para cargos de n\u00edvel fundamental, m\u00e9dio e superior.<\/p>\n<p><span class=\"news_bold\">Prefeitura de Iranduba (AM)<\/span>: inscri\u00e7\u00f5es at\u00e9 21\/02\/18 para 259 vagas. Sal\u00e1rio de R$ 1.357,20 para o cargo de professores.<\/p>\n<p><span class=\"news_bold\">Prefeitura de Nova Roma (GO)<\/span>: inscri\u00e7\u00f5es at\u00e9 14\/03\/18 para 98 vagas. Sal\u00e1rios de at\u00e9 R$ 5.039,19 para cargos de n\u00edvel fundamental, m\u00e9dio e superior.<\/p>\n<p><span class=\"news_bold\">Prefeitura de Pomp\u00e9u (MG)<\/span>: inscri\u00e7\u00f5es at\u00e9 20\/03\/18 para 87 vagas. Sal\u00e1rios de at\u00e9 R$ 4.767,47 para cargos de n\u00edvel alfabetizado, fundamental, m\u00e9dio e superior.<\/p>\n<p><span class=\"news_bold\">Prefeitura de Santa Maria do Par\u00e1 (PA)<\/span>: inscri\u00e7\u00f5es at\u00e9 18\/03\/18 para 203 vagas. Sal\u00e1rios de at\u00e9 R$ 2.144,14 para cargos de n\u00edvel fundamental, m\u00e9dio e superior.<\/p>\n<p><span class=\"news_bold\">Servi\u00e7o de Assist\u00eancia M\u00e9dica de Francisco Morato (SP)<\/span>: inscri\u00e7\u00f5es at\u00e9 23\/03\/18 para 46 vagas. Sal\u00e1rios de at\u00e9 R$ 11.434,19 para cargos de n\u00edvel fundamental, m\u00e9dio e superior.<\/p>\n<p><span class=\"news_bold\">Universidade Federal de Minas Gerais (UFMG)<\/span>: inscri\u00e7\u00f5es at\u00e9 12\/03\/18 para 61 vagas. Sal\u00e1rios de at\u00e9 R$ 4.180,66 para cargos de n\u00edvel fundamental, m\u00e9dio e superior.<\/p>\n<p><strong>CARIRI EM A\u00c7\u00c3O<\/strong><\/p>\n<div class=\"pf-content\">\n<p><em>Com Brasil ao minuto\/Foto: Reprodu\u00e7\u00e3o google<\/em><\/p>\n<p><strong>Leia mais not\u00edcias em\u00a0<\/strong><a href=\"http:\/\/www.caririemacao.com\/\"><strong>caririemacao.com<\/strong><\/a><strong>, siga nossa p\u00e1gina no\u00a0<\/strong><a href=\"https:\/\/www.facebook.com\/CaririEmAcao\/?ref=aymt_homepage_panel\"><strong>Facebook<\/strong><\/a>,<strong>\u00a0<\/strong><a href=\"https:\/\/www.instagram.com\/cariri_em_acao\/?hl=pt-br\"><strong>Instagram<\/strong><\/a><strong>\u00a0e\u00a0<\/strong><a href=\"https:\/\/www.youtube.com\/channel\/UCAptA0jQuYQy8vMhLt2m4qg\"><strong>Youtube<\/strong><\/a><strong>\u00a0e veja nossas mat\u00e9rias, v\u00eddeos e fotos. Voc\u00ea tamb\u00e9m pode enviar informa\u00e7\u00f5es \u00e0 Reda\u00e7\u00e3o do Portal Cariri em A\u00e7\u00e3o pelo WhatsApp (83) 9 9634.5791, (83) 9 9601-1162.<\/strong><\/p>\n<\/div>\n","protected":false},"excerpt":{"rendered":"<p>Ao menos dez \u00f3rg\u00e3os abrem inscri\u00e7\u00f5es para concursos p\u00fabicos nesta segunda-feira (19). No total, s\u00e3o 1,1 mil vagas\u00a0para cargos de todos os n\u00edveis de escolaridade&hellip; <\/p>\n","protected":false},"author":2,"featured_media":41346,"comment_status":"closed","ping_status":"closed","sticky":false,"template":"","format":"standard","meta":{"sfsi_plus_gutenberg_text_before_share":"","sfsi_plus_gutenberg_show_text_before_share":"","sfsi_plus_gutenberg_icon_type":"","sfsi_plus_gutenberg_icon_alignemt":"","sfsi_plus_gutenburg_max_per_row":"","footnotes":""},"categories":[2],"tags":[],"class_list":["post-41345","post","type-post","status-publish","format-standard","has-post-thumbnail","hentry","category-geral"],"_links":{"self":[{"href":"https:\/\/www.caririemacao.com\/1\/wp-json\/wp\/v2\/posts\/41345","targetHints":{"allow":["GET"]}}],"collection":[{"href":"https:\/\/www.caririemacao.com\/1\/wp-json\/wp\/v2\/posts"}],"about":[{"href":"https:\/\/www.caririemacao.com\/1\/wp-json\/wp\/v2\/types\/post"}],"author":[{"embeddable":true,"href":"https:\/\/www.caririemacao.com\/1\/wp-json\/wp\/v2\/users\/2"}],"replies":[{"embeddable":true,"href":"https:\/\/www.caririemacao.com\/1\/wp-json\/wp\/v2\/comments?post=41345"}],"version-history":[{"count":0,"href":"https:\/\/www.caririemacao.com\/1\/wp-json\/wp\/v2\/posts\/41345\/revisions"}],"wp:featuredmedia":[{"embeddable":true,"href":"https:\/\/www.caririemacao.com\/1\/wp-json\/wp\/v2\/media\/41346"}],"wp:attachment":[{"href":"https:\/\/www.caririemacao.com\/1\/wp-json\/wp\/v2\/media?parent=41345"}],"wp:term":[{"taxonomy":"category","embeddable":true,"href":"https:\/\/www.caririemacao.com\/1\/wp-json\/wp\/v2\/categories?post=41345"},{"taxonomy":"post_tag","embeddable":true,"href":"https:\/\/www.caririemacao.com\/1\/wp-json\/wp\/v2\/tags?post=41345"}],"curies":[{"name":"wp","href":"https:\/\/api.w.org\/{rel}","templated":true}]}}