{"id":41349,"date":"2018-02-18T08:49:14","date_gmt":"2018-02-18T11:49:14","guid":{"rendered":"http:\/\/caririemacao.com\/1\/?p=41349"},"modified":"2018-02-18T08:49:14","modified_gmt":"2018-02-18T11:49:14","slug":"inscricoes-para-o-fies-comecam-na-segunda-feira-19","status":"publish","type":"post","link":"https:\/\/www.caririemacao.com\/1\/2018\/02\/18\/inscricoes-para-o-fies-comecam-na-segunda-feira-19\/","title":{"rendered":"Inscri\u00e7\u00f5es para o Fies come\u00e7am na segunda-feira (19)"},"content":{"rendered":"<p>Quem quiser participar do Fundo de Financiamento Estudantil (Fies) deste ano deve ficar atento \u00e0s informa\u00e7\u00f5es do\u00a0edital\u00a0publicado nesta sexta-feira (16) pelo Minist\u00e9rio da Educa\u00e7\u00e3o. No total, ser\u00e3o ofertadas 310 mil vagas, sendo 155 mil para os primeiros seis meses do ano. Poder\u00e3o ser financiados os cursos de gradua\u00e7\u00e3o com conceito maior ou igual a tr\u00eas no Sistema Nacional de Avalia\u00e7\u00e3o da Educa\u00e7\u00e3o Superior (Sinaes).<\/p>\n<p><span class=\"news_bold\">Calend\u00e1rio<\/span><\/p>\n<p>As inscri\u00e7\u00f5es ser\u00e3o feitas exclusivamente pela internet, entre 19 e 28 de fevereiro. O resultado ser\u00e1 publicado em 5 de mar\u00e7o. Para poder concorrer a uma vaga, o candidato deve ter feito uma das edi\u00e7\u00f5es do Exame Nacional do Ensino M\u00e9dio (Enem) a partir de 2010, com m\u00e9dia igual ou superior a 450 pontos, e obtido nota maior que zero na reda\u00e7\u00e3o.<\/p>\n<p><span class=\"news_bold\">Modalidades<\/span><\/p>\n<p>O Novo Fies divide o programa em diferentes modalidades de financiamento conforme a renda familiar do candidato. Do total de vagas ofertadas, 100 mil ter\u00e3o juros zero para os estudantes que comprovarem uma renda per capita mensal familiar de at\u00e9 tr\u00eas sal\u00e1rios m\u00ednimos.<\/p>\n<p>As outras duas modalidades destinam-se a estudantes com renda familiar de at\u00e9 cinco sal\u00e1rios m\u00ednimos. Para atender a essa parcela de candidatos, o Novo Fies ter\u00e1 recursos dos Fundos Constitucionais e de Desenvolvimento.<\/p>\n<p><strong>CARIRI EM A\u00c7\u00c3O<\/strong><\/p>\n<div class=\"pf-content\">\n<p><em>Com Portal Brasil\/Foto: Reprodu\u00e7\u00e3o google<\/em><\/p>\n<p><strong>Leia mais not\u00edcias em\u00a0<\/strong><a href=\"http:\/\/www.caririemacao.com\/\"><strong>caririemacao.com<\/strong><\/a><strong>, siga nossa p\u00e1gina no\u00a0<\/strong><a href=\"https:\/\/www.facebook.com\/CaririEmAcao\/?ref=aymt_homepage_panel\"><strong>Facebook<\/strong><\/a>,<strong>\u00a0<\/strong><a href=\"https:\/\/www.instagram.com\/cariri_em_acao\/?hl=pt-br\"><strong>Instagram<\/strong><\/a><strong>\u00a0e\u00a0<\/strong><a href=\"https:\/\/www.youtube.com\/channel\/UCAptA0jQuYQy8vMhLt2m4qg\"><strong>Youtube<\/strong><\/a><strong>\u00a0e veja nossas mat\u00e9rias, v\u00eddeos e fotos. Voc\u00ea tamb\u00e9m pode enviar informa\u00e7\u00f5es \u00e0 Reda\u00e7\u00e3o do Portal Cariri em A\u00e7\u00e3o pelo WhatsApp (83) 9 9634.5791, (83) 9 9601-1162.<\/strong><\/p>\n<\/div>\n","protected":false},"excerpt":{"rendered":"<p>Quem quiser participar do Fundo de Financiamento Estudantil (Fies) deste ano deve ficar atento \u00e0s informa\u00e7\u00f5es do\u00a0edital\u00a0publicado nesta sexta-feira (16) pelo Minist\u00e9rio da Educa\u00e7\u00e3o. No&hellip; <\/p>\n","protected":false},"author":2,"featured_media":41350,"comment_status":"closed","ping_status":"closed","sticky":false,"template":"","format":"standard","meta":{"sfsi_plus_gutenberg_text_before_share":"","sfsi_plus_gutenberg_show_text_before_share":"","sfsi_plus_gutenberg_icon_type":"","sfsi_plus_gutenberg_icon_alignemt":"","sfsi_plus_gutenburg_max_per_row":"","footnotes":""},"categories":[14],"tags":[],"class_list":["post-41349","post","type-post","status-publish","format-standard","has-post-thumbnail","hentry","category-educacao"],"_links":{"self":[{"href":"https:\/\/www.caririemacao.com\/1\/wp-json\/wp\/v2\/posts\/41349","targetHints":{"allow":["GET"]}}],"collection":[{"href":"https:\/\/www.caririemacao.com\/1\/wp-json\/wp\/v2\/posts"}],"about":[{"href":"https:\/\/www.caririemacao.com\/1\/wp-json\/wp\/v2\/types\/post"}],"author":[{"embeddable":true,"href":"https:\/\/www.caririemacao.com\/1\/wp-json\/wp\/v2\/users\/2"}],"replies":[{"embeddable":true,"href":"https:\/\/www.caririemacao.com\/1\/wp-json\/wp\/v2\/comments?post=41349"}],"version-history":[{"count":0,"href":"https:\/\/www.caririemacao.com\/1\/wp-json\/wp\/v2\/posts\/41349\/revisions"}],"wp:featuredmedia":[{"embeddable":true,"href":"https:\/\/www.caririemacao.com\/1\/wp-json\/wp\/v2\/media\/41350"}],"wp:attachment":[{"href":"https:\/\/www.caririemacao.com\/1\/wp-json\/wp\/v2\/media?parent=41349"}],"wp:term":[{"taxonomy":"category","embeddable":true,"href":"https:\/\/www.caririemacao.com\/1\/wp-json\/wp\/v2\/categories?post=41349"},{"taxonomy":"post_tag","embeddable":true,"href":"https:\/\/www.caririemacao.com\/1\/wp-json\/wp\/v2\/tags?post=41349"}],"curies":[{"name":"wp","href":"https:\/\/api.w.org\/{rel}","templated":true}]}}