{"id":41358,"date":"2018-02-18T09:35:04","date_gmt":"2018-02-18T12:35:04","guid":{"rendered":"http:\/\/caririemacao.com\/1\/?p=41358"},"modified":"2018-02-18T09:35:04","modified_gmt":"2018-02-18T12:35:04","slug":"defesa-de-lula-tem-ate-terca-para-recorrer-no-processo-do-triplex","status":"publish","type":"post","link":"https:\/\/www.caririemacao.com\/1\/2018\/02\/18\/defesa-de-lula-tem-ate-terca-para-recorrer-no-processo-do-triplex\/","title":{"rendered":"Defesa de Lula tem at\u00e9 ter\u00e7a para recorrer no processo do triplex"},"content":{"rendered":"<p><span class=\"news_capital_letter\">O\u00a0<\/span>prazo para a defesa do ex-presidente Luiz In\u00e1cio Lula da Silva (PT) recorrer contra a decis\u00e3o em segunda inst\u00e2ncia que manteve a condena\u00e7\u00e3o do petista e aumentou a pena no caso do triplex no Guaruj\u00e1 (SP) termina \u00e0s 23h59 de ter\u00e7a-feira (20).<\/p>\n<p>De acordo com o G1, o prazo do petista come\u00e7a a contar a partir da 0h de segunda-feira (19), quando os advogados ter\u00e3o 48 horas para apresentar o recurso.<\/p>\n<p>A movimenta\u00e7\u00e3o do processo junto ao Tribunal Regional Federal da 4\u00aa Regi\u00e3o (TRF-4) indica que os envolvidos foram considerados notificados automaticamente \u00e0s 23h59 de sexta-feira (16). Com isso, o prazo conta a partir do pr\u00f3ximo dia \u00faltil.<\/p>\n<p>No julgamento do dia 24 de janeiro, os desembargadores da 8\u00aa Turma do TRF-4 votaram por elevar para 12 anos e 1 m\u00eas de pris\u00e3o a pena de Lula pelos crimes de corrup\u00e7\u00e3o passiva e lavagem de dinheiro. No dia 6 de fevereiro, foi publicada a decis\u00e3o, chamada de ac\u00f3rd\u00e3o. Como a decis\u00e3o foi un\u00e2nime, a defesa de Lula pode apresentar apenas os chamados embargos de declara\u00e7\u00e3o.<\/p>\n<p>A publica\u00e7\u00e3o explica que o julgamento dos embargos de declara\u00e7\u00e3o costuma ser r\u00e1pido, apesar de n\u00e3o ter prazo. No caso de Lula, ser\u00e1 realizado pelos mesmos desembargadores da 8\u00aa Turma: Jo\u00e3o Pedro Gebran Neto, Leandro Paulsen e Victor Luiz dos Santos Laus.<\/p>\n<p><strong>CARIRI EM A\u00c7\u00c3O<\/strong><\/p>\n<div class=\"pf-content\">\n<p><em>Com Pol\u00edtica ao minuto\/Foto: Reprodu\u00e7\u00e3o google\u00a0<\/em><\/p>\n<p><strong>Leia mais not\u00edcias em\u00a0<\/strong><a href=\"http:\/\/www.caririemacao.com\/\"><strong>caririemacao.com<\/strong><\/a><strong>, siga nossa p\u00e1gina no\u00a0<\/strong><a href=\"https:\/\/www.facebook.com\/CaririEmAcao\/?ref=aymt_homepage_panel\"><strong>Facebook<\/strong><\/a>,<strong>\u00a0<\/strong><a href=\"https:\/\/www.instagram.com\/cariri_em_acao\/?hl=pt-br\"><strong>Instagram<\/strong><\/a><strong>\u00a0e\u00a0<\/strong><a href=\"https:\/\/www.youtube.com\/channel\/UCAptA0jQuYQy8vMhLt2m4qg\"><strong>Youtube<\/strong><\/a><strong>\u00a0e veja nossas mat\u00e9rias, v\u00eddeos e fotos. Voc\u00ea tamb\u00e9m pode enviar informa\u00e7\u00f5es \u00e0 Reda\u00e7\u00e3o do Portal Cariri em A\u00e7\u00e3o pelo WhatsApp (83) 9 9634.5791, (83) 9 9601-1162.<\/strong><\/p>\n<\/div>\n","protected":false},"excerpt":{"rendered":"<p>O\u00a0prazo para a defesa do ex-presidente Luiz In\u00e1cio Lula da Silva (PT) recorrer contra a decis\u00e3o em segunda inst\u00e2ncia que manteve a condena\u00e7\u00e3o do petista&hellip; <\/p>\n","protected":false},"author":2,"featured_media":41359,"comment_status":"closed","ping_status":"closed","sticky":false,"template":"","format":"standard","meta":{"sfsi_plus_gutenberg_text_before_share":"","sfsi_plus_gutenberg_show_text_before_share":"","sfsi_plus_gutenberg_icon_type":"","sfsi_plus_gutenberg_icon_alignemt":"","sfsi_plus_gutenburg_max_per_row":"","footnotes":""},"categories":[11],"tags":[],"class_list":["post-41358","post","type-post","status-publish","format-standard","has-post-thumbnail","hentry","category-politica"],"_links":{"self":[{"href":"https:\/\/www.caririemacao.com\/1\/wp-json\/wp\/v2\/posts\/41358","targetHints":{"allow":["GET"]}}],"collection":[{"href":"https:\/\/www.caririemacao.com\/1\/wp-json\/wp\/v2\/posts"}],"about":[{"href":"https:\/\/www.caririemacao.com\/1\/wp-json\/wp\/v2\/types\/post"}],"author":[{"embeddable":true,"href":"https:\/\/www.caririemacao.com\/1\/wp-json\/wp\/v2\/users\/2"}],"replies":[{"embeddable":true,"href":"https:\/\/www.caririemacao.com\/1\/wp-json\/wp\/v2\/comments?post=41358"}],"version-history":[{"count":0,"href":"https:\/\/www.caririemacao.com\/1\/wp-json\/wp\/v2\/posts\/41358\/revisions"}],"wp:featuredmedia":[{"embeddable":true,"href":"https:\/\/www.caririemacao.com\/1\/wp-json\/wp\/v2\/media\/41359"}],"wp:attachment":[{"href":"https:\/\/www.caririemacao.com\/1\/wp-json\/wp\/v2\/media?parent=41358"}],"wp:term":[{"taxonomy":"category","embeddable":true,"href":"https:\/\/www.caririemacao.com\/1\/wp-json\/wp\/v2\/categories?post=41358"},{"taxonomy":"post_tag","embeddable":true,"href":"https:\/\/www.caririemacao.com\/1\/wp-json\/wp\/v2\/tags?post=41358"}],"curies":[{"name":"wp","href":"https:\/\/api.w.org\/{rel}","templated":true}]}}