{"id":41361,"date":"2018-02-18T09:59:49","date_gmt":"2018-02-18T12:59:49","guid":{"rendered":"http:\/\/caririemacao.com\/1\/?p=41361"},"modified":"2018-02-18T10:01:44","modified_gmt":"2018-02-18T13:01:44","slug":"psg-ou-real-madrid-jornal-catalao-crava-futuro-de-neymar","status":"publish","type":"post","link":"https:\/\/www.caririemacao.com\/1\/2018\/02\/18\/psg-ou-real-madrid-jornal-catalao-crava-futuro-de-neymar\/","title":{"rendered":"PSG ou Real Madrid? Jornal catal\u00e3o crava futuro de Neymar"},"content":{"rendered":"<p>Neymar n\u00e3o ir\u00e1 para o Real Madrid. Essa \u00e9 a informa\u00e7\u00e3o cravada pelo di\u00e1rio Sport, de Barcelona, sobre o futuro do craque brasileiro.<\/p>\n<p>\u201cQuantos jogadores, importantes para o nosso time, vendemos desde 2010?\u201d, indagou uma fonte do clube.<\/p>\n<p>O caso do camisa 10 seria mais um entre muitos de insucesso envolvendo o clube merengue e a equipe francesa. Segundo relembra o jornal,\u00a0Marquinhos, Thiago Silva, Verratti e Di Mar\u00eda\u00a0j\u00e1 foram pretendidos pelo time de Florentino P\u00e9rez, mas todos permanecem no PSG.<\/p>\n<p>\u201cTemos 2000% de certeza que ele n\u00e3o sai\u201d, disse Nasser Al-Khelaifi, presidente do PSG.<\/p>\n<p>Comprado por 222 milh\u00f5es de euros, mais de 800 milh\u00f5es de reais, o contrato de Neymar\u00a0vence em 2022.<\/p>\n<p><strong>CARIRI EM A\u00c7\u00c3O<\/strong><\/p>\n<div class=\"pf-content\">\n<p><em>Com Esporte ao minuto\/Foto: Reprodu\u00e7\u00e3o google<\/em><\/p>\n<p><strong>Leia mais not\u00edcias em\u00a0<\/strong><a href=\"http:\/\/www.caririemacao.com\/\"><strong>caririemacao.com<\/strong><\/a><strong>, siga nossa p\u00e1gina no\u00a0<\/strong><a href=\"https:\/\/www.facebook.com\/CaririEmAcao\/?ref=aymt_homepage_panel\"><strong>Facebook<\/strong><\/a>,<strong>\u00a0<\/strong><a href=\"https:\/\/www.instagram.com\/cariri_em_acao\/?hl=pt-br\"><strong>Instagram<\/strong><\/a><strong>\u00a0e\u00a0<\/strong><a href=\"https:\/\/www.youtube.com\/channel\/UCAptA0jQuYQy8vMhLt2m4qg\"><strong>Youtube<\/strong><\/a><strong>\u00a0e veja nossas mat\u00e9rias, v\u00eddeos e fotos. Voc\u00ea tamb\u00e9m pode enviar informa\u00e7\u00f5es \u00e0 Reda\u00e7\u00e3o do Portal Cariri em A\u00e7\u00e3o pelo WhatsApp (83) 9 9634.5791, (83) 9 9601-1162.<\/strong><\/p>\n<\/div>\n","protected":false},"excerpt":{"rendered":"<p>Neymar n\u00e3o ir\u00e1 para o Real Madrid. Essa \u00e9 a informa\u00e7\u00e3o cravada pelo di\u00e1rio Sport, de Barcelona, sobre o futuro do craque brasileiro. \u201cQuantos jogadores,&hellip; <\/p>\n","protected":false},"author":2,"featured_media":1107,"comment_status":"closed","ping_status":"closed","sticky":false,"template":"","format":"standard","meta":{"sfsi_plus_gutenberg_text_before_share":"","sfsi_plus_gutenberg_show_text_before_share":"","sfsi_plus_gutenberg_icon_type":"","sfsi_plus_gutenberg_icon_alignemt":"","sfsi_plus_gutenburg_max_per_row":"","footnotes":""},"categories":[13],"tags":[],"class_list":["post-41361","post","type-post","status-publish","format-standard","has-post-thumbnail","hentry","category-esportes"],"_links":{"self":[{"href":"https:\/\/www.caririemacao.com\/1\/wp-json\/wp\/v2\/posts\/41361","targetHints":{"allow":["GET"]}}],"collection":[{"href":"https:\/\/www.caririemacao.com\/1\/wp-json\/wp\/v2\/posts"}],"about":[{"href":"https:\/\/www.caririemacao.com\/1\/wp-json\/wp\/v2\/types\/post"}],"author":[{"embeddable":true,"href":"https:\/\/www.caririemacao.com\/1\/wp-json\/wp\/v2\/users\/2"}],"replies":[{"embeddable":true,"href":"https:\/\/www.caririemacao.com\/1\/wp-json\/wp\/v2\/comments?post=41361"}],"version-history":[{"count":0,"href":"https:\/\/www.caririemacao.com\/1\/wp-json\/wp\/v2\/posts\/41361\/revisions"}],"wp:featuredmedia":[{"embeddable":true,"href":"https:\/\/www.caririemacao.com\/1\/wp-json\/wp\/v2\/media\/1107"}],"wp:attachment":[{"href":"https:\/\/www.caririemacao.com\/1\/wp-json\/wp\/v2\/media?parent=41361"}],"wp:term":[{"taxonomy":"category","embeddable":true,"href":"https:\/\/www.caririemacao.com\/1\/wp-json\/wp\/v2\/categories?post=41361"},{"taxonomy":"post_tag","embeddable":true,"href":"https:\/\/www.caririemacao.com\/1\/wp-json\/wp\/v2\/tags?post=41361"}],"curies":[{"name":"wp","href":"https:\/\/api.w.org\/{rel}","templated":true}]}}