{"id":41369,"date":"2018-02-18T23:19:45","date_gmt":"2018-02-19T02:19:45","guid":{"rendered":"http:\/\/caririemacao.com\/1\/?p=41369"},"modified":"2018-02-18T23:24:41","modified_gmt":"2018-02-19T02:24:41","slug":"george-aquino-pede-urgencia-na-execucao-de-pocos-e-barragens-do-procase-em-sao-joao-do-cariri","status":"publish","type":"post","link":"https:\/\/www.caririemacao.com\/1\/2018\/02\/18\/george-aquino-pede-urgencia-na-execucao-de-pocos-e-barragens-do-procase-em-sao-joao-do-cariri\/","title":{"rendered":"George Aquino pede urg\u00eancia na execu\u00e7\u00e3o de po\u00e7os e barragens do Procase em S\u00e3o Jo\u00e3o do Cariri"},"content":{"rendered":"<p>Uma solicita\u00e7\u00e3o apresentada pelo vereador George Aquino durante a reuni\u00e3o da C\u00e2mara de Vereadores de S\u00e3o Jo\u00e3o do Cariri, realizada na noite desta sexta-feira, dia 16, foi aprovada e a C\u00e2mara Municipal vai encaminhar of\u00edcio solicitando provid\u00eancias do Procase sobre as obras que est\u00e3o sendo executadas no munic\u00edpio.<\/p>\n<p>De acordo com a solicita\u00e7\u00e3o de George, o of\u00edcio ser\u00e1 enviado ao PROCASE\/PARAIBA, na pessoa de Aristeu Chaves, para que sejam tomadas medidas imediatas e urgentes no que se refere \u00e0 conclus\u00e3o das obras iniciadas no munic\u00edpio por este \u00f3rg\u00e3o.<\/p>\n<p>Na justificativa, ele citou as barragens subterr\u00e2neas das comunidades Macambira, Picoito, Floresta e Figueira, al\u00e9m da conclus\u00e3o de po\u00e7os nas comunidades Curral do Meio, Porto das Pedras, Uru\u00e7u, Mares e Cachoeira II.<\/p>\n<p><strong>CARIRI EM A\u00c7\u00c3O<\/strong><\/p>\n<p><strong>Leia mais not\u00edcias em\u00a0<\/strong><a style=\"font-style: inherit; font-weight: inherit;\" href=\"http:\/\/www.caririemacao.com\/\"><strong style=\"font-style: inherit;\">caririemacao.com<\/strong><\/a><strong style=\"font-style: inherit;\">, siga nossa p\u00e1gina no\u00a0<\/strong><a style=\"font-style: inherit; font-weight: inherit;\" href=\"https:\/\/www.facebook.com\/CaririEmAcao\/?ref=aymt_homepage_panel\"><strong style=\"font-style: inherit;\">Facebook<\/strong><\/a>,<strong style=\"font-style: inherit;\">\u00a0<\/strong><a style=\"font-style: inherit; font-weight: inherit;\" href=\"https:\/\/www.instagram.com\/cariri_em_acao\/?hl=pt-br\"><strong style=\"font-style: inherit;\">Instagram<\/strong><\/a><strong style=\"font-style: inherit;\">\u00a0e\u00a0<\/strong><a style=\"font-style: inherit; font-weight: inherit;\" href=\"https:\/\/www.youtube.com\/channel\/UCAptA0jQuYQy8vMhLt2m4qg\"><strong style=\"font-style: inherit;\">Youtube<\/strong><\/a><strong style=\"font-style: inherit;\">\u00a0e veja nossas mat\u00e9rias, v\u00eddeos e fotos. Voc\u00ea tamb\u00e9m pode enviar informa\u00e7\u00f5es \u00e0 Reda\u00e7\u00e3o do Portal Cariri em A\u00e7\u00e3o pelo WhatsApp (83) 9 9634.5791, (83) 9 9601-1162.<\/strong><\/p>\n","protected":false},"excerpt":{"rendered":"<p>Uma solicita\u00e7\u00e3o apresentada pelo vereador George Aquino durante a reuni\u00e3o da C\u00e2mara de Vereadores de S\u00e3o Jo\u00e3o do Cariri, realizada na noite desta sexta-feira, dia&hellip; <\/p>\n","protected":false},"author":2,"featured_media":41370,"comment_status":"closed","ping_status":"closed","sticky":false,"template":"","format":"standard","meta":{"sfsi_plus_gutenberg_text_before_share":"","sfsi_plus_gutenberg_show_text_before_share":"","sfsi_plus_gutenberg_icon_type":"","sfsi_plus_gutenberg_icon_alignemt":"","sfsi_plus_gutenburg_max_per_row":"","footnotes":""},"categories":[2],"tags":[],"class_list":["post-41369","post","type-post","status-publish","format-standard","has-post-thumbnail","hentry","category-geral"],"_links":{"self":[{"href":"https:\/\/www.caririemacao.com\/1\/wp-json\/wp\/v2\/posts\/41369","targetHints":{"allow":["GET"]}}],"collection":[{"href":"https:\/\/www.caririemacao.com\/1\/wp-json\/wp\/v2\/posts"}],"about":[{"href":"https:\/\/www.caririemacao.com\/1\/wp-json\/wp\/v2\/types\/post"}],"author":[{"embeddable":true,"href":"https:\/\/www.caririemacao.com\/1\/wp-json\/wp\/v2\/users\/2"}],"replies":[{"embeddable":true,"href":"https:\/\/www.caririemacao.com\/1\/wp-json\/wp\/v2\/comments?post=41369"}],"version-history":[{"count":0,"href":"https:\/\/www.caririemacao.com\/1\/wp-json\/wp\/v2\/posts\/41369\/revisions"}],"wp:featuredmedia":[{"embeddable":true,"href":"https:\/\/www.caririemacao.com\/1\/wp-json\/wp\/v2\/media\/41370"}],"wp:attachment":[{"href":"https:\/\/www.caririemacao.com\/1\/wp-json\/wp\/v2\/media?parent=41369"}],"wp:term":[{"taxonomy":"category","embeddable":true,"href":"https:\/\/www.caririemacao.com\/1\/wp-json\/wp\/v2\/categories?post=41369"},{"taxonomy":"post_tag","embeddable":true,"href":"https:\/\/www.caririemacao.com\/1\/wp-json\/wp\/v2\/tags?post=41369"}],"curies":[{"name":"wp","href":"https:\/\/api.w.org\/{rel}","templated":true}]}}