{"id":41373,"date":"2018-02-18T23:06:27","date_gmt":"2018-02-19T02:06:27","guid":{"rendered":"http:\/\/caririemacao.com\/1\/?p=41373"},"modified":"2018-02-18T23:24:04","modified_gmt":"2018-02-19T02:24:04","slug":"vereadores-de-sao-joao-do-cariri-reduzem-seus-proprios-salarios","status":"publish","type":"post","link":"https:\/\/www.caririemacao.com\/1\/2018\/02\/18\/vereadores-de-sao-joao-do-cariri-reduzem-seus-proprios-salarios\/","title":{"rendered":"Vereadores de S\u00e3o Jo\u00e3o do Cariri reduzem seus pr\u00f3prios sal\u00e1rios"},"content":{"rendered":"<p>Pensando no zelo com o er\u00e1rio p\u00fablico e na crise econ\u00f4mica que assola o pa\u00eds, a C\u00e2mara de Vereadores de S\u00e3o Jo\u00e3o do Cariri, no Cariri Paraibano, dar exemplo e reduz o sal\u00e1rio dos membros do parlamento mirim.<\/p>\n<p>A proposta partiu do presidente da C\u00e2mara Municipal, H\u00e9lio Morais e foi aprovada de forma un\u00e2nime pelos parlamentares na sess\u00e3o.<\/p>\n<p><a href=\"http:\/\/caririemacao.com\/1\/wp-content\/uploads\/2018\/02\/28058533_1184925791643442_9189605207962409859_n.jpg\"><img fetchpriority=\"high\" decoding=\"async\" class=\"aligncenter size-full wp-image-41375\" src=\"http:\/\/caririemacao.com\/1\/wp-content\/uploads\/2018\/02\/28058533_1184925791643442_9189605207962409859_n.jpg\" alt=\"\" width=\"800\" height=\"533\" srcset=\"https:\/\/www.caririemacao.com\/1\/wp-content\/uploads\/2018\/02\/28058533_1184925791643442_9189605207962409859_n.jpg 800w, https:\/\/www.caririemacao.com\/1\/wp-content\/uploads\/2018\/02\/28058533_1184925791643442_9189605207962409859_n-300x200.jpg 300w, https:\/\/www.caririemacao.com\/1\/wp-content\/uploads\/2018\/02\/28058533_1184925791643442_9189605207962409859_n-768x512.jpg 768w\" sizes=\"(max-width: 800px) 100vw, 800px\" \/><\/a><\/p>\n<p>Segundo o presidente da C\u00e2mara,\u00a0H\u00e9lio Morais, a decis\u00e3o foi tomada por conta da crise econ\u00f4mica que atinge o pa\u00eds. &#8220;Com a queda de or\u00e7amento do munic\u00edpio, t\u00ednhamos que ajudar de alguma forma a cidade, por isso, tive a ideia e procurei os vereadores e que n\u00e3o demostraram nenhuma dificuldade&#8221;, disse o presidente.<\/p>\n<p><strong>CARIRI EM A\u00c7\u00c3O<\/strong><\/p>\n<p><strong>Leia mais not\u00edcias em\u00a0<\/strong><a style=\"font-style: inherit; font-weight: inherit;\" href=\"http:\/\/www.caririemacao.com\/\"><strong style=\"font-style: inherit;\">caririemacao.com<\/strong><\/a><strong style=\"font-style: inherit;\">, siga nossa p\u00e1gina no\u00a0<\/strong><a style=\"font-style: inherit; font-weight: inherit;\" href=\"https:\/\/www.facebook.com\/CaririEmAcao\/?ref=aymt_homepage_panel\"><strong style=\"font-style: inherit;\">Facebook<\/strong><\/a>,<strong style=\"font-style: inherit;\">\u00a0<\/strong><a style=\"font-style: inherit; font-weight: inherit;\" href=\"https:\/\/www.instagram.com\/cariri_em_acao\/?hl=pt-br\"><strong style=\"font-style: inherit;\">Instagram<\/strong><\/a><strong style=\"font-style: inherit;\">\u00a0e\u00a0<\/strong><a style=\"font-style: inherit; font-weight: inherit;\" href=\"https:\/\/www.youtube.com\/channel\/UCAptA0jQuYQy8vMhLt2m4qg\"><strong style=\"font-style: inherit;\">Youtube<\/strong><\/a><strong style=\"font-style: inherit;\">\u00a0e veja nossas mat\u00e9rias, v\u00eddeos e fotos. Voc\u00ea tamb\u00e9m pode enviar informa\u00e7\u00f5es \u00e0 Reda\u00e7\u00e3o do Portal Cariri em A\u00e7\u00e3o pelo WhatsApp (83) 9 9634.5791, (83) 9 9601-1162.<\/strong><\/p>\n","protected":false},"excerpt":{"rendered":"<p>Pensando no zelo com o er\u00e1rio p\u00fablico e na crise econ\u00f4mica que assola o pa\u00eds, a C\u00e2mara de Vereadores de S\u00e3o Jo\u00e3o do Cariri, no&hellip; <\/p>\n","protected":false},"author":2,"featured_media":41374,"comment_status":"closed","ping_status":"closed","sticky":false,"template":"","format":"standard","meta":{"sfsi_plus_gutenberg_text_before_share":"","sfsi_plus_gutenberg_show_text_before_share":"","sfsi_plus_gutenberg_icon_type":"","sfsi_plus_gutenberg_icon_alignemt":"","sfsi_plus_gutenburg_max_per_row":"","footnotes":""},"categories":[11],"tags":[],"class_list":["post-41373","post","type-post","status-publish","format-standard","has-post-thumbnail","hentry","category-politica"],"_links":{"self":[{"href":"https:\/\/www.caririemacao.com\/1\/wp-json\/wp\/v2\/posts\/41373","targetHints":{"allow":["GET"]}}],"collection":[{"href":"https:\/\/www.caririemacao.com\/1\/wp-json\/wp\/v2\/posts"}],"about":[{"href":"https:\/\/www.caririemacao.com\/1\/wp-json\/wp\/v2\/types\/post"}],"author":[{"embeddable":true,"href":"https:\/\/www.caririemacao.com\/1\/wp-json\/wp\/v2\/users\/2"}],"replies":[{"embeddable":true,"href":"https:\/\/www.caririemacao.com\/1\/wp-json\/wp\/v2\/comments?post=41373"}],"version-history":[{"count":0,"href":"https:\/\/www.caririemacao.com\/1\/wp-json\/wp\/v2\/posts\/41373\/revisions"}],"wp:featuredmedia":[{"embeddable":true,"href":"https:\/\/www.caririemacao.com\/1\/wp-json\/wp\/v2\/media\/41374"}],"wp:attachment":[{"href":"https:\/\/www.caririemacao.com\/1\/wp-json\/wp\/v2\/media?parent=41373"}],"wp:term":[{"taxonomy":"category","embeddable":true,"href":"https:\/\/www.caririemacao.com\/1\/wp-json\/wp\/v2\/categories?post=41373"},{"taxonomy":"post_tag","embeddable":true,"href":"https:\/\/www.caririemacao.com\/1\/wp-json\/wp\/v2\/tags?post=41373"}],"curies":[{"name":"wp","href":"https:\/\/api.w.org\/{rel}","templated":true}]}}