{"id":41381,"date":"2018-02-18T23:46:46","date_gmt":"2018-02-19T02:46:46","guid":{"rendered":"http:\/\/caririemacao.com\/1\/?p=41381"},"modified":"2018-02-18T23:46:50","modified_gmt":"2018-02-19T02:46:50","slug":"maior-lideranca-solta-do-pcc-gege-do-mangue-e-assassinado-no-ceara","status":"publish","type":"post","link":"https:\/\/www.caririemacao.com\/1\/2018\/02\/18\/maior-lideranca-solta-do-pcc-gege-do-mangue-e-assassinado-no-ceara\/","title":{"rendered":"Maior lideran\u00e7a solta do PCC, Geg\u00ea do Mangue \u00e9 assassinado no Cear\u00e1"},"content":{"rendered":"<p>Rog\u00e9rio Jeremias de Simone, o Geg\u00ea do Mangue, maior lideran\u00e7a do Primeiro Comando da Capital (PCC) nas ruas, foi assassinado em uma suposta emboscada na reserva ind\u00edgena de Aquiraz, a 30 quil\u00f4metros de Fortaleza, no Cear\u00e1. Com Geg\u00ea, tamb\u00e9m foi encontrado morto Fabiano Alves de Souza, o Paca. O Minist\u00e9rio P\u00fablico do Estado de S\u00e3o Paulo suspeita que o crime tenha sido motivado por disputas internas da fac\u00e7\u00e3o.<\/p>\n<p>As mortes teriam ocorrido na madrugada de sexta-feira, 16, e os corpos foram encontrados na manh\u00e3 seguinte. Testemunhas relataram \u00e0 pol\u00edcia cearense que um helic\u00f3ptero pousou na regi\u00e3o e logo depois foram ouvidos uma sequ\u00eancia de disparos. Investigadores paulistas acreditam que tenha sido montada uma emboscada contra Geg\u00ea e Paca.<\/p>\n<p>Os corpos s\u00f3 foram identificados horas depois, mas a mensagem se espalhou rapidamente pelo sistema prisional paulista dando conta da morte de Geg\u00ea.<\/p>\n<p>Duas hip\u00f3teses principais est\u00e3o sendo consideradas para o caso. A primeira, apontada por integrantes do Grupo Especial de Combate ao Crime Organizado (Gaeco) do MP de Presidente Venceslau, no interior de S\u00e3o Paulo, \u00e9 que a morte de Geg\u00ea tenha ocorrido em repres\u00e1lia ao assassinato Edilson Borges Nogueira, o Biroska, que aconteceu em 5 dezembro na Penitenci\u00e1ria 2 de Presidente Venceslau. Ele possu\u00eda fun\u00e7\u00f5es na Sintonia Final, c\u00fapula da fac\u00e7\u00e3o, e foi morto a golpes de estilete.<\/p>\n<p>Outra possibilidade \u00e9 que, na rua, Geg\u00ea estava ganhando mais poder do que os l\u00edderes presos do PCC desejavam. &#8220;Acredito que o Geg\u00ea tenha crescido demais e agiram para cortar essa lideran\u00e7a. Na rua, era o membro mais forte que o PCC tinha&#8221;, disse o procurador de Justi\u00e7a do MP paulista M\u00e1rcio S\u00e9rgio Christino, que atuou em investiga\u00e7\u00f5es contra o PCC na d\u00e9cada de 1990 e nos anos 2000.<\/p>\n<p>Ele \u00e9 autor do livro\u00a0<em>La\u00e7os de Sangue, a hist\u00f3ria secreta do PCC<\/em>, e diz que a\u00e7\u00f5es como essa permeiam a hist\u00f3ria da fac\u00e7\u00e3o. &#8220;Quando isso acontece, a parte vencedora j\u00e1 tem tudo preparado. A morte n\u00e3o \u00e9 o in\u00edcio de algum plano, \u00e9 o final, a sua concretiza\u00e7\u00e3o&#8221;, disse ao<strong>\u00a0Estado<\/strong>\u00a0neste domingo, 18.<\/p>\n<p>Acreditava-se que Geg\u00ea estava comandando neg\u00f3cios do PCC atuando fora do Pa\u00eds, principalmente na Bol\u00edvia e no Paraguai. \u201cEssa \u00e9 a hip\u00f3tese mais prov\u00e1vel. Ele n\u00e3o estava no Cear\u00e1, mas foi levado para l\u00e1\u201d, disse Christino. Em fevereiro do ano passado, a Justi\u00e7a expediu alvar\u00e1 de soltura em favor de Simone em raz\u00e3o da demora no julgamento de um caso de assassinato.<\/p>\n<p>No m\u00eas seguinte, ele seria condenado a 47 anos, e desde ent\u00e3o era considerado foragido. Ele respondia a pelo menos 11 processos por homic\u00eddio, forma\u00e7\u00e3o de quadrilha e tr\u00e1fico de drogas, entre outros crimes.<\/p>\n<p>A soltura do acusado havia sido obtida porque em nenhum dos outros processos a que responde houve decreto anterior de pris\u00e3o provis\u00f3ria. Antes da decis\u00e3o no processo de Presidente Venceslau, a defesa de Geg\u00ea j\u00e1 havia conseguido reverter no Supremo Tribunal Federal (STF) a pris\u00e3o relativa a outra acusa\u00e7\u00e3o de homic\u00eddio, que foi cometido em 2004 na favela do Sap\u00e9, no Rio Pequeno, zona oeste de S\u00e3o Paulo. Ele, em parceria com Abel Pacheco de Andrade, o Vida Loka, s\u00e3o acusados de ordenar, por celular, um duplo homic\u00eddio.<\/p>\n<p><strong>Inf\u00e2ncia.<\/strong>\u00a0O crescimento de Geg\u00ea no mundo do crime come\u00e7ou no bairro paulista da Vila Madalena. Criado na comunidade do Mangue, na zona sul de S\u00e3o Paulo, come\u00e7ou a carreira como traficante nos anos 90. Antes disso, frequentava os bares no reduto bo\u00eamio de S\u00e3o Paulo, e jogava bola no time do Mangue e participava at\u00e9 de torneios maiores, nos campos de v\u00e1rzea do Parque do Povo, na Avenida Cidade Jardim. A camisa era amarela, com uma folha de maconha desenhada, que depois passou a ser usada na antiga Casa de Deten\u00e7\u00e3o, no Carandiru.<\/p>\n<p>A primeira pris\u00e3o veio em 1995. Processado depois por forma\u00e7\u00e3o de quadrilha &#8211; j\u00e1 como integrante do PCC -, acabou condenado a 6 anos de pris\u00e3o. Quando foi solto pela \u00faltima vez, no dia 2 de fevereiro do ano passado dias antes de ser condenado a 47 anos de pris\u00e3o por duplo assassinato e forma\u00e7\u00e3o de quadrilha , respondia mais 11 processos por homic\u00eddio, forma\u00e7\u00e3o de quadrilha e tr\u00e1fico de drogas, entre outros crimes.<\/p>\n<p><strong>CARIRI EM A\u00c7\u00c3O<\/strong><\/p>\n<p><em>Com Estad\u00e3o\u00a0\/Foto:Divulga\u00e7\u00e3o \u00a0<\/em><\/p>\n<p><strong>Leia mais not\u00edcias em\u00a0<\/strong><a href=\"http:\/\/www.caririemacao.com\/\"><strong>caririemacao.com<\/strong><\/a><strong>, siga nossa p\u00e1gina no\u00a0<\/strong><a href=\"https:\/\/www.facebook.com\/CaririEmAcao\/?ref=aymt_homepage_panel\"><strong>Facebook<\/strong><\/a>,<strong>\u00a0<\/strong><a href=\"https:\/\/www.instagram.com\/cariri_em_acao\/?hl=pt-br\"><strong>Instagram<\/strong><\/a><strong>\u00a0e <\/strong><a href=\"https:\/\/www.youtube.com\/channel\/UCAptA0jQuYQy8vMhLt2m4qg\"><strong>Youtube<\/strong><\/a><strong>\u00a0e veja nossas mat\u00e9rias, v\u00eddeos e fotos. Voc\u00ea tamb\u00e9m pode enviar informa\u00e7\u00f5es \u00e0 Reda\u00e7\u00e3o do Portal Cariri em A\u00e7\u00e3o pelo WhatsApp (83) 9 9634.5791, (83) 9 9601-1162.<\/strong><\/p>\n","protected":false},"excerpt":{"rendered":"<p>Rog\u00e9rio Jeremias de Simone, o Geg\u00ea do Mangue, maior lideran\u00e7a do Primeiro Comando da Capital (PCC) nas ruas, foi assassinado em uma suposta emboscada na&hellip; <\/p>\n","protected":false},"author":2,"featured_media":41382,"comment_status":"closed","ping_status":"closed","sticky":false,"template":"","format":"standard","meta":{"sfsi_plus_gutenberg_text_before_share":"","sfsi_plus_gutenberg_show_text_before_share":"","sfsi_plus_gutenberg_icon_type":"","sfsi_plus_gutenberg_icon_alignemt":"","sfsi_plus_gutenburg_max_per_row":"","footnotes":""},"categories":[12],"tags":[],"class_list":["post-41381","post","type-post","status-publish","format-standard","has-post-thumbnail","hentry","category-policia"],"_links":{"self":[{"href":"https:\/\/www.caririemacao.com\/1\/wp-json\/wp\/v2\/posts\/41381","targetHints":{"allow":["GET"]}}],"collection":[{"href":"https:\/\/www.caririemacao.com\/1\/wp-json\/wp\/v2\/posts"}],"about":[{"href":"https:\/\/www.caririemacao.com\/1\/wp-json\/wp\/v2\/types\/post"}],"author":[{"embeddable":true,"href":"https:\/\/www.caririemacao.com\/1\/wp-json\/wp\/v2\/users\/2"}],"replies":[{"embeddable":true,"href":"https:\/\/www.caririemacao.com\/1\/wp-json\/wp\/v2\/comments?post=41381"}],"version-history":[{"count":0,"href":"https:\/\/www.caririemacao.com\/1\/wp-json\/wp\/v2\/posts\/41381\/revisions"}],"wp:featuredmedia":[{"embeddable":true,"href":"https:\/\/www.caririemacao.com\/1\/wp-json\/wp\/v2\/media\/41382"}],"wp:attachment":[{"href":"https:\/\/www.caririemacao.com\/1\/wp-json\/wp\/v2\/media?parent=41381"}],"wp:term":[{"taxonomy":"category","embeddable":true,"href":"https:\/\/www.caririemacao.com\/1\/wp-json\/wp\/v2\/categories?post=41381"},{"taxonomy":"post_tag","embeddable":true,"href":"https:\/\/www.caririemacao.com\/1\/wp-json\/wp\/v2\/tags?post=41381"}],"curies":[{"name":"wp","href":"https:\/\/api.w.org\/{rel}","templated":true}]}}