{"id":41384,"date":"2018-02-18T23:03:19","date_gmt":"2018-02-19T02:03:19","guid":{"rendered":"http:\/\/caririemacao.com\/1\/?p=41384"},"modified":"2018-02-18T23:03:19","modified_gmt":"2018-02-19T02:03:19","slug":"ha-um-tipo-de-tpm-que-pode-ser-confundida-com-depressao-veja-como-diferenciar","status":"publish","type":"post","link":"https:\/\/www.caririemacao.com\/1\/2018\/02\/18\/ha-um-tipo-de-tpm-que-pode-ser-confundida-com-depressao-veja-como-diferenciar\/","title":{"rendered":"H\u00e1 um tipo de TPM que pode ser confundida com depress\u00e3o: veja como diferenciar"},"content":{"rendered":"<p>Quase todas as mulheres sentem algum sintoma ou altera\u00e7\u00e3o antes da chegada da menstrua\u00e7\u00e3o, mas 2% a 10% delas t\u00eam uma vers\u00e3o piorada da complexa\u00a0Tens\u00e3o Pr\u00e9-Menstrual\u00a0(TPM).<\/p>\n<p>O dado \u00e9 do ginecologista Renato Carlos Malaquias, que alerta: os sintomas psicol\u00f3gicos manifestados por essas pacientes podem ser t\u00e3o cr\u00edticos que chegam a ser facilmente confundidos com dist\u00farbios mentais.<\/p>\n<p>A seguir, saiba mais sobre o\u00a0transtorno disf\u00f3rico pr\u00e9-menstrual\u00a0(TDPM):<\/p>\n<p><strong>O que \u00e9 TDPM<\/strong><\/p>\n<p>O m\u00e9dico Renato Carlos Malaquias, da Cl\u00ednica Megamed, explica que TDPM \u00e9 uma\u00a0forma grave de tens\u00e3o pr\u00e9-menstrual\u00a0que causa altera\u00e7\u00f5es f\u00edsicas e ps\u00edquicas que prejudicam a habilidade da mulher de lidar com o \u00e2mbito social ou profissional de sua vida.<\/p>\n<p><strong>Origem est\u00e1 no c\u00e9rebro<\/strong><\/p>\n<p>TDPM est\u00e1 relacionado a altera\u00e7\u00f5es na transmiss\u00e3o de subst\u00e2ncias que permitem a comunica\u00e7\u00e3o entre as partes do sistema nervoso, entre elas serotonina, neurotransmissor respons\u00e1vel pela felicidade e bem-estar. Com isso, surgem rea\u00e7\u00f5es emocionais desproporcionais aos est\u00edmulos externos, semelhantes aos observados na depress\u00e3o.<\/p>\n<p>Inclusive, esse dist\u00farbios da mente, assim como a ansiedade, tamb\u00e9m surgem pela intera\u00e7\u00e3o falha entre neurotransmissores, o que explica porque a\u00a0TDPM afeta o psicol\u00f3gico.<\/p>\n<p><strong>Sintomas de TDPM<\/strong><\/p>\n<p>Ossintomas de TPM\u00a0tamb\u00e9m est\u00e3o presentes na TDPM, mas em intensidade maior. Eles surgem de 2 a 10 dias antes da menstrua\u00e7\u00e3o e cessam assim que o sangramento come\u00e7a.<\/p>\n<p>Veja os principais:<\/p>\n<p>Ansiedade<\/p>\n<p>Sentimento profundo de tristeza<\/p>\n<p>Dificuldade de concentra\u00e7\u00e3o<\/p>\n<p>Altera\u00e7\u00f5es do sono e do apetite<\/p>\n<p>Reten\u00e7\u00e3o de l\u00edquidos<\/p>\n<p>Dor nos seios<\/p>\n<p><strong>Diagn\u00f3stico<\/strong><\/p>\n<p>O diagn\u00f3stico consiste em elencar os sintomas e diferenciar se o quadro da paciente se trata de TDPM, depress\u00e3o ou ansiedade. &#8220;Sugiro uma aten\u00e7\u00e3o redobrada aos sintomas: se aparecem fora do per\u00edodo pr\u00e9-menstrual, pode ser um quadro ps\u00edquico por si s\u00f3&#8221;, ressalta o especialista.<\/p>\n<p><strong>Cura e tratamento<\/strong><\/p>\n<p>Ainda n\u00e3o existem m\u00e9todos que acabem definitivamente com os sintomas, mas h\u00e1 como control\u00e1-los por meio de anticoncepcionais orais, analg\u00e9sicos, terapia e h\u00e1bitos que equilibram o funcionamento da serotonina no corpo, como boa alimenta\u00e7\u00e3o e atividade f\u00edsica regular.<\/p>\n<p>Quadros mais graves podem ser tratados com medica\u00e7\u00e3o que otimizam o funcionamento dos neurotransmissores no c\u00e9rebro.<\/p>\n<p><strong>CARIRI EM A\u00c7\u00c3O<\/strong><\/p>\n<p><em>ComVix\/Foto: MSN\u00a0<\/em><\/p>\n<p><strong>Leia mais not\u00edcias em\u00a0<\/strong><a href=\"http:\/\/www.caririemacao.com\/\"><strong>caririemacao.com<\/strong><\/a><strong>, siga nossa p\u00e1gina no\u00a0<\/strong><a href=\"https:\/\/www.facebook.com\/CaririEmAcao\/?ref=aymt_homepage_panel\"><strong>Facebook<\/strong><\/a>,<strong>\u00a0<\/strong><a href=\"https:\/\/www.instagram.com\/cariri_em_acao\/?hl=pt-br\"><strong>Instagram<\/strong><\/a><strong>\u00a0e <\/strong><a href=\"https:\/\/www.youtube.com\/channel\/UCAptA0jQuYQy8vMhLt2m4qg\"><strong>Youtube<\/strong><\/a><strong>\u00a0e veja nossas mat\u00e9rias, v\u00eddeos e fotos. Voc\u00ea tamb\u00e9m pode enviar informa\u00e7\u00f5es \u00e0 Reda\u00e7\u00e3o do Portal Cariri em A\u00e7\u00e3o pelo WhatsApp (83) 9 9634.5791, (83) 9 9601-1162.<\/strong><\/p>\n","protected":false},"excerpt":{"rendered":"<p>Quase todas as mulheres sentem algum sintoma ou altera\u00e7\u00e3o antes da chegada da menstrua\u00e7\u00e3o, mas 2% a 10% delas t\u00eam uma vers\u00e3o piorada da complexa\u00a0Tens\u00e3o&hellip; <\/p>\n","protected":false},"author":2,"featured_media":41385,"comment_status":"closed","ping_status":"closed","sticky":false,"template":"","format":"standard","meta":{"sfsi_plus_gutenberg_text_before_share":"","sfsi_plus_gutenberg_show_text_before_share":"","sfsi_plus_gutenberg_icon_type":"","sfsi_plus_gutenberg_icon_alignemt":"","sfsi_plus_gutenburg_max_per_row":"","footnotes":""},"categories":[16],"tags":[],"class_list":["post-41384","post","type-post","status-publish","format-standard","has-post-thumbnail","hentry","category-saude"],"_links":{"self":[{"href":"https:\/\/www.caririemacao.com\/1\/wp-json\/wp\/v2\/posts\/41384","targetHints":{"allow":["GET"]}}],"collection":[{"href":"https:\/\/www.caririemacao.com\/1\/wp-json\/wp\/v2\/posts"}],"about":[{"href":"https:\/\/www.caririemacao.com\/1\/wp-json\/wp\/v2\/types\/post"}],"author":[{"embeddable":true,"href":"https:\/\/www.caririemacao.com\/1\/wp-json\/wp\/v2\/users\/2"}],"replies":[{"embeddable":true,"href":"https:\/\/www.caririemacao.com\/1\/wp-json\/wp\/v2\/comments?post=41384"}],"version-history":[{"count":0,"href":"https:\/\/www.caririemacao.com\/1\/wp-json\/wp\/v2\/posts\/41384\/revisions"}],"wp:featuredmedia":[{"embeddable":true,"href":"https:\/\/www.caririemacao.com\/1\/wp-json\/wp\/v2\/media\/41385"}],"wp:attachment":[{"href":"https:\/\/www.caririemacao.com\/1\/wp-json\/wp\/v2\/media?parent=41384"}],"wp:term":[{"taxonomy":"category","embeddable":true,"href":"https:\/\/www.caririemacao.com\/1\/wp-json\/wp\/v2\/categories?post=41384"},{"taxonomy":"post_tag","embeddable":true,"href":"https:\/\/www.caririemacao.com\/1\/wp-json\/wp\/v2\/tags?post=41384"}],"curies":[{"name":"wp","href":"https:\/\/api.w.org\/{rel}","templated":true}]}}