{"id":41396,"date":"2018-02-18T23:16:12","date_gmt":"2018-02-19T02:16:12","guid":{"rendered":"http:\/\/caririemacao.com\/1\/?p=41396"},"modified":"2018-02-18T23:16:12","modified_gmt":"2018-02-19T02:16:12","slug":"primo-de-aecio-e-acusado-de-violar-uso-de-tornozeleira","status":"publish","type":"post","link":"https:\/\/www.caririemacao.com\/1\/2018\/02\/18\/primo-de-aecio-e-acusado-de-violar-uso-de-tornozeleira\/","title":{"rendered":"Primo de A\u00e9cio \u00e9 acusado de violar uso de tornozeleira"},"content":{"rendered":"<p>O empres\u00e1rio Frederico Pacheco de Medeiros, primo do senador A\u00e9cio Neves (PSDB-MG), violou por duas vezes a \u00e1rea de circula\u00e7\u00e3o permitida pela tornozeleira eletr\u00f4nica antes de retir\u00e1-la. \u201cFred\u201d recebeu duas advert\u00eancias da Secretaria de Administra\u00e7\u00e3o Penitenci\u00e1ria de Minas Gerais (SEAP), \u00f3rg\u00e3o respons\u00e1vel por monitorar o uso do equipamento, em outubro e novembro do ano passado. No m\u00eas seguinte, o ministro Marco Aur\u00e9lio, do Supremo Tribunal Federal (STF), liberou o empres\u00e1rio da tornozeleira.<\/p>\n<p>Em maio do ano passado, durante a Opera\u00e7\u00e3o Patmos, Frederico Pacheco foi preso por suspeita de envolvimento no pagamento de suposta propina de R$ 2 milh\u00f5es do grupo J&amp;F ao senador A\u00e9cio Neves. \u201cFred\u201d foi gravado por executivos do grupo recebendo R$ 500 mil na sede da J&amp;F em S\u00e3o Paulo. Em junho, o STF converteu a cust\u00f3dia em domiciliar com medidas cautelares, como a proibi\u00e7\u00e3o de se comunicar com os demais investigados, proibi\u00e7\u00e3o de se ausentar sem autoriza\u00e7\u00e3o judicial, entrega dos passaportes e o uso da tornozeleira.<\/p>\n<p>A decis\u00e3o do ministro Marco Aur\u00e9lio foi tomada em 2 de dezembro. O registro da primeira viola\u00e7\u00e3o chegou ao gabinete do ministro, em Bras\u00edlia, em 6 de novembro. O segundo, em 14 de dezembro. A documenta\u00e7\u00e3o sobre as infra\u00e7\u00f5es do empres\u00e1rio foi anexada a um processo no STF em 6 de fevereiro.<\/p>\n<p>Segundo os registros da Secretaria, em 18 de outubro, \u00e0s 12h49, \u201cFred\u201d esteve no bairro da Serra, em Belo Horizonte. O local fica a 29 quil\u00f4metros do condom\u00ednio onde a defesa informou que o empres\u00e1rio estava morando, na cidade de Nova Lima. Na segunda infra\u00e7\u00e3o, a SEAP verificou que Frederico Pacheco de Medeiros estava \u00e0s 19h27 no Jardim Canad\u00e1, em Nova Lima. O empres\u00e1rio n\u00e3o teria apresentado justificativas. A reportagem ligou para a defesa de Frederico Pacheco, mas n\u00e3o obteve resposta. O ministro Marco Aur\u00e9lio informou que como a quest\u00e3o est\u00e1 submetida ao Supremo ele \u201cdeixa para se posicionar no Plen\u00e1rio\u201d. A SEAP n\u00e3o quis se manifestar sobre o caso.<\/p>\n<p><strong>CARIRI EM A\u00c7\u00c3O<\/strong><\/p>\n<p><em>Com Estad\u00e3o \/Foto: Reprodu\u00e7\u00e3o Internet<\/em><\/p>\n<p><strong>Leia mais not\u00edcias em\u00a0<\/strong><a href=\"http:\/\/www.caririemacao.com\/\"><strong>caririemacao.com<\/strong><\/a><strong>, siga nossa p\u00e1gina no\u00a0<\/strong><a href=\"https:\/\/www.facebook.com\/CaririEmAcao\/?ref=aymt_homepage_panel\"><strong>Facebook<\/strong><\/a>,<strong>\u00a0<\/strong><a href=\"https:\/\/www.instagram.com\/cariri_em_acao\/?hl=pt-br\"><strong>Instagram<\/strong><\/a><strong>\u00a0e <\/strong><a href=\"https:\/\/www.youtube.com\/channel\/UCAptA0jQuYQy8vMhLt2m4qg\"><strong>Youtube<\/strong><\/a><strong>\u00a0e veja nossas mat\u00e9rias, v\u00eddeos e fotos. Voc\u00ea tamb\u00e9m pode enviar informa\u00e7\u00f5es \u00e0 Reda\u00e7\u00e3o do Portal Cariri em A\u00e7\u00e3o pelo WhatsApp (83) 9 9634.5791, (83) 9 9601-1162.<\/strong><\/p>\n","protected":false},"excerpt":{"rendered":"<p>O empres\u00e1rio Frederico Pacheco de Medeiros, primo do senador A\u00e9cio Neves (PSDB-MG), violou por duas vezes a \u00e1rea de circula\u00e7\u00e3o permitida pela tornozeleira eletr\u00f4nica antes&hellip; <\/p>\n","protected":false},"author":2,"featured_media":13668,"comment_status":"closed","ping_status":"closed","sticky":false,"template":"","format":"standard","meta":{"sfsi_plus_gutenberg_text_before_share":"","sfsi_plus_gutenberg_show_text_before_share":"","sfsi_plus_gutenberg_icon_type":"","sfsi_plus_gutenberg_icon_alignemt":"","sfsi_plus_gutenburg_max_per_row":"","footnotes":""},"categories":[11],"tags":[],"class_list":["post-41396","post","type-post","status-publish","format-standard","has-post-thumbnail","hentry","category-politica"],"_links":{"self":[{"href":"https:\/\/www.caririemacao.com\/1\/wp-json\/wp\/v2\/posts\/41396","targetHints":{"allow":["GET"]}}],"collection":[{"href":"https:\/\/www.caririemacao.com\/1\/wp-json\/wp\/v2\/posts"}],"about":[{"href":"https:\/\/www.caririemacao.com\/1\/wp-json\/wp\/v2\/types\/post"}],"author":[{"embeddable":true,"href":"https:\/\/www.caririemacao.com\/1\/wp-json\/wp\/v2\/users\/2"}],"replies":[{"embeddable":true,"href":"https:\/\/www.caririemacao.com\/1\/wp-json\/wp\/v2\/comments?post=41396"}],"version-history":[{"count":0,"href":"https:\/\/www.caririemacao.com\/1\/wp-json\/wp\/v2\/posts\/41396\/revisions"}],"wp:featuredmedia":[{"embeddable":true,"href":"https:\/\/www.caririemacao.com\/1\/wp-json\/wp\/v2\/media\/13668"}],"wp:attachment":[{"href":"https:\/\/www.caririemacao.com\/1\/wp-json\/wp\/v2\/media?parent=41396"}],"wp:term":[{"taxonomy":"category","embeddable":true,"href":"https:\/\/www.caririemacao.com\/1\/wp-json\/wp\/v2\/categories?post=41396"},{"taxonomy":"post_tag","embeddable":true,"href":"https:\/\/www.caririemacao.com\/1\/wp-json\/wp\/v2\/tags?post=41396"}],"curies":[{"name":"wp","href":"https:\/\/api.w.org\/{rel}","templated":true}]}}