{"id":41405,"date":"2018-02-18T23:27:20","date_gmt":"2018-02-19T02:27:20","guid":{"rendered":"http:\/\/caririemacao.com\/1\/?p=41405"},"modified":"2018-02-18T23:27:20","modified_gmt":"2018-02-19T02:27:20","slug":"temer-anuncia-forca-tarefa-e-envia-36-homens-ao-ce-para-combate-ao-crime-organizado","status":"publish","type":"post","link":"https:\/\/www.caririemacao.com\/1\/2018\/02\/18\/temer-anuncia-forca-tarefa-e-envia-36-homens-ao-ce-para-combate-ao-crime-organizado\/","title":{"rendered":"Temer anuncia for\u00e7a-tarefa e envia 36 homens ao CE para combate ao crime organizado"},"content":{"rendered":"<p>O presidente Michel Temer determinou o envio de uma for\u00e7a-tarefa policial ao Cear\u00e1 para dar apoio \u00e0s for\u00e7as de seguran\u00e7a do Estado nas a\u00e7\u00f5es de combate ao crime organizado.<\/p>\n<p>A a\u00e7\u00e3o ocorre 20 dias ap\u00f3s uma chacina que deixou 14 pessoas mortas no bairro de Cajazeiras, em Fortaleza.\u00a0A chacina \u2013 a maior da hist\u00f3ria do Cear\u00e1 \u2013 estaria ligada \u00e0 guerra de fac\u00e7\u00f5es criminosas. Em nota, o Minist\u00e9rio da Justi\u00e7a afirmou que a for\u00e7a-tarefa \u00e9 um &#8220;refor\u00e7o \u00e0s opera\u00e7\u00f5es conjuntas de intelig\u00eancia e diante dos \u00faltimos acontecimentos&#8221;.<\/p>\n<p>A equipe com 36 homens, sendo 26 da Pol\u00edcia Federal e 10 da For\u00e7a Nacional de Seguran\u00e7a P\u00fablica, embarcar\u00e1 \u00e0s 22 horas deste domingo, 18, da Base A\u00e9rea de Bras\u00edlia com destino a Fortaleza. O grupo ser\u00e1 chefiado pelo almirante Alexandre Mota, secret\u00e1rio-adjunto da Secretaria Nacional de Seguran\u00e7a P\u00fablica.<\/p>\n<p>A assessoria de imprensa do governo do Cear\u00e1, confirmou ao\u00a0Estado\u00a0que a for\u00e7a-tarefa \u00e9 uma resposta ao apoio solicitado pelo governador Camilo Santana (PT) 20 dias atr\u00e1s, ap\u00f3s chacina que matou 14 pessoas em Fortaleza. Segundo o governo petista, os homens v\u00e3o atuar na intelig\u00eancia de combate ao crime organizado.<\/p>\n<p class=\"intertitulo\"><strong>A\u00e7\u00e3o federal<\/strong><\/p>\n<p>Ap\u00f3s a chacina, Santana disse que seu Estado n\u00e3o fabrica nem armas pesadas nem drogas e que cobraria a\u00e7\u00f5es de Temer para conter a onda de viol\u00eancia local. O governador afirmou que pediria uma audi\u00eancia para cobrar o combate ao crime organizado.<\/p>\n<p>O ministro da Justi\u00e7a, Torquato Jardim, em nota oficial, respondeu \u00e0s acusa\u00e7\u00f5es.\u00a0Na nota, o ministro ofereceu apoio da do governo federal, mas devolveu a responsabilidade na quest\u00e3o de seguran\u00e7a p\u00fablica para o Estado, lembrando que governadores n\u00e3o pedem ajuda em quest\u00e3o de seguran\u00e7a por quest\u00e3o pol\u00edtica. As acusa\u00e7\u00f5es do governador petista irritaram bastante o Planalto e o Minist\u00e9rio da Justi\u00e7a.<\/p>\n<p>O ministro informou ainda que &#8220;uma for\u00e7a-tarefa&#8221; de membros da Secretaria Nacional de Seguran\u00e7a P\u00fablica, Pol\u00edcia Federal, Pol\u00edcia Rodovi\u00e1ria Federal e Departamento Penitenci\u00e1rio Nacional havia sido formada por determina\u00e7\u00e3o dele, &#8220;para subsidiar a Secretaria de Seguran\u00e7a P\u00fablica do Estado do Cear\u00e1 com investiga\u00e7\u00e3o e informa\u00e7\u00f5es de intelig\u00eancia&#8221;.<\/p>\n<p>A nota acrescentou ainda que &#8220;o refor\u00e7o&#8221; com a for\u00e7a-tarefa montada &#8220;tem objetivo de propiciar aos \u00f3rg\u00e3os de seguran\u00e7a do Estado que atuem para reprimir de forma exemplar a a\u00e7\u00e3o de grupos criminosos envolvidos na chacina do \u00faltimo s\u00e1bado&#8221;. Durante este domingo, as \u00e1reas de seguran\u00e7a dos governos estadual e federal discutiram medidas a serem adotadas no estado.<\/p>\n<p class=\"intertitulo\"><strong>A chacina<\/strong><\/p>\n<p>Um grupo de homens fortemente armados invadiu na madrugada do dia 27 de janeiro uma festa no bairro Cajazeiras, na periferia de Fortaleza, e atirou contra os participantes, matando 14 e deixando 18 feridos \u2013 oito deles continuavam internados at\u00e9 \u00e0s 23 h. A maioria das v\u00edtimas era mulher e, entre elas, havia adolescentes. \u00c0 tarde, um suspeito foi preso com um fuzil.<\/p>\n<p><span class=\"storyimage fullwidth inlineimage\" data-aop=\"image\"><span class=\"caption truncate\"><span class=\"attribution\">\u00a9 Reprodu\u00e7\u00e3o\/Facebook<\/span>\u00a0Um pessoa foi achada morta dentro de um ve\u00edculo estacionado no local da chacina no Bairro Cajazeiras, em Fortaleza<\/span><\/span><\/p>\n<p>A festa acontecia na casa noturna Forr\u00f3 do Gago. Segundo testemunhas que pediram para n\u00e3o serem identificadas, por volta de 0h30 de ontem, homens chegaram em tr\u00eas carros e desceram disparando a esmo. Eles portariam espingarda calibre 12, pistolas calibre 40 e 9 mil\u00edmetros e rev\u00f3lveres calibre 38.<\/p>\n<p>Segundo fontes n\u00e3o oficiais, o evento era promovido por integrantes da fac\u00e7\u00e3o criminosa Comando Vermelho (CV), que nasceu no Rio, tem forte presen\u00e7a nos pres\u00eddios e domina o tr\u00e1fico de drogas no Cear\u00e1. O massacre \u00e9 atribu\u00eddo \u00e0 fac\u00e7\u00e3o rival Guardi\u00f5es do Estado (GDE).<\/p>\n<p class=\"intertitulo\"><strong>Fac\u00e7\u00e3o local<\/strong><\/p>\n<p>A fac\u00e7\u00e3o criminosa Guardi\u00f5es do Estado (GDE) nasceu em Fortaleza para disputar o controle dos pres\u00eddios e o comando do tr\u00e1fico de drogas no Estado com o Comando Vermelho (CV). No ano passado, o grupo teria se aproximado do Primeiro Comando da Capital (PCC), na tentativa de enfraquecer seu principal rival.<\/p>\n<p>Seguindo o modelo da fac\u00e7\u00e3o Fam\u00edlia do Norte (FDN), forte no Estado vizinho Rio Grande do Norte, a GDE \u00e9 uma organiza\u00e7\u00e3o criminosa menor, mas que recentemente vem ganhando for\u00e7a, arregimentando principalmente menores infratores e jovens adultos criminosos, moradores de \u00e1reas perif\u00e9ricas da capital cearense, na faixa et\u00e1ria dos 15 aos 25 anos.<\/p>\n","protected":false},"excerpt":{"rendered":"<p>O presidente Michel Temer determinou o envio de uma for\u00e7a-tarefa policial ao Cear\u00e1 para dar apoio \u00e0s for\u00e7as de seguran\u00e7a do Estado nas a\u00e7\u00f5es de&hellip; <\/p>\n","protected":false},"author":2,"featured_media":6984,"comment_status":"closed","ping_status":"closed","sticky":false,"template":"","format":"standard","meta":{"sfsi_plus_gutenberg_text_before_share":"","sfsi_plus_gutenberg_show_text_before_share":"","sfsi_plus_gutenberg_icon_type":"","sfsi_plus_gutenberg_icon_alignemt":"","sfsi_plus_gutenburg_max_per_row":"","footnotes":""},"categories":[11],"tags":[],"class_list":["post-41405","post","type-post","status-publish","format-standard","has-post-thumbnail","hentry","category-politica"],"_links":{"self":[{"href":"https:\/\/www.caririemacao.com\/1\/wp-json\/wp\/v2\/posts\/41405","targetHints":{"allow":["GET"]}}],"collection":[{"href":"https:\/\/www.caririemacao.com\/1\/wp-json\/wp\/v2\/posts"}],"about":[{"href":"https:\/\/www.caririemacao.com\/1\/wp-json\/wp\/v2\/types\/post"}],"author":[{"embeddable":true,"href":"https:\/\/www.caririemacao.com\/1\/wp-json\/wp\/v2\/users\/2"}],"replies":[{"embeddable":true,"href":"https:\/\/www.caririemacao.com\/1\/wp-json\/wp\/v2\/comments?post=41405"}],"version-history":[{"count":0,"href":"https:\/\/www.caririemacao.com\/1\/wp-json\/wp\/v2\/posts\/41405\/revisions"}],"wp:featuredmedia":[{"embeddable":true,"href":"https:\/\/www.caririemacao.com\/1\/wp-json\/wp\/v2\/media\/6984"}],"wp:attachment":[{"href":"https:\/\/www.caririemacao.com\/1\/wp-json\/wp\/v2\/media?parent=41405"}],"wp:term":[{"taxonomy":"category","embeddable":true,"href":"https:\/\/www.caririemacao.com\/1\/wp-json\/wp\/v2\/categories?post=41405"},{"taxonomy":"post_tag","embeddable":true,"href":"https:\/\/www.caririemacao.com\/1\/wp-json\/wp\/v2\/tags?post=41405"}],"curies":[{"name":"wp","href":"https:\/\/api.w.org\/{rel}","templated":true}]}}