{"id":41407,"date":"2018-02-18T23:32:25","date_gmt":"2018-02-19T02:32:25","guid":{"rendered":"http:\/\/caririemacao.com\/1\/?p=41407"},"modified":"2018-02-18T23:32:25","modified_gmt":"2018-02-19T02:32:25","slug":"inseguranca-cidade-do-cariri-sofre-com-arrombamentos-e-falta-de-policiamento","status":"publish","type":"post","link":"https:\/\/www.caririemacao.com\/1\/2018\/02\/18\/inseguranca-cidade-do-cariri-sofre-com-arrombamentos-e-falta-de-policiamento\/","title":{"rendered":"Inseguran\u00e7a: Cidade do Cariri sofre com arrombamentos e falta de policiamento"},"content":{"rendered":"<p>cidade de Assun\u00e7\u00e3o no Cariri paraibano, est\u00e1 vivendo uma onda de inseguran\u00e7a. Na \u00faltima semana, pelo menos 12 estabelecimentos comerciais foram arrombados em uma \u00fanica noite.<\/p>\n<p>Os suspeitos s\u00e3o jovens da cidade e de munic\u00edpios vizinhos.<\/p>\n<p>Os comerciantes e moradores j\u00e1 pensam em deixar a cidade devido a onda de viol\u00eancia que vem acontecendo nos \u00faltimos meses.<\/p>\n<p>A localidade, de 3500 habitantes, tamb\u00e9m sofre com a falta de policiamento.<\/p>\n<p>Na cidade h\u00e1 um destacamento da Pol\u00edcia Militar e uma delegacia, mas ambas vivem fechadas. Para registrar uma ocorr\u00eancia, \u00e9 preciso se deslocar at\u00e9 a cidade de Esperan\u00e7a, distante 120 KM.<\/p>\n<p>O delegado seccional de Esperan\u00e7a, Danilo Orengo, disse que n\u00e3o h\u00e1 previs\u00e3o de que a delegacia seja aberta durante a noite e finais de semana, por falta de efetivo. Ele informou que as ocorr\u00eancias, neste per\u00edodo, devem ser informadas \u00e0 PM.<\/p>\n<p>J\u00e1 o comandante do 15\u00ba BPM, major Samaroni Delgado, respons\u00e1vel pelo policiamento, disse que os casos de arrombamento n\u00e3o foram registrados junto \u00e0 Pol\u00edcia Militar, o que teria dificultado a\u00e7\u00e3o da PM.<\/p>\n<p>Segundo ele, Assun\u00e7\u00e3o \u00e9 uma das cidades com menor \u00edndice de inseguran\u00e7a da regi\u00e3o.<\/p>\n<p><strong>CARIRI EM A\u00c7\u00c3O<\/strong><\/p>\n<p><em>Com TV Para\u00edba \/Foto: Divulga\u00e7\u00e3o \u00a0<\/em><\/p>\n<p><strong>Leia mais not\u00edcias em\u00a0<\/strong><a href=\"http:\/\/www.caririemacao.com\/\"><strong>caririemacao.com<\/strong><\/a><strong>, siga nossa p\u00e1gina no\u00a0<\/strong><a href=\"https:\/\/www.facebook.com\/CaririEmAcao\/?ref=aymt_homepage_panel\"><strong>Facebook<\/strong><\/a>,<strong>\u00a0<\/strong><a href=\"https:\/\/www.instagram.com\/cariri_em_acao\/?hl=pt-br\"><strong>Instagram<\/strong><\/a><strong>\u00a0e <\/strong><a href=\"https:\/\/www.youtube.com\/channel\/UCAptA0jQuYQy8vMhLt2m4qg\"><strong>Youtube<\/strong><\/a><strong>\u00a0e veja nossas mat\u00e9rias, v\u00eddeos e fotos. Voc\u00ea tamb\u00e9m pode enviar informa\u00e7\u00f5es \u00e0 Reda\u00e7\u00e3o do Portal Cariri em A\u00e7\u00e3o pelo WhatsApp (83) 9 9634.5791, (83) 9 9601-1162.<\/strong><\/p>\n","protected":false},"excerpt":{"rendered":"<p>cidade de Assun\u00e7\u00e3o no Cariri paraibano, est\u00e1 vivendo uma onda de inseguran\u00e7a. Na \u00faltima semana, pelo menos 12 estabelecimentos comerciais foram arrombados em uma \u00fanica&hellip; <\/p>\n","protected":false},"author":2,"featured_media":41408,"comment_status":"closed","ping_status":"closed","sticky":false,"template":"","format":"standard","meta":{"sfsi_plus_gutenberg_text_before_share":"","sfsi_plus_gutenberg_show_text_before_share":"","sfsi_plus_gutenberg_icon_type":"","sfsi_plus_gutenberg_icon_alignemt":"","sfsi_plus_gutenburg_max_per_row":"","footnotes":""},"categories":[12],"tags":[],"class_list":["post-41407","post","type-post","status-publish","format-standard","has-post-thumbnail","hentry","category-policia"],"_links":{"self":[{"href":"https:\/\/www.caririemacao.com\/1\/wp-json\/wp\/v2\/posts\/41407","targetHints":{"allow":["GET"]}}],"collection":[{"href":"https:\/\/www.caririemacao.com\/1\/wp-json\/wp\/v2\/posts"}],"about":[{"href":"https:\/\/www.caririemacao.com\/1\/wp-json\/wp\/v2\/types\/post"}],"author":[{"embeddable":true,"href":"https:\/\/www.caririemacao.com\/1\/wp-json\/wp\/v2\/users\/2"}],"replies":[{"embeddable":true,"href":"https:\/\/www.caririemacao.com\/1\/wp-json\/wp\/v2\/comments?post=41407"}],"version-history":[{"count":0,"href":"https:\/\/www.caririemacao.com\/1\/wp-json\/wp\/v2\/posts\/41407\/revisions"}],"wp:featuredmedia":[{"embeddable":true,"href":"https:\/\/www.caririemacao.com\/1\/wp-json\/wp\/v2\/media\/41408"}],"wp:attachment":[{"href":"https:\/\/www.caririemacao.com\/1\/wp-json\/wp\/v2\/media?parent=41407"}],"wp:term":[{"taxonomy":"category","embeddable":true,"href":"https:\/\/www.caririemacao.com\/1\/wp-json\/wp\/v2\/categories?post=41407"},{"taxonomy":"post_tag","embeddable":true,"href":"https:\/\/www.caririemacao.com\/1\/wp-json\/wp\/v2\/tags?post=41407"}],"curies":[{"name":"wp","href":"https:\/\/api.w.org\/{rel}","templated":true}]}}