{"id":41410,"date":"2018-02-18T23:34:45","date_gmt":"2018-02-19T02:34:45","guid":{"rendered":"http:\/\/caririemacao.com\/1\/?p=41410"},"modified":"2018-02-19T06:00:16","modified_gmt":"2018-02-19T09:00:16","slug":"presos-fazem-rebeliao-em-penitenciaria-da-baixada-fluminense","status":"publish","type":"post","link":"https:\/\/www.caririemacao.com\/1\/2018\/02\/18\/presos-fazem-rebeliao-em-penitenciaria-da-baixada-fluminense\/","title":{"rendered":"Presos fazem rebeli\u00e3o em penitenci\u00e1ria da Baixada Fluminense"},"content":{"rendered":"<p>Detentos da Penitenci\u00e1ria Milton Dias Moreira, em Japeri, na Baixada Fluminense, iniciariam uma rebeli\u00e3o neste domingo, 18, dois dias ap\u00f3s a decreta\u00e7\u00e3o da\u00a0interven\u00e7\u00e3o federal na \u00e1rea de seguran\u00e7a p\u00fablica do Estado do Rio. Segundo a Secretaria de Administra\u00e7\u00e3o Penitenci\u00e1ria (Seap), h\u00e1 ref\u00e9ns. Mais cedo, a pasta havia informado que &#8220;medidas de controle&#8221; das penitenci\u00e1rias foram antecipadas por causa da interven\u00e7\u00e3o federal.<\/p>\n<p>Conforme a Seap, a rebeli\u00e3o come\u00e7ou &#8220;logo ap\u00f3s&#8221; inspetores de seguran\u00e7a e administra\u00e7\u00e3o penitenci\u00e1ria frustrarem, ainda de tarde, uma tentativa de fuga de internos na penitenci\u00e1ria.<\/p>\n<p>Segundo o jornal &#8220;Extra&#8221;, pelo menos quatro agentes penitenci\u00e1rios, um deles chefe de seguran\u00e7a da cadeia, foram rendidos pelos presos. O portal de not\u00edcias &#8220;G1&#8221; informou que agentes penitenci\u00e1rios foram abordados durante a contagem dos presos.<\/p>\n<p>O Grupamento de Interven\u00e7\u00e3o T\u00e1tica (GIT) da Seap foi enviado ao local. O Batalh\u00e3o de Choque e diversas unidades da Pol\u00edcia Militar (PM) tamb\u00e9m apoiavam a a\u00e7\u00e3o diante da rebeli\u00e3o.<\/p>\n<p><strong>Refor\u00e7o.\u00a0<\/strong>Antes de estourar a rebeli\u00e3o na Penitenci\u00e1ria Milton Dias Moreira, a Seap havia explicado que as &#8220;medidas de controle&#8221; foram antecipadas &#8220;na inten\u00e7\u00e3o de evitar qualquer rea\u00e7\u00e3o da popula\u00e7\u00e3o carcer\u00e1ria&#8221; \u00e0 interven\u00e7\u00e3o federal. Questionada, a assessoria de imprensa da Seap n\u00e3o explicou quais seriam as &#8220;medidas de controle&#8221;, mas informou que as a\u00e7\u00f5es estavam sendo planejadas antes do decreto de interven\u00e7\u00e3o federal, publicado na \u00faltima sexta-feira.<\/p>\n<p>O secret\u00e1rio de Administra\u00e7\u00e3o Penitenci\u00e1ria, David Anthony Gon\u00e7alves Alves, assumiu a pasta em 24 de janeiro, ap\u00f3s a exonera\u00e7\u00e3o do coronel Erir Ribeiro do cargo &#8211; ele foi acusado de conceder regalias ao ex-governador do Rio Sergio Cabral, preso em outra unidade, em Benfica, zona norte do Rio.<\/p>\n<p>Segundo a Seap, o Estado do Rio tem 51 unidades prisionais, onde est\u00e3o presas 51.454 pessoas. A capacidade total do sistema \u00e9 de 28.688 detentos.<\/p>\n<p>A interven\u00e7\u00e3o federal no Rio abrange o sistema prisional, mas o Comando Militar do Leste (CML) informou que as\u00a0For\u00e7as Armadas s\u00f3 come\u00e7ar\u00e3o suas a\u00e7\u00f5es ap\u00f3s o decreto do presidente Michel Temer ser votado\u00a0na\u00a0C\u00e2mara dos Deputados e no Senado Federal, o que \u00e9 esperado que aconte\u00e7a at\u00e9 a pr\u00f3xima ter\u00e7a-feira.<\/p>\n<p>Ao longo do dia, tropas das For\u00e7as Armadas n\u00e3o foram vistas fazendo patrulha nas ruas. O policiamento regular, por\u00e9m, parecia mais refor\u00e7ado do que durante o carnaval. Segundo a assessoria de imprensa da PM, o policiamento do fim de semana teve 5.757 policiais como refor\u00e7o. A opera\u00e7\u00e3o j\u00e1 estava prevista, por causa dos desfiles de blocos de carnaval previstos para o fim de semana.<\/p>\n<p>Embora tenha havido a percep\u00e7\u00e3o de que menos policiais atuaram nas ruas nos primeiros dias de carnaval, a PM informou que, entre a sexta-feira, dia 9, e a quarta-feira de cinzas, foram mobilizados, de forma extraordin\u00e1ria, 17.110 policiais em todo o Estado.<\/p>\n<p><strong>CARIRI EM A\u00c7\u00c3O<\/strong><\/p>\n<p><em>Com Estad\u00e3o\u00a0\u00a0\/Foto: Reprodu\u00e7\u00e3o<\/em><\/p>\n<p><strong>Leia mais not\u00edcias em\u00a0<\/strong><a href=\"http:\/\/www.caririemacao.com\/\"><strong>caririemacao.com<\/strong><\/a><strong>, siga nossa p\u00e1gina no\u00a0<\/strong><a href=\"https:\/\/www.facebook.com\/CaririEmAcao\/?ref=aymt_homepage_panel\"><strong>Facebook<\/strong><\/a>,<strong>\u00a0<\/strong><a href=\"https:\/\/www.instagram.com\/cariri_em_acao\/?hl=pt-br\"><strong>Instagram<\/strong><\/a><strong>\u00a0e <\/strong><a href=\"https:\/\/www.youtube.com\/channel\/UCAptA0jQuYQy8vMhLt2m4qg\"><strong>Youtube<\/strong><\/a><strong>\u00a0e veja nossas mat\u00e9rias, v\u00eddeos e fotos. Voc\u00ea tamb\u00e9m pode enviar informa\u00e7\u00f5es \u00e0 Reda\u00e7\u00e3o do Portal Cariri em A\u00e7\u00e3o pelo WhatsApp (83) 9 9634.5791, (83) 9 9601-1162.<\/strong><\/p>\n","protected":false},"excerpt":{"rendered":"<p>Detentos da Penitenci\u00e1ria Milton Dias Moreira, em Japeri, na Baixada Fluminense, iniciariam uma rebeli\u00e3o neste domingo, 18, dois dias ap\u00f3s a decreta\u00e7\u00e3o da\u00a0interven\u00e7\u00e3o federal na&hellip; <\/p>\n","protected":false},"author":2,"featured_media":41411,"comment_status":"closed","ping_status":"closed","sticky":false,"template":"","format":"standard","meta":{"sfsi_plus_gutenberg_text_before_share":"","sfsi_plus_gutenberg_show_text_before_share":"","sfsi_plus_gutenberg_icon_type":"","sfsi_plus_gutenberg_icon_alignemt":"","sfsi_plus_gutenburg_max_per_row":"","footnotes":""},"categories":[2],"tags":[],"class_list":["post-41410","post","type-post","status-publish","format-standard","has-post-thumbnail","hentry","category-geral"],"_links":{"self":[{"href":"https:\/\/www.caririemacao.com\/1\/wp-json\/wp\/v2\/posts\/41410","targetHints":{"allow":["GET"]}}],"collection":[{"href":"https:\/\/www.caririemacao.com\/1\/wp-json\/wp\/v2\/posts"}],"about":[{"href":"https:\/\/www.caririemacao.com\/1\/wp-json\/wp\/v2\/types\/post"}],"author":[{"embeddable":true,"href":"https:\/\/www.caririemacao.com\/1\/wp-json\/wp\/v2\/users\/2"}],"replies":[{"embeddable":true,"href":"https:\/\/www.caririemacao.com\/1\/wp-json\/wp\/v2\/comments?post=41410"}],"version-history":[{"count":0,"href":"https:\/\/www.caririemacao.com\/1\/wp-json\/wp\/v2\/posts\/41410\/revisions"}],"wp:featuredmedia":[{"embeddable":true,"href":"https:\/\/www.caririemacao.com\/1\/wp-json\/wp\/v2\/media\/41411"}],"wp:attachment":[{"href":"https:\/\/www.caririemacao.com\/1\/wp-json\/wp\/v2\/media?parent=41410"}],"wp:term":[{"taxonomy":"category","embeddable":true,"href":"https:\/\/www.caririemacao.com\/1\/wp-json\/wp\/v2\/categories?post=41410"},{"taxonomy":"post_tag","embeddable":true,"href":"https:\/\/www.caririemacao.com\/1\/wp-json\/wp\/v2\/tags?post=41410"}],"curies":[{"name":"wp","href":"https:\/\/api.w.org\/{rel}","templated":true}]}}