{"id":41415,"date":"2018-02-18T23:40:30","date_gmt":"2018-02-19T02:40:30","guid":{"rendered":"http:\/\/caririemacao.com\/1\/?p=41415"},"modified":"2018-02-18T23:40:30","modified_gmt":"2018-02-19T02:40:30","slug":"rc-anuncia-novo-pacote-de-obras-nesta-segunda-feira","status":"publish","type":"post","link":"https:\/\/www.caririemacao.com\/1\/2018\/02\/18\/rc-anuncia-novo-pacote-de-obras-nesta-segunda-feira\/","title":{"rendered":"RC anuncia novo pacote de obras nesta segunda-feira"},"content":{"rendered":"<p>O governador Ricardo Coutinho lan\u00e7a, nesta segunda-feira (19), o Programa Mais Trabalho 2, que prev\u00ea a execu\u00e7\u00e3o de um pacote de obras que visam a melhoria da qualidade de vida da popula\u00e7\u00e3o. A solenidade est\u00e1 prevista para as 10h, no Sal\u00e3o Nobre do Pal\u00e1cio da Reden\u00e7\u00e3o,<\/p>\n<p>O Programa Mais Trabalho 2 representa um investimento de mais de R$ 200 milh\u00f5es em obras importantes na \u00e1rea de recursos h\u00eddricos, como a amplia\u00e7\u00e3o da rede de abastecimento de \u00e1gua em dezenas de cidades; de mobilidade, pavimenta\u00e7\u00e3o asf\u00e1ltica, al\u00e9m de novas escolas, e outras obras que abrangem os setores da seguran\u00e7a e da cultura.<\/p>\n<p><strong>CARIRI EM A\u00c7\u00c3O<\/strong><\/p>\n<p><em>Com Portal Para\u00edba\u00a0<\/em><\/p>\n<p><strong>Leia mais not\u00edcias em\u00a0<\/strong><a href=\"http:\/\/www.caririemacao.com\/\"><strong>caririemacao.com<\/strong><\/a><strong>, siga nossa p\u00e1gina no\u00a0<\/strong><a href=\"https:\/\/www.facebook.com\/CaririEmAcao\/?ref=aymt_homepage_panel\"><strong>Facebook<\/strong><\/a>,<strong>\u00a0<\/strong><a href=\"https:\/\/www.instagram.com\/cariri_em_acao\/?hl=pt-br\"><strong>Instagram<\/strong><\/a><strong>\u00a0e <\/strong><a href=\"https:\/\/www.youtube.com\/channel\/UCAptA0jQuYQy8vMhLt2m4qg\"><strong>Youtube<\/strong><\/a><strong>\u00a0e veja nossas mat\u00e9rias, v\u00eddeos e fotos. Voc\u00ea tamb\u00e9m pode enviar informa\u00e7\u00f5es \u00e0 Reda\u00e7\u00e3o do Portal Cariri em A\u00e7\u00e3o pelo WhatsApp (83) 9 9634.5791, (83) 9 9601-1162.<\/strong><\/p>\n","protected":false},"excerpt":{"rendered":"<p>O governador Ricardo Coutinho lan\u00e7a, nesta segunda-feira (19), o Programa Mais Trabalho 2, que prev\u00ea a execu\u00e7\u00e3o de um pacote de obras que visam a&hellip; <\/p>\n","protected":false},"author":2,"featured_media":33979,"comment_status":"closed","ping_status":"closed","sticky":false,"template":"","format":"standard","meta":{"sfsi_plus_gutenberg_text_before_share":"","sfsi_plus_gutenberg_show_text_before_share":"","sfsi_plus_gutenberg_icon_type":"","sfsi_plus_gutenberg_icon_alignemt":"","sfsi_plus_gutenburg_max_per_row":"","footnotes":""},"categories":[11],"tags":[],"class_list":["post-41415","post","type-post","status-publish","format-standard","has-post-thumbnail","hentry","category-politica"],"_links":{"self":[{"href":"https:\/\/www.caririemacao.com\/1\/wp-json\/wp\/v2\/posts\/41415","targetHints":{"allow":["GET"]}}],"collection":[{"href":"https:\/\/www.caririemacao.com\/1\/wp-json\/wp\/v2\/posts"}],"about":[{"href":"https:\/\/www.caririemacao.com\/1\/wp-json\/wp\/v2\/types\/post"}],"author":[{"embeddable":true,"href":"https:\/\/www.caririemacao.com\/1\/wp-json\/wp\/v2\/users\/2"}],"replies":[{"embeddable":true,"href":"https:\/\/www.caririemacao.com\/1\/wp-json\/wp\/v2\/comments?post=41415"}],"version-history":[{"count":0,"href":"https:\/\/www.caririemacao.com\/1\/wp-json\/wp\/v2\/posts\/41415\/revisions"}],"wp:featuredmedia":[{"embeddable":true,"href":"https:\/\/www.caririemacao.com\/1\/wp-json\/wp\/v2\/media\/33979"}],"wp:attachment":[{"href":"https:\/\/www.caririemacao.com\/1\/wp-json\/wp\/v2\/media?parent=41415"}],"wp:term":[{"taxonomy":"category","embeddable":true,"href":"https:\/\/www.caririemacao.com\/1\/wp-json\/wp\/v2\/categories?post=41415"},{"taxonomy":"post_tag","embeddable":true,"href":"https:\/\/www.caririemacao.com\/1\/wp-json\/wp\/v2\/tags?post=41415"}],"curies":[{"name":"wp","href":"https:\/\/api.w.org\/{rel}","templated":true}]}}