{"id":41417,"date":"2018-02-18T23:43:34","date_gmt":"2018-02-19T02:43:34","guid":{"rendered":"http:\/\/caririemacao.com\/1\/?p=41417"},"modified":"2018-02-18T23:43:34","modified_gmt":"2018-02-19T02:43:34","slug":"deputados-paraibanos-devem-aproveitar-janela-partidaria-para-mudar-de-partidos","status":"publish","type":"post","link":"https:\/\/www.caririemacao.com\/1\/2018\/02\/18\/deputados-paraibanos-devem-aproveitar-janela-partidaria-para-mudar-de-partidos\/","title":{"rendered":"Deputados paraibanos devem aproveitar \u201cjanela partid\u00e1ria\u201d para mudar de partidos"},"content":{"rendered":"<p>Aos menos treze dos atuais deputados estaduais paraibanos devem aproveitar a janela partid\u00e1ria , que come\u00e7a no dia 7 de mar\u00e7o e vai at\u00e9 7 de abril , para mudarem de partidos. Nessa rela\u00e7\u00e3o est\u00e3o os deputados estaduais Eliza Virginia, Lindolfo Pires, Edmilson Soares, Branco Mendes, Janduhy Carneiro, Antonio Mineral, Tr\u00f3colli J\u00fanior, Jullys Roberto, In\u00e1cio Falc\u00e3o, Galego de Sousa, Jo\u00e3o Henrique, Nabor Wanderley e Ti\u00e3o Gomes.<\/p>\n<p>Nessa rela\u00e7\u00e3o, a exce\u00e7\u00e3o dos deputados Eliza Virginia, Janduhy Carneiro e Jo\u00e3o Henrique, que s\u00e3o da bancada de oposi\u00e7\u00e3o, os demais s\u00e3o aliados do governador Ricardo Coutinho, e todos eles ir\u00e3o se filiar a partidos pol\u00edticos 100% alinhados com o governo Estado. A surpresa entre os que dever\u00e3o mudar de legenda est\u00e3o os deputados Antonio Mineral, ainda filiado do PSDB, e nesse caso rompe definitivamente com o senador C\u00e1ssio Cunha Lima, Jullys Roberto, que era do PEN, mudou para o PMDB e agora se afasta do comando do senador Jos\u00e9 Maranh\u00e3o, pr\u00e9-candidato ao governo do Estado.<\/p>\n<p>O senador Maranh\u00e3o tamb\u00e9m deve perder os aliados Nabor Wanderley, Hugo Mota e Veneziano Vital, al\u00e9m de Andr\u00e9 Amaral, que j\u00e1 comanda , atrav\u00e9s de indicados, o Pros.<\/p>\n<p>A Emenda Constitucional da \u2018janela partid\u00e1ria\u2019 foi promulgada em fevereiro de 2016 e abre uma janela 30 dias para a troca partid\u00e1ria para que pol\u00edticos detentores de mandatos eletivos proporcionais, deputados estaduais, federais e vereadores, possam mudar de partido sem a perda do cargo, sem puni\u00e7\u00e3o por infidelidade partid\u00e1ria.<\/p>\n<p>O texto \u00e9 derivado da Emenda \u00e0 Constitui\u00e7\u00e3o (PEC) 113\/2015, origin\u00e1ria da C\u00e2mara dos Deputados (onde tramitou como PEC 182\/2007). A promulga\u00e7\u00e3o ocorreu em r\u00e1pida sess\u00e3o no Plen\u00e1rio do Senado, dirigida pelo 1\u00ba vice-presidente da Mesa do Congresso, deputado federal Waldir Maranh\u00e3o (PP-MA). A senadora Rose de Freitas (PMDB-ES), 2\u00aa vice-presidente, fez a leitura oficial do texto da emenda promulgada.<\/p>\n<p>A janela partid\u00e1ria era apenas um dos pontos da PEC 113\/2015, que trata mais amplamente da reforma pol\u00edtica. O restante dos itens foi desmembrado e continua tramitando na Comiss\u00e3o de Constitui\u00e7\u00e3o, Justi\u00e7a e Cidadania (CCJ) do Senado. Entre os pontos a serem analisados, est\u00e1 a possibilidade do fim de reelei\u00e7\u00e3o para presidente, governador e prefeito.<\/p>\n<p>O relator da mat\u00e9ria na CCJ, senador Raimundo Lira (PMDB-PB), explicou \u00e0 \u00e9poca que s\u00f3 havia consenso para que fosse votado ainda em 2016, na comiss\u00e3o, o artigo referente \u00e0 janela eleitoral.<\/p>\n<p>Pela legisla\u00e7\u00e3o anterior, os parlamentares s\u00f3 podiam mudar de legenda, sem correr risco de perder o mandato, se fossem para um partido rec\u00e9m-criado. O entendimento era de que o mandato pertence ao partido que elegeu o candidato. Senadores, prefeitos e governadores, no entanto, n\u00e3o est\u00e3o sujeitos a essa regra, pois s\u00e3o titulares de cargos majorit\u00e1rios.<\/p>\n<p>Na pr\u00e1tica, portanto, os partidos contemplados agora com filia\u00e7\u00f5es de novos deputados federais n\u00e3o v\u00e3o se beneficiar com mais recursos nem adicional de tempo de r\u00e1dio e televis\u00e3o nos dois pr\u00f3ximos pleitos \u2014 as elei\u00e7\u00f5es de outubro pr\u00f3ximo (prefeitos e vereadores) e o pleito geral de 2018 (presidente, governadores, deputados federais e estaduais).<\/p>\n<p>Um dos interesses na troca de partido nesse momento s\u00e3o as elei\u00e7\u00f5es de outubro deste ano. Os atuais deputados federais e estaduais, por exemplo, ganham condi\u00e7\u00f5es de viabilizar suas candidaturas ao cargo de prefeito por meio de legendas mais estruturadas ou que estejam mais afinadas com suas ideias, sem o risco da perda de mandato.<\/p>\n<p><strong>CARIRI EM A\u00c7\u00c3O<\/strong><\/p>\n<p><em>Com Wscom \/Foto: Reprodu\u00e7\u00e3o Internet<\/em><\/p>\n<p><strong>Leia mais not\u00edcias em\u00a0<\/strong><a href=\"http:\/\/www.caririemacao.com\/\"><strong>caririemacao.com<\/strong><\/a><strong>, siga nossa p\u00e1gina no\u00a0<\/strong><a href=\"https:\/\/www.facebook.com\/CaririEmAcao\/?ref=aymt_homepage_panel\"><strong>Facebook<\/strong><\/a>,<strong>\u00a0<\/strong><a href=\"https:\/\/www.instagram.com\/cariri_em_acao\/?hl=pt-br\"><strong>Instagram<\/strong><\/a><strong>\u00a0e <\/strong><a href=\"https:\/\/www.youtube.com\/channel\/UCAptA0jQuYQy8vMhLt2m4qg\"><strong>Youtube<\/strong><\/a><strong>\u00a0e veja nossas mat\u00e9rias, v\u00eddeos e fotos. Voc\u00ea tamb\u00e9m pode enviar informa\u00e7\u00f5es \u00e0 Reda\u00e7\u00e3o do Portal Cariri em A\u00e7\u00e3o pelo WhatsApp (83) 9 9634.5791, (83) 9 9601-1162.<\/strong><\/p>\n","protected":false},"excerpt":{"rendered":"<p>Aos menos treze dos atuais deputados estaduais paraibanos devem aproveitar a janela partid\u00e1ria , que come\u00e7a no dia 7 de mar\u00e7o e vai at\u00e9 7&hellip; <\/p>\n","protected":false},"author":2,"featured_media":41418,"comment_status":"closed","ping_status":"closed","sticky":false,"template":"","format":"standard","meta":{"sfsi_plus_gutenberg_text_before_share":"","sfsi_plus_gutenberg_show_text_before_share":"","sfsi_plus_gutenberg_icon_type":"","sfsi_plus_gutenberg_icon_alignemt":"","sfsi_plus_gutenburg_max_per_row":"","footnotes":""},"categories":[11],"tags":[],"class_list":["post-41417","post","type-post","status-publish","format-standard","has-post-thumbnail","hentry","category-politica"],"_links":{"self":[{"href":"https:\/\/www.caririemacao.com\/1\/wp-json\/wp\/v2\/posts\/41417","targetHints":{"allow":["GET"]}}],"collection":[{"href":"https:\/\/www.caririemacao.com\/1\/wp-json\/wp\/v2\/posts"}],"about":[{"href":"https:\/\/www.caririemacao.com\/1\/wp-json\/wp\/v2\/types\/post"}],"author":[{"embeddable":true,"href":"https:\/\/www.caririemacao.com\/1\/wp-json\/wp\/v2\/users\/2"}],"replies":[{"embeddable":true,"href":"https:\/\/www.caririemacao.com\/1\/wp-json\/wp\/v2\/comments?post=41417"}],"version-history":[{"count":0,"href":"https:\/\/www.caririemacao.com\/1\/wp-json\/wp\/v2\/posts\/41417\/revisions"}],"wp:featuredmedia":[{"embeddable":true,"href":"https:\/\/www.caririemacao.com\/1\/wp-json\/wp\/v2\/media\/41418"}],"wp:attachment":[{"href":"https:\/\/www.caririemacao.com\/1\/wp-json\/wp\/v2\/media?parent=41417"}],"wp:term":[{"taxonomy":"category","embeddable":true,"href":"https:\/\/www.caririemacao.com\/1\/wp-json\/wp\/v2\/categories?post=41417"},{"taxonomy":"post_tag","embeddable":true,"href":"https:\/\/www.caririemacao.com\/1\/wp-json\/wp\/v2\/tags?post=41417"}],"curies":[{"name":"wp","href":"https:\/\/api.w.org\/{rel}","templated":true}]}}